{"id":450944,"date":"2025-09-26T03:03:15","date_gmt":"2025-09-26T03:03:15","guid":{"rendered":"https:\/\/www.europesays.com\/de\/450944\/"},"modified":"2025-09-26T03:03:15","modified_gmt":"2025-09-26T03:03:15","slug":"vfb-stuttgart-startet-mit-sieg-in-die-europa-league","status":"publish","type":"post","link":"https:\/\/www.europesays.com\/de\/450944\/","title":{"rendered":"VfB Stuttgart startet mit Sieg in die Europa League"},"content":{"rendered":"\n<p>Der VfB Stuttgart hat seine Europapokal-Reise mit einem wichtigen Erfolg er\u00f6ffnet und kommt in der neuen Saison immer besser in Schwung.<\/p>\n<p>Die Mannschaft von Trainer Sebastian Hoene\u00df gewann zum Auftakt der Ligaphase in der Europa League verdient mit 2:1 (0:0) gegen den spanischen Erstligisten Celta Vigo, nach dem durchwachsenen Saisonstart zeigt die Formkurve des Pokalsiegers damit wieder nach oben.<\/p>\n<p>Badredine Bouanani (51.) auf Vorlage von Torh\u00fcter Alexander N\u00fcbel und Bilal El Khannouss (68.) sorgten mit ihren Treffern f\u00fcr den zweiten Sieg in Folge und belohnten den VfB f\u00fcr einen insgesamt \u00fcberzeugenden Auftritt, auch wenn Borja Iglesias (86.) die G\u00e4ste noch einmal heranbrachte.<\/p>\n<p>Bereits in der kommenden Woche (Donnerstag, 21.00 Uhr) ist Stuttgart am zweiten Spieltag beim FC Basel zu Gast, am Sonntag (17.30 Uhr\/DAZN) steht zun\u00e4chst die Liga-Partie beim 1. FC K\u00f6ln an.<\/p>\n<p>Nach dem Aus in der Ligaphase der Champions League in der vergangenen Saison war die Vorfreude auf die n\u00e4chste Europapokal-Teilnahme beim VfB riesig. Die Mannschaft sei &#8222;hei\u00df auf die n\u00e4chste internationale Reise&#8220;, sagte Hoene\u00df, der in seiner Startaufstellung erneut auf Atakan Karazor verzichtete.<\/p>\n<p>Video: N\u00fcbel-Assist und frecher Lupfer: Der VfB legt vor!<\/p>\n<p>Der Stammkapit\u00e4n wurde wie schon beim 2:0 in der Liga gegen den FC St. Pauli vom 20 Jahre alten Chema Andr\u00e9s auf die Bank verdr\u00e4ngt &#8211; und der Neuzugang rechtfertigte das Vertrauen beinahe umgehend.<\/p>\n<p>Video: 2:0! VfB-Star macht es wie Robben<\/p>\n<p>Nach nur neun Minuten verpassten sowohl Chema als auch Jamie Leweling bei einer Doppelchance die F\u00fchrung f\u00fcr den VfB, der in der Folge zwar klar die Kontrolle \u00fcbernahm, jedoch zu selten gef\u00e4hrlich wurde.<\/p>\n<p>Vigo, das in der spanischen Liga nach sechs Spieltagen noch ohne Sieg dasteht, hatte mit der Vielzahl an Stuttgarter Flanken nur wenig Probleme. Erst kurz vor der Pause wurde der VfB zwingender &#8211; und nahm diesen Schwung mit in die zweite Halbzeit.<\/p>\n<p><a href=\"https:\/\/plus.rtl.de\/themenwelt\/bundesliga?utm_campaign=bannerlink&amp;utm_source=sportde&amp;utm_medium=owned&amp;utm_position=article\" target=\"_blank\" rel=\"noopener\"><img decoding=\"async\" src=\"https:\/\/www.europesays.com\/de\/wp-content\/uploads\/2025\/08\/6x3x_4c6G1t_l.jpg\"\/><\/a><\/p>\n<p>N\u00fcbel spielte von der eigenen Strafraumkante einen perfekten Pass in den Lauf von Bouanani, der den Ball mit dem ersten Kontakt \u00fcber Vigos Torwart Ionut Radu ins Tor hob. Der Treffer brachte dem VfB zus\u00e4tzliche Sicherheit. Stuttgart spielte nun noch befreiter auf &#8211; und legte in Person von El Khannouss nach. Kurz vor Schluss leitete ein Ballverlust des eingewechselten Karazor das unn\u00f6tige Gegentor ein.<\/p>\n","protected":false},"excerpt":{"rendered":"Der VfB Stuttgart hat seine Europapokal-Reise mit einem wichtigen Erfolg er\u00f6ffnet und kommt in der neuen Saison immer&hellip;\n","protected":false},"author":2,"featured_media":450945,"comment_status":"","ping_status":"","sticky":false,"template":"","format":"standard","meta":{"footnotes":""},"categories":[136],"tags":[29,5855,347,30,114876,265,863,36412,887,2915],"class_list":{"0":"post-450944","1":"post","2":"type-post","3":"status-publish","4":"format-standard","5":"has-post-thumbnail","7":"category-sport","8":"tag-deutschland","9":"tag-europa-league","10":"tag-fussball","11":"tag-germany","12":"tag-rc-celta","13":"tag-sport","14":"tag-sport-allgemein","15":"tag-sport-de-breaking-news","16":"tag-top-fussball","17":"tag-vfb-stuttgart"},"share_on_mastodon":{"url":"https:\/\/pubeurope.com\/@de\/115268380884939225","error":""},"_links":{"self":[{"href":"https:\/\/www.europesays.com\/de\/wp-json\/wp\/v2\/posts\/450944","targetHints":{"allow":["GET"]}}],"collection":[{"href":"https:\/\/www.europesays.com\/de\/wp-json\/wp\/v2\/posts"}],"about":[{"href":"https:\/\/www.europesays.com\/de\/wp-json\/wp\/v2\/types\/post"}],"author":[{"embeddable":true,"href":"https:\/\/www.europesays.com\/de\/wp-json\/wp\/v2\/users\/2"}],"replies":[{"embeddable":true,"href":"https:\/\/www.europesays.com\/de\/wp-json\/wp\/v2\/comments?post=450944"}],"version-history":[{"count":0,"href":"https:\/\/www.europesays.com\/de\/wp-json\/wp\/v2\/posts\/450944\/revisions"}],"wp:featuredmedia":[{"embeddable":true,"href":"https:\/\/www.europesays.com\/de\/wp-json\/wp\/v2\/media\/450945"}],"wp:attachment":[{"href":"https:\/\/www.europesays.com\/de\/wp-json\/wp\/v2\/media?parent=450944"}],"wp:term":[{"taxonomy":"category","embeddable":true,"href":"https:\/\/www.europesays.com\/de\/wp-json\/wp\/v2\/categories?post=450944"},{"taxonomy":"post_tag","embeddable":true,"href":"https:\/\/www.europesays.com\/de\/wp-json\/wp\/v2\/tags?post=450944"}],"curies":[{"name":"wp","href":"https:\/\/api.w.org\/{rel}","templated":true}]}}