{"id":450946,"date":"2025-09-26T03:04:12","date_gmt":"2025-09-26T03:04:12","guid":{"rendered":"https:\/\/www.europesays.com\/de\/450946\/"},"modified":"2025-09-26T03:04:12","modified_gmt":"2025-09-26T03:04:12","slug":"hayley-hasselhoff-ueber-den-tod-ihrer-mutter-mama-war-der-groesste-sonnenschein-fuer-mich-unterhaltung","status":"publish","type":"post","link":"https:\/\/www.europesays.com\/de\/450946\/","title":{"rendered":"Hayley Hasselhoff \u00fcber den Tod ihrer Mutter: \u201eMama war der gr\u00f6\u00dfte Sonnenschein f\u00fcr mich\u201c | Unterhaltung"},"content":{"rendered":"<p><b>Vor sieben Monaten musste Hayley Hasselhoff einen tragischen Verlust verkraften: Ihre geliebte Mutter Pamela Bach nahm sich das Leben. Tieftraurig fand sie Trost bei ihrer Familie und st\u00fcrzte sich in die Arbeit als Plus-Size-Model.<\/b><\/p>\n<p>Nun hat sie ihr L\u00e4cheln wiedergefunden und verr\u00e4t BILD, wie ihre Mutter sie ermutigte, das Leben zu feiern.<\/p>\n<p><b>Erfahren Sie mit BILDplus, wie Hayley Hasselhoff den Weg aus der Trauer fand und welche Rolle ihre verstorbene Mutter weiterhin in ihrem Leben spielt.<\/b><\/p>\n","protected":false},"excerpt":{"rendered":"Vor sieben Monaten musste Hayley Hasselhoff einen tragischen Verlust verkraften: Ihre geliebte Mutter Pamela Bach nahm sich das&hellip;\n","protected":false},"author":2,"featured_media":450947,"comment_status":"","ping_status":"","sticky":false,"template":"","format":"standard","meta":{"footnotes":""},"categories":[155],"tags":[29,20531,214,30,116489,116490,1268,6927,1922,45,215],"class_list":{"0":"post-450946","1":"post","2":"type-post","3":"status-publish","4":"format-standard","5":"has-post-thumbnail","7":"category-unterhaltung","8":"tag-deutschland","9":"tag-dirndl","10":"tag-entertainment","11":"tag-germany","12":"tag-hasselhoff-david","13":"tag-kurven-model","14":"tag-muenchen","15":"tag-oktoberfest","16":"tag-roocks-sarina","17":"tag-texttospeech","18":"tag-unterhaltung"},"share_on_mastodon":{"url":"https:\/\/pubeurope.com\/@de\/115268384473262517","error":""},"_links":{"self":[{"href":"https:\/\/www.europesays.com\/de\/wp-json\/wp\/v2\/posts\/450946","targetHints":{"allow":["GET"]}}],"collection":[{"href":"https:\/\/www.europesays.com\/de\/wp-json\/wp\/v2\/posts"}],"about":[{"href":"https:\/\/www.europesays.com\/de\/wp-json\/wp\/v2\/types\/post"}],"author":[{"embeddable":true,"href":"https:\/\/www.europesays.com\/de\/wp-json\/wp\/v2\/users\/2"}],"replies":[{"embeddable":true,"href":"https:\/\/www.europesays.com\/de\/wp-json\/wp\/v2\/comments?post=450946"}],"version-history":[{"count":0,"href":"https:\/\/www.europesays.com\/de\/wp-json\/wp\/v2\/posts\/450946\/revisions"}],"wp:featuredmedia":[{"embeddable":true,"href":"https:\/\/www.europesays.com\/de\/wp-json\/wp\/v2\/media\/450947"}],"wp:attachment":[{"href":"https:\/\/www.europesays.com\/de\/wp-json\/wp\/v2\/media?parent=450946"}],"wp:term":[{"taxonomy":"category","embeddable":true,"href":"https:\/\/www.europesays.com\/de\/wp-json\/wp\/v2\/categories?post=450946"},{"taxonomy":"post_tag","embeddable":true,"href":"https:\/\/www.europesays.com\/de\/wp-json\/wp\/v2\/tags?post=450946"}],"curies":[{"name":"wp","href":"https:\/\/api.w.org\/{rel}","templated":true}]}}