{"id":450954,"date":"2025-09-26T03:08:15","date_gmt":"2025-09-26T03:08:15","guid":{"rendered":"https:\/\/www.europesays.com\/de\/450954\/"},"modified":"2025-09-26T03:08:15","modified_gmt":"2025-09-26T03:08:15","slug":"experten-warnen-vor-klima-turbo-drei-grad-waermer-bis-2050-was-wuerde-das-fuer-deutschland-bedeuten","status":"publish","type":"post","link":"https:\/\/www.europesays.com\/de\/450954\/","title":{"rendered":"Experten warnen vor Klima-Turbo: Drei Grad w\u00e4rmer bis 2050 &#8211; was w\u00fcrde das f\u00fcr Deutschland bedeuten?"},"content":{"rendered":"<p>                    Experten warnen vor Klima-Turbo<br \/>\n                Drei Grad w\u00e4rmer bis 2050 &#8211; was w\u00fcrde das f\u00fcr Deutschland bedeuten?<\/p>\n<p>\t\t\t\t\t              \tVon Oliver Scheel<br \/>\n\t\t\t\t              25.09.2025, 17:31 Uhr<\/p>\n<p>\t\t\t\t\t       Artikel anh\u00f6ren<\/p>\n<p>\t\t\t\t\t\t\tDiese Audioversion wurde k\u00fcnstlich generiert. <a href=\"https:\/\/www.n-tv.de\/23249898\" target=\"_blank\" rel=\"noopener\">Mehr Infos<\/a><\/p>\n<p><strong>Die Erde k\u00f6nnte sich in den kommenden Jahren deutlich schneller erw\u00e4rmen als bisher gedacht, warnen deutsche Forscher.<br \/>\nBis 2050 k\u00f6nnte die Temperatur im Schnitt um drei Grad angestiegen sein. Ob es so weit kommt, ist umstritten, doch die Folgen w\u00e4ren katastrophal.<\/strong><\/p>\n<p>Leben wir schon im Jahr 2050 in einer um drei Grad erw\u00e4rmten Welt? Dieses Szenario ver\u00f6ffentlichten die Deutsche Meteorologische Gesellschaft (DMG) und die Deutsche Physikalische Gesellschaft (DPG) aktuell auf dem Extremwetterkongress in Hamburg. &#8222;Die globale Erw\u00e4rmung beschleunigt sich in gef\u00e4hrlicher Weise&#8220;, hei\u00dft es in der <a href=\"https:\/\/www.dmg-ev.de\/wp-content\/uploads\/2025\/09\/dpg-pm-xx_Klimaaufruf_pressemitteilung.pdf\" rel=\"Follow noopener\" target=\"_blank\">Mitteilung<\/a>.<\/p>\n<p>Die Mitteilung hat gro\u00dfes Aufsehen und eine Diskussion erzeugt &#8211; aus zweierlei Gr\u00fcnden: Bisher gingen die Experten davon aus, dass wir etwa auf einem 2,7-Grad-Kurs sind, und das bis 2100 und nicht schon bis 2050. Und Deutschland und Europa erw\u00e4rmen sich st\u00e4rker als der Rest der Welt. Eine globale Erw\u00e4rmung um drei Grad w\u00fcrde f\u00fcr Deutschland f\u00fcnf oder gar sechs Grad mehr bedeuten. Unvorstellbar.<\/p>\n<p>Viele Experten bleiben skeptisch <\/p>\n<p>Viele Experten sind daher skeptisch und zweifeln an einer solch dramatischen Erderw\u00e4rmung. &#8222;Ich halte eine Erw\u00e4rmung um drei Grad Celsius bis 2050 nicht f\u00fcr unm\u00f6glich, aber doch f\u00fcr sehr unwahrscheinlich&#8220;, sagte Helge G\u00f6\u00dfling vom Alfred-Wegener-Institut in Bremerhaven. Denn dann m\u00fcsste sich die Erw\u00e4rmungsrate mehr als verdoppeln, fast verdreifachen.<\/p>\n<p>Das sieht auch Karsten Haustein vom Meteorologischen Institut der Universit\u00e4t Leipzig so: &#8222;Die drei Grad Celsius bis 2050 halte ich f\u00fcr schwierig, da der Temperaturanstieg sich auf deutlich \u00fcber 0,5 Grad pro Dekade erh\u00f6hen m\u00fcsste. Aber selbst 2 bis 2,5 Grad im Jahr 2050 sind kein Grund zum Zur\u00fccklehnen. Ganz im Gegenteil&#8220;, warnte er.<\/p>\n<p>Wie sieht Leben in einer Drei-Grad-Welt aus?<\/p>\n<p>Wie aber w\u00fcrde unser Leben in einer Drei-Grad-Welt aussehen? Meteorologen und Wissenschaftler scheuen solch d\u00fcstere Blicke in die Zukunft, aber sicher ist: angenehm wird es nicht. Diese Szenarien sind realistisch:<\/p>\n<ul>\n<li>Hitzewellen werden neue, unfassbare Temperaturen mit sich bringen. Temperaturen von 50 Grad in Metropolen wie Neu-Delhi erscheinen m\u00f6glich. Und diese Hitzewellen kommen immer h\u00e4ufiger und sie bleiben l\u00e4nger, werden damit intensiver. Auch in Deutschland.<\/li>\n<li>Wissenschaftlichen Berechnungen zufolge wird es in der Drei-Grad-Welt Hitzewellen, die derzeit nur alle 25 Jahre vorkommen, dann alle zwei Jahre geben.<\/li>\n<li>Hei\u00dfe Sommertage k\u00f6nnen gegen\u00fcber der vorindustriellen Zeit um zehn Grad w\u00e4rmer ausfallen und damit zu einer erheblich gr\u00f6\u00dferen Gesundheitsbelastung werden.<\/li>\n<li>Viele Forscher gehen davon aus, dass bei einer Erw\u00e4rmung von drei Grad der komplette Westantarktische Eisschild verschwindet. Allein dadurch k\u00f6nnte der Meeresspiegel um f\u00fcnf Meter steigen. S\u00e4mtliche K\u00fcstenst\u00e4dte dieser Erde w\u00e4ren bedroht. Die deutsche K\u00fcste w\u00e4re wohl massiv betroffen, die Halligen w\u00e4ren verschwunden, das Wattenmeer auch. Das norddeutsche Tiefland durch Deiche zu sch\u00fctzen, ist eine milliardenschwere Aufgabe.<\/li>\n<li>Wir werden in einer Welt der sich ausbreitenden W\u00fcsten leben. Das wiederum bedeutet: weniger Anbaufl\u00e4chen f\u00fcr Getreide. Au\u00dferdem wird die Hitzetoleranz von Mais und Soja \u00fcberschritten, Ernteertr\u00e4ge k\u00f6nnen deutlich einbrechen, Nahrungsmittelknappheit wird m\u00f6glich. Die Temperaturen f\u00fcr Weizen sind heute schon in S\u00fcddeutschland ertragsmindernd.<\/li>\n<li>In einer Drei-Grad-Welt verschwinden fast alle europ\u00e4ischen Gletscher &#8211; die Bew\u00e4sserung von Ackerland wird schwieriger, weil das Schmelzwasser aus den Bergen fehlt. Auch das wird deutsche Fl\u00fcsse und die Landwirtschaft betreffen.<\/li>\n<li>Da durch die Erw\u00e4rmung mehr Energie in der Atmosph\u00e4re ist, werden Hochwasser, Starkregen und Fluten zunehmen.<\/li>\n<li>Sturmfluten werden heftiger ausfallen &#8211; auch in Deutschland.<\/li>\n<li>Der Amazonas-Regenwald kommt an seine Grenzen. M\u00f6glicherweise geht er in einer Drei-Grad-Welt durch Br\u00e4nde verloren und wird zur Steppe.<\/li>\n<\/ul>\n<p>F\u00fcr Europa gibt es dann aber noch ein ganz anderes Szenario: Der Golfstrom k\u00f6nnte versiegen, mit kaum zu kalkulierenden Folgen f\u00fcr Nord- und Mitteleuropa: Es w\u00fcrde unfassbar kalte Winter geben mit kaum vorstellbaren Extremwettern.<\/p>\n<p>So oder so: Es muss gehandelt werden<\/p>\n<p>Ob die drei Grad kommen oder etwas weniger: es ist auf jeden Fall h\u00f6chste Zeit zu handeln. &#8222;Die Beschleunigung der globalen Erw\u00e4rmung ist derart schnell, dass wir aus der Klimakurve fliegen&#8220;, sagte Frank B\u00f6ttcher, Vorsitzender der Deutschen Meteorologischen Gesellschaft und Veranstalter des Kongresses in Hamburg. &#8222;Wir brauchen entschlossenes Handeln: Klimaschutz, um die Erderw\u00e4rmung zu bremsen, und gleichzeitig Anpassung, um die Folgen besser bew\u00e4ltigen zu k\u00f6nnen&#8220;, erg\u00e4nzte Tobias Fuchs vom Deutschen Wetterdienst.<\/p>\n<\/p>\n<p>Am Ende ist jedes Zehntelgrad Erw\u00e4rmung eine enorme Belastung f\u00fcr die Menschen. Schlie\u00dflich sind im Rekordsommer 2024 laut einer aktuellen Studie mehr als 62.000 Menschen an den Folgen extremer Hitze in Europa gestorben. Besonders \u00e4ltere Menschen sind Hitzewellen oft schutzlos ausgesetzt &#8211; und die werden zunehmen. Denn das Klimasystem ist tr\u00e4ge: &#8222;Selbst wenn wir sofort aufh\u00f6ren w\u00fcrden, Treibhausgase freizusetzen, w\u00fcrde die Erw\u00e4rmung noch etliche Jahrzehnte andauern&#8220;, warnte Christian Franzke von der Universit\u00e4t Busan in S\u00fcdkorea.<\/p>\n<p>Und je w\u00e4rmer es wird, umso teurer sind die Folgekosten: Bis 2050 k\u00f6nnten die Klimasch\u00e4den auf bis zu 900 Milliarden Euro steigen, gleichzeitig seien Milliardeninvestitionen in die Klimaanpassung n\u00f6tig, warnte Claudia Kemfert vom Deutschen Institut f\u00fcr Wirtschaftsforschung auf dem Kongress in Hamburg. Klimaschutz aber lohne sich: &#8222;Jeder investierte Euro bringt 1,80 bis 4,80 Euro zur\u00fcck, vor allem, weil enorme Sch\u00e4den verhindert werden.&#8220;<\/p>\n","protected":false},"excerpt":{"rendered":"Experten warnen vor Klima-Turbo Drei Grad w\u00e4rmer bis 2050 &#8211; was w\u00fcrde das f\u00fcr Deutschland bedeuten? Von Oliver&hellip;\n","protected":false},"author":2,"featured_media":450955,"comment_status":"","ping_status":"","sticky":false,"template":"","format":"standard","meta":{"footnotes":""},"categories":[2],"tags":[752,29,951,30,13,1548,952,14,15,12,10,8,9,11],"class_list":{"0":"post-450954","1":"post","2":"type-post","3":"status-publish","4":"format-standard","5":"has-post-thumbnail","7":"category-deutschland","8":"tag-bildung","9":"tag-deutschland","10":"tag-erderwaermung","11":"tag-germany","12":"tag-headlines","13":"tag-klimaschutz","14":"tag-klimawandel","15":"tag-nachrichten","16":"tag-news","17":"tag-schlagzeilen","18":"tag-top-news","19":"tag-top-meldungen","20":"tag-topmeldungen","21":"tag-topnews"},"share_on_mastodon":{"url":"https:\/\/pubeurope.com\/@de\/115268400091893140","error":""},"_links":{"self":[{"href":"https:\/\/www.europesays.com\/de\/wp-json\/wp\/v2\/posts\/450954","targetHints":{"allow":["GET"]}}],"collection":[{"href":"https:\/\/www.europesays.com\/de\/wp-json\/wp\/v2\/posts"}],"about":[{"href":"https:\/\/www.europesays.com\/de\/wp-json\/wp\/v2\/types\/post"}],"author":[{"embeddable":true,"href":"https:\/\/www.europesays.com\/de\/wp-json\/wp\/v2\/users\/2"}],"replies":[{"embeddable":true,"href":"https:\/\/www.europesays.com\/de\/wp-json\/wp\/v2\/comments?post=450954"}],"version-history":[{"count":0,"href":"https:\/\/www.europesays.com\/de\/wp-json\/wp\/v2\/posts\/450954\/revisions"}],"wp:featuredmedia":[{"embeddable":true,"href":"https:\/\/www.europesays.com\/de\/wp-json\/wp\/v2\/media\/450955"}],"wp:attachment":[{"href":"https:\/\/www.europesays.com\/de\/wp-json\/wp\/v2\/media?parent=450954"}],"wp:term":[{"taxonomy":"category","embeddable":true,"href":"https:\/\/www.europesays.com\/de\/wp-json\/wp\/v2\/categories?post=450954"},{"taxonomy":"post_tag","embeddable":true,"href":"https:\/\/www.europesays.com\/de\/wp-json\/wp\/v2\/tags?post=450954"}],"curies":[{"name":"wp","href":"https:\/\/api.w.org\/{rel}","templated":true}]}}