{"id":450967,"date":"2025-09-26T03:16:11","date_gmt":"2025-09-26T03:16:11","guid":{"rendered":"https:\/\/www.europesays.com\/de\/450967\/"},"modified":"2025-09-26T03:16:11","modified_gmt":"2025-09-26T03:16:11","slug":"moenchengladbach-vor-der-stichwahl-2025-portraet-christof-wellens-cdu","status":"publish","type":"post","link":"https:\/\/www.europesays.com\/de\/450967\/","title":{"rendered":"M\u00f6nchengladbach vor der Stichwahl 2025: Portr\u00e4t Christof Wellens (CDU)"},"content":{"rendered":"<p class=\"text_ohne_einzug richtext text-em-55 !leading-serif mx-6 desktop:mx-0\">Es gab im Vorfeld dieser <a href=\"https:\/\/rp-online.de\/thema\/kommunalwahl\/\" target=\"_blank\" rel=\"noopener\">Kommunalwahl<\/a> manche \u00dcberraschungen. Eine davon war, dass Christof Wellens als Oberb\u00fcrgermeister-Kandidat der <a href=\"https:\/\/rp-online.de\/thema\/cdu\/\" target=\"_blank\" rel=\"noopener\">CDU<\/a> ins Rennen ging. \u00dcberraschend war das, weil kaum jemand den Juristen als politischen Akteur auf dem Schirm hatte. Christdemokrat ist der 62-J\u00e4hrige zwar schon seit 1997, aber parteipolitisch oder gar in politischen \u00c4mtern ist er nie in Erscheinung getreten. Das ganz bewusst, wie er offen einr\u00e4umt. Vielleicht ist auch deshalb das Logo der CDU auf seinen Stichwahl-Plakaten nicht zu finden. Er sei kein Politiker, wolle es auch gar nicht sein, betont Wellens. Auch als Oberb\u00fcrgermeister werde er sich, sollte er die Stichwahl gewinnen, vor allem als Leiter der Stadtverwaltung begreifen. Das Feld der Repr\u00e4sentanz mit den vielen Terminen wolle er den B\u00fcrgermeistern und Bezirksvorstehern \u00fcberlassen.<\/p>\n","protected":false},"excerpt":{"rendered":"Es gab im Vorfeld dieser Kommunalwahl manche \u00dcberraschungen. Eine davon war, dass Christof Wellens als Oberb\u00fcrgermeister-Kandidat der CDU&hellip;\n","protected":false},"author":2,"featured_media":450968,"comment_status":"","ping_status":"","sticky":false,"template":"","format":"standard","meta":{"footnotes":""},"categories":[1849],"tags":[10614,3364,29,548,663,3934,30,13,51982,4455,14,15,1209,3748,2403,116511,25502,92632,12,116512,7557,45058,100683],"class_list":{"0":"post-450967","1":"post","2":"type-post","3":"status-publish","4":"format-standard","5":"has-post-thumbnail","7":"category-moenchengladbach","8":"tag-bewusst","9":"tag-de","10":"tag-deutschland","11":"tag-eu","12":"tag-europa","13":"tag-europe","14":"tag-germany","15":"tag-headlines","16":"tag-heinrichs","17":"tag-moenchengladbach","18":"tag-nachrichten","19":"tag-news","20":"tag-nordrhein-westfalen","21":"tag-oberbuergermeister","22":"tag-partei","23":"tag-parteipolitisch","24":"tag-politischen","25":"tag-positionen","26":"tag-schlagzeilen","27":"tag-selbstbewusst","28":"tag-stadtverwaltung","29":"tag-stichwahl","30":"tag-wellens"},"share_on_mastodon":{"url":"https:\/\/pubeurope.com\/@de\/115268431625932051","error":""},"_links":{"self":[{"href":"https:\/\/www.europesays.com\/de\/wp-json\/wp\/v2\/posts\/450967","targetHints":{"allow":["GET"]}}],"collection":[{"href":"https:\/\/www.europesays.com\/de\/wp-json\/wp\/v2\/posts"}],"about":[{"href":"https:\/\/www.europesays.com\/de\/wp-json\/wp\/v2\/types\/post"}],"author":[{"embeddable":true,"href":"https:\/\/www.europesays.com\/de\/wp-json\/wp\/v2\/users\/2"}],"replies":[{"embeddable":true,"href":"https:\/\/www.europesays.com\/de\/wp-json\/wp\/v2\/comments?post=450967"}],"version-history":[{"count":0,"href":"https:\/\/www.europesays.com\/de\/wp-json\/wp\/v2\/posts\/450967\/revisions"}],"wp:featuredmedia":[{"embeddable":true,"href":"https:\/\/www.europesays.com\/de\/wp-json\/wp\/v2\/media\/450968"}],"wp:attachment":[{"href":"https:\/\/www.europesays.com\/de\/wp-json\/wp\/v2\/media?parent=450967"}],"wp:term":[{"taxonomy":"category","embeddable":true,"href":"https:\/\/www.europesays.com\/de\/wp-json\/wp\/v2\/categories?post=450967"},{"taxonomy":"post_tag","embeddable":true,"href":"https:\/\/www.europesays.com\/de\/wp-json\/wp\/v2\/tags?post=450967"}],"curies":[{"name":"wp","href":"https:\/\/api.w.org\/{rel}","templated":true}]}}