{"id":451170,"date":"2025-09-26T05:13:26","date_gmt":"2025-09-26T05:13:26","guid":{"rendered":"https:\/\/www.europesays.com\/de\/451170\/"},"modified":"2025-09-26T05:13:26","modified_gmt":"2025-09-26T05:13:26","slug":"urteil-gegen-hanna-s-im-prozess-um-budapest-angriff-erwartet","status":"publish","type":"post","link":"https:\/\/www.europesays.com\/de\/451170\/","title":{"rendered":"Urteil gegen Hanna S. im Prozess um Budapest-Angriff erwartet"},"content":{"rendered":"<p>Mutma\u00dfliche Linksextremistin <\/p>\n<p>Urteil im Prozess gegen Hanna S. erwartet<\/p>\n<p>Aktualisiert am 26.09.2025 &#8211; 06:57 UhrLesedauer: 2 Min.<\/p>\n<p><a href=\"#focus-0\" class=\"transition-colors duration-200 block text-current relative\" data-sctrack=\"FocusGalleryImage.Reference\"><img fetchpriority=\"high\" data-testid=\"Opener.Image\" style=\"--lqipURL:url('https:\/\/images.t-online.de\/2025\/09\/eq7g0fyDl4Ts\/0x75:800x450\/fit-in\/150x0\/filters:blur(25)\/die-angeklagte-hanna-s-steht-beim-prozessauftakt-im-gerichtssaal-archivbild-die-30-jaehrige-steht-wegen-eines-brutalen-angriffs-in-budapest-vor-gericht.jpg')\"   loading=\"eager\" src=\"https:\/\/www.europesays.com\/de\/wp-content\/uploads\/2025\/09\/die-angeklagte-hanna-s-steht-beim-prozessauftakt-im-gerichtssaal-archivbild-die-30-jaehrige-steht-we.jpeg\" alt=\"Die Angeklagte Hanna S. steht beim Prozessauftakt im Gerichtssaal (Archivbild): Die 30-J\u00e4hrige steht wegen eines brutalen Angriffs in Budapest vor Gericht.\" title=\"Die Angeklagte Hanna S. steht beim Prozessauftakt im Gerichtssaal (Archivbild): Die 30-J\u00e4hrige steht wegen eines brutalen Angriffs in Budapest vor Gericht.\" width=\"800\" height=\"450\" class=\"bg-[url:var(--lqipURL)] bg-cover bg-center flex h-full w-full max-w-full\" decoding=\"async\"\/><img style=\"--width:32;--height:32\" loading=\"lazy\" src=\"https:\/\/www.t-online.de\/s\/paper\/_next\/static\/media\/zoom-in.f7dae02f.svg\" alt=\"Vergr\u00f6\u00dfern des Bildes\" title=\"Vergr\u00f6\u00dfern des Bildes\" class=\"block h-[calc(var(--height)_\/_16_*_1rem)] w-[calc(var(--width)_\/_16_*_1rem)] max-w-none absolute bottom-8 right-8 rounded-4 bg-snow p-8\" decoding=\"async\"\/><\/a><\/p>\n<p>Die Angeklagte Hanna S. steht beim Prozessauftakt im Gerichtssaal (Archivbild): Die 30-J\u00e4hrige steht wegen eines brutalen Angriffs in Budapest vor Gericht. (Quelle: Alf Meier\/dpa)<\/p>\n<p class=\"font-bold text-18 leading-17\">Hanna S. soll in Budapest Menschen brutal attackiert haben. Im Prozess gegen die N\u00fcrnbergerin soll nun ein Urteil fallen. Diese Strafe droht ihr.<\/p>\n<p class=\"text-18 leading-17\">Unterst\u00fctzer der Angeklagten haben eine Demonstration vor der Justizvollzugsanstalt Stadelheim angek\u00fcndigt, in deren Hochsicherheitssaal der Fall seit Februar dieses Jahres verhandelt wird. Der Vorwurf: Hanna S. soll im Februar 2023 gemeinsam mit weiteren mutma\u00dflichen Linksextremisten in Budapest Menschen brutal zusammengeschlagen haben, die sie dem rechtsextremen Spektrum zuordneten.<\/p>\n<p class=\"text-18 leading-17\">Das Gericht hatte allerdings bereits zu Prozessbeginn den Hinweis gegeben, der Vorwurf des versuchten Mordes sei wom\u00f6glich zu hoch gegriffen. Dennoch fordert die Bundesanwaltschaft neun Jahre Haft f\u00fcr die 30-J\u00e4hrige.<\/p>\n<p class=\"text-18 leading-17\">In Budapest kamen zu dem Zeitpunkt zum sogenannten &#8222;Tag der Ehre&#8220; Rechtsextremisten aus ganz Europa zusammen, um des Ausbruchsversuchs der deutschen Wehrmacht, der Waffen-SS und ihrer ungarischen Kollaborateure aus der von der Roten Armee belagerten Stadt zu gedenken. Ein &#8222;Neonazi-Schaulaufen&#8220;, hatte Verteidiger Yunus Ziyal das Event zum Beginn des Prozesses genannt. &#8222;Es handelt sich um das derzeit gr\u00f6\u00dfte Massenevent der extremen Rechten.&#8220;<\/p>\n<p class=\"text-18 leading-17\">Der Angeklagten wird neben versuchtem Mord auch gef\u00e4hrliche K\u00f6rperverletzung und die Mitgliedschaft in einer kriminellen Vereinigung vorgeworfen. Der Prozess findet vor dem Staatsschutzsenat des Oberlandesgerichts M\u00fcnchen statt.<\/p>\n","protected":false},"excerpt":{"rendered":"Mutma\u00dfliche Linksextremistin Urteil im Prozess gegen Hanna S. erwartet Aktualisiert am 26.09.2025 &#8211; 06:57 UhrLesedauer: 2 Min. Die&hellip;\n","protected":false},"author":2,"featured_media":451171,"comment_status":"","ping_status":"","sticky":false,"template":"","format":"standard","meta":{"footnotes":""},"categories":[1837],"tags":[722,3176,772,8012,18330,3364,29,30,19587,1268,3783,18329,3238],"class_list":{"0":"post-451170","1":"post","2":"type-post","3":"status-publish","4":"format-standard","5":"has-post-thumbnail","7":"category-nuernberg","8":"tag-722","9":"tag-3176","10":"tag-bayern","11":"tag-budapest","12":"tag-bundesanwaltschaft","13":"tag-de","14":"tag-deutschland","15":"tag-germany","16":"tag-hanna-s","17":"tag-muenchen","18":"tag-nuernberg","19":"tag-oberlandesgericht-muenchen","20":"tag-prozessauftakt"},"share_on_mastodon":{"url":"https:\/\/pubeurope.com\/@de\/115268891943282535","error":""},"_links":{"self":[{"href":"https:\/\/www.europesays.com\/de\/wp-json\/wp\/v2\/posts\/451170","targetHints":{"allow":["GET"]}}],"collection":[{"href":"https:\/\/www.europesays.com\/de\/wp-json\/wp\/v2\/posts"}],"about":[{"href":"https:\/\/www.europesays.com\/de\/wp-json\/wp\/v2\/types\/post"}],"author":[{"embeddable":true,"href":"https:\/\/www.europesays.com\/de\/wp-json\/wp\/v2\/users\/2"}],"replies":[{"embeddable":true,"href":"https:\/\/www.europesays.com\/de\/wp-json\/wp\/v2\/comments?post=451170"}],"version-history":[{"count":0,"href":"https:\/\/www.europesays.com\/de\/wp-json\/wp\/v2\/posts\/451170\/revisions"}],"wp:featuredmedia":[{"embeddable":true,"href":"https:\/\/www.europesays.com\/de\/wp-json\/wp\/v2\/media\/451171"}],"wp:attachment":[{"href":"https:\/\/www.europesays.com\/de\/wp-json\/wp\/v2\/media?parent=451170"}],"wp:term":[{"taxonomy":"category","embeddable":true,"href":"https:\/\/www.europesays.com\/de\/wp-json\/wp\/v2\/categories?post=451170"},{"taxonomy":"post_tag","embeddable":true,"href":"https:\/\/www.europesays.com\/de\/wp-json\/wp\/v2\/tags?post=451170"}],"curies":[{"name":"wp","href":"https:\/\/api.w.org\/{rel}","templated":true}]}}