{"id":451800,"date":"2025-09-26T11:13:11","date_gmt":"2025-09-26T11:13:11","guid":{"rendered":"https:\/\/www.europesays.com\/de\/451800\/"},"modified":"2025-09-26T11:13:11","modified_gmt":"2025-09-26T11:13:11","slug":"berlin-brandenburg-opfer-erkennt-verdaechtige-juwelenraeuberin-vor-gericht","status":"publish","type":"post","link":"https:\/\/www.europesays.com\/de\/451800\/","title":{"rendered":"Berlin &#038; Brandenburg: Opfer erkennt verd\u00e4chtige Juwelenr\u00e4uberin vor Gericht"},"content":{"rendered":"<p>                    Berlin &amp; Brandenburg<br \/>\n                Opfer erkennt verd\u00e4chtige Juwelenr\u00e4uberin vor Gericht<\/p>\n<p>\t\t\t\t              26.09.2025, 12:43 Uhr<\/p>\n<p><strong>Eine Frau gibt vor, einen teuren Ring kaufen zu wollen. Dann tauchen zwei M\u00e4nner auf und bedrohen den Juwelier mit einer Pistole. Vor dem Berliner Landgericht hat das Opfer jetzt gesprochen.<\/strong><\/p>\n<p>Berlin (dpa\/bb) &#8211; Im Prozess um einen \u00dcberfall auf einen Juwelier hat das Opfer als Zeuge ausgesagt. Der inzwischen 67-j\u00e4hrige Juwelier sagte als erster Zeuge, er erkenne die Angeklagte wieder &#8211; &#8222;eindeutig, sie war es&#8220;, erkl\u00e4rte er vor dem Berliner Landgericht. Ob sich die 29-J\u00e4hrige zu den Vorw\u00fcrfen \u00e4u\u00dfern wird, blieb zu Prozessbeginn zun\u00e4chst offen.<\/p>\n<p>Die Frau soll laut Anklage vor mehr als drei Jahren unter dem Vorwand, einen teuren Ring kaufen zu wollen, in das Gesch\u00e4ft gekommen sein. Zwei Komplizen seien ihr gefolgt, einer habe den Ladeninhaber geschlagen, mit einer Pistole bedroht und gefesselt. Das Trio soll Schmuck im Wert von rund 68.000 Euro sowie Bargeld in H\u00f6he von etwa 2.700 Euro erbeutet haben.\u00a0<\/p>\n<p>Die Frau war vor einem halben Jahr in Spanien festgenommen und nach Deutschland \u00fcberstellt worden. Sie befindet sich seitdem in Untersuchungshaft. Die Staatsanwaltschaft legt ihr schweren Raub und gef\u00e4hrliche K\u00f6rperverletzung zur Last. Die Identit\u00e4t der Komplizen ist bisher nicht bekannt.<\/p>\n<p>Zeuge: &#8222;Sie trug eine Per\u00fccke&#8220;<\/p>\n<p>Einige Wochen vor der Tat sei sie erstmals in seinem Gesch\u00e4ft in Berlin-Johannisthal gewesen und habe nach einer Halskette gefragt, berichtete der Ladeninhaber bei seiner Aussage weiter. Zu einem Kauf sei es nicht gekommen.<\/p>\n<p>Am 8. September 2022 habe die Frau erneut vor seinem Gesch\u00e4ft gestanden und habe geklingelt, so der Zeuge. &#8222;Ich h\u00e4tte sie beinahe nicht erkannt, weil sie eine Per\u00fccke trug.&#8220; Ein Mann sei dann aufgetaucht, habe ihn geschlagen. Er sei gezwungen worden, Schl\u00fcssel f\u00fcr Vitrinen und Panzerschrank herauszugeben. Den Schmuck h\u00e4tten die insgesamt drei T\u00e4ter in Reisetaschen gesteckt und seien geflohen. Seit der Tat leide er unter Angstzust\u00e4nden &#8211; &#8222;bis heute geht es mir schlecht&#8220;, sagte der Zeuge. Sein Gesch\u00e4ft habe er inzwischen aufgegeben.<\/p>\n<p>F\u00fcr den Prozess gegen die 29-J\u00e4hrige sind zwei weitere Verhandlungstage bis zum 10. Oktober terminiert.<\/p>\n","protected":false},"excerpt":{"rendered":"Berlin &amp; Brandenburg Opfer erkennt verd\u00e4chtige Juwelenr\u00e4uberin vor Gericht 26.09.2025, 12:43 Uhr Eine Frau gibt vor, einen teuren&hellip;\n","protected":false},"author":2,"featured_media":451801,"comment_status":"","ping_status":"","sticky":false,"template":"","format":"standard","meta":{"footnotes":""},"categories":[1816],"tags":[1960,1958,1959,1957,296,1956,1890,29,2690,30,116642,19170],"class_list":{"0":"post-451800","1":"post","2":"type-post","3":"status-publish","4":"format-standard","5":"has-post-thumbnail","7":"category-brandenburg","8":"tag-aktuelle-nachrichten-aus-berlin-und-brandenburg","9":"tag-aktuelle-nachrichten-aus-brandenburg","10":"tag-aktuelle-news-aus-berlin-und-brandenburg","11":"tag-aktuelle-news-aus-brandenburg","12":"tag-berlin","13":"tag-berlin-und-brandenburg","14":"tag-brandenburg","15":"tag-deutschland","16":"tag-gericht","17":"tag-germany","18":"tag-juwelenraeuberin","19":"tag-opfer"},"share_on_mastodon":{"url":"https:\/\/pubeurope.com\/@de\/115270307552795294","error":""},"_links":{"self":[{"href":"https:\/\/www.europesays.com\/de\/wp-json\/wp\/v2\/posts\/451800","targetHints":{"allow":["GET"]}}],"collection":[{"href":"https:\/\/www.europesays.com\/de\/wp-json\/wp\/v2\/posts"}],"about":[{"href":"https:\/\/www.europesays.com\/de\/wp-json\/wp\/v2\/types\/post"}],"author":[{"embeddable":true,"href":"https:\/\/www.europesays.com\/de\/wp-json\/wp\/v2\/users\/2"}],"replies":[{"embeddable":true,"href":"https:\/\/www.europesays.com\/de\/wp-json\/wp\/v2\/comments?post=451800"}],"version-history":[{"count":0,"href":"https:\/\/www.europesays.com\/de\/wp-json\/wp\/v2\/posts\/451800\/revisions"}],"wp:featuredmedia":[{"embeddable":true,"href":"https:\/\/www.europesays.com\/de\/wp-json\/wp\/v2\/media\/451801"}],"wp:attachment":[{"href":"https:\/\/www.europesays.com\/de\/wp-json\/wp\/v2\/media?parent=451800"}],"wp:term":[{"taxonomy":"category","embeddable":true,"href":"https:\/\/www.europesays.com\/de\/wp-json\/wp\/v2\/categories?post=451800"},{"taxonomy":"post_tag","embeddable":true,"href":"https:\/\/www.europesays.com\/de\/wp-json\/wp\/v2\/tags?post=451800"}],"curies":[{"name":"wp","href":"https:\/\/api.w.org\/{rel}","templated":true}]}}