{"id":451842,"date":"2025-09-26T11:38:13","date_gmt":"2025-09-26T11:38:13","guid":{"rendered":"https:\/\/www.europesays.com\/de\/451842\/"},"modified":"2025-09-26T11:38:13","modified_gmt":"2025-09-26T11:38:13","slug":"dennis-schroeder-em-held-zu-traenen-geruehrt","status":"publish","type":"post","link":"https:\/\/www.europesays.com\/de\/451842\/","title":{"rendered":"Dennis Schr\u00f6der: EM-Held zu Tr\u00e4nen ger\u00fchrt"},"content":{"rendered":"<p class=\"text_ohne_einzug richtext text-em-55 !leading-serif mx-6 desktop:mx-0\">Der Mann der Stunde l\u00fcftete den Schleier h\u00f6chstpers\u00f6nlich, \u201eDennis-Schr\u00f6der-Halle\u201c prangte dort oben in gro\u00dfen Lettern. Auch nach all den Medaillen und Titeln war dem Anf\u00fchrer der Basketball-Europameister anzusehen, wie viel es ihm bedeutete, seiner alten Schulsporthalle in <a href=\"https:\/\/rp-online.de\/thema\/braunschweig\/\" rel=\"nofollow noopener\" target=\"_blank\">Braunschweig<\/a> seinen Namen zu schenken. Schon bald flossen Tr\u00e4nen.<\/p>\n","protected":false},"excerpt":{"rendered":"Der Mann der Stunde l\u00fcftete den Schleier h\u00f6chstpers\u00f6nlich, \u201eDennis-Schr\u00f6der-Halle\u201c prangte dort oben in gro\u00dfen Lettern. Auch nach all&hellip;\n","protected":false},"author":2,"featured_media":451843,"comment_status":"","ping_status":"","sticky":false,"template":"","format":"standard","meta":{"footnotes":"","_share_on_mastodon":"0"},"categories":[1850],"tags":[29134,2493,116661,6429,3364,19696,29,35206,548,663,3934,30,116660,4062,13,12515,14,1787,15,1411,12,26686,41198,26687],"class_list":["post-451842","post","type-post","status-publish","format-standard","has-post-thumbnail","category-braunschweig","tag-schulsporthalle","tag-basketball","tag-basketballfoerderprogramm","tag-braunschweig","tag-de","tag-dennis-schroeder","tag-deutschland","tag-empfang","tag-eu","tag-europa","tag-europe","tag-germany","tag-geruehrt","tag-halle","tag-headlines","tag-heimat","tag-nachrichten","tag-namen","tag-news","tag-niedersachsen","tag-schlagzeilen","tag-sporthalle","tag-traenen","tag-turnhalle"],"share_on_mastodon":{"url":"https:\/\/pubeurope.com\/@de\/115270405592906247","error":""},"_links":{"self":[{"href":"https:\/\/www.europesays.com\/de\/wp-json\/wp\/v2\/posts\/451842","targetHints":{"allow":["GET"]}}],"collection":[{"href":"https:\/\/www.europesays.com\/de\/wp-json\/wp\/v2\/posts"}],"about":[{"href":"https:\/\/www.europesays.com\/de\/wp-json\/wp\/v2\/types\/post"}],"author":[{"embeddable":true,"href":"https:\/\/www.europesays.com\/de\/wp-json\/wp\/v2\/users\/2"}],"replies":[{"embeddable":true,"href":"https:\/\/www.europesays.com\/de\/wp-json\/wp\/v2\/comments?post=451842"}],"version-history":[{"count":0,"href":"https:\/\/www.europesays.com\/de\/wp-json\/wp\/v2\/posts\/451842\/revisions"}],"wp:featuredmedia":[{"embeddable":true,"href":"https:\/\/www.europesays.com\/de\/wp-json\/wp\/v2\/media\/451843"}],"wp:attachment":[{"href":"https:\/\/www.europesays.com\/de\/wp-json\/wp\/v2\/media?parent=451842"}],"wp:term":[{"taxonomy":"category","embeddable":true,"href":"https:\/\/www.europesays.com\/de\/wp-json\/wp\/v2\/categories?post=451842"},{"taxonomy":"post_tag","embeddable":true,"href":"https:\/\/www.europesays.com\/de\/wp-json\/wp\/v2\/tags?post=451842"}],"curies":[{"name":"wp","href":"https:\/\/api.w.org\/{rel}","templated":true}]}}