{"id":451907,"date":"2025-09-26T12:16:14","date_gmt":"2025-09-26T12:16:14","guid":{"rendered":"https:\/\/www.europesays.com\/de\/451907\/"},"modified":"2025-09-26T12:16:14","modified_gmt":"2025-09-26T12:16:14","slug":"philharmonie-essen-bietet-in-essen-konzerte-vor-ort-theater-und-philharmonie-essen-gmbh-story-3","status":"publish","type":"post","link":"https:\/\/www.europesays.com\/de\/451907\/","title":{"rendered":"Philharmonie Essen bietet in Essen Konzerte vor Ort, Theater und Philharmonie Essen GmbH, Story"},"content":{"rendered":"<p>F\u00fcr die Philharmonie Essen ist das Wirken in die Stadt hinein ein zunehmend wichtiges Anliegen. Vor diesem Hintergrund stehen unter dem Titel\u00a0<b>\u201ePhilharmonie vor Ort\u201c<\/b>\u00a0vom\u00a0<b>5. bis 11. Oktober 2025\u00a0<\/b>zum siebten MalKammerkonzerte in unterschiedlichen Einrichtungen im Essener Stadtgebiet auf dem Programm \u2013 von einer Suppenk\u00fcche des Caritasverbands \u00fcber ein Berufskolleg bis hin zu einem \u00dcbergangswohnheim f\u00fcr Gefl\u00fcchtete. Mit dem Angebot sollen Menschen erreicht werden, die selten die Gelegenheit haben, ein Live-Konzert zu erleben. Die Harfenistin Miroslava Stareychinska pr\u00e4sentiert an insgesamt zehn Terminen ein abwechslungsreiches Programm, das Werke von Johann Sebastian Bach, Charles Gounod, Duke Ellington bis hin zu Paul McCartney umfasst. Interessierte sind bei freiem Eintritt herzlich willkommen zu den Auftritten in der Suppenk\u00fcche des Caritasverbands (6. Oktober, 9:30 Uhr), in der CVJM Essen Sozialwerk gGmbH (6. Oktober, 14:00 Uhr), im \u00dcbergangswohnheim f\u00fcr Fl\u00fcchtlinge des Diakoniewerks Essen (7. Oktober, 15:00 Uhr), im Julius-Leber-Haus (8. Oktober, 14:00 Uhr), im B\u00fcrgerhaus Oststadt (8. Oktober, 16:00 Uhr), bei der Caritas SkF Essen, Treffpunkt Steele (11. Oktober, 11:00 Uhr) und im Forum Billebrinkh\u00f6he (11. Oktober, 16:00 Uhr).<\/p>\n<p>Alle Konzerttermine:<\/p>\n<p>Sonntag, 05.10.2025<br \/>15:00 Uhr: Hospiz Cosmas und Damian<br \/>Laarmannstr. 14, 45359 Essen<\/p>\n<p>Montag, 06.10.2025<br \/>09:30 Uhr: Caritasverband f\u00fcr die Stadt Essen e.V.<br \/>Suppenk\u00fcche und Fr\u00fchst\u00fccksausgabe*<br \/>Steeler Stra\u00dfe 36. 45127 Essen<\/p>\n<p>Montag, 06.10.2025<br \/>14:00 Uhr: CVJM Essen Sozialwerk gGmbH*<br \/>Hindenburgstr. 59, 45127 Essen<\/p>\n<p>Dienstag, 07.10.2025<br \/>15:00 Uhr: Diakoniewerk Essen<br \/>\u00dcbergangswohnheim f\u00fcr Fl\u00fcchtlinge*<br \/>Papestr. 1-5, 45147 Essen<\/p>\n<p>Mittwoch, 08.10.2025<br \/>14:00 Uhr: Julius-Leber-Haus*<br \/>Meistersingerstr. 50, 45307 Essen<\/p>\n<p>Mittwoch, 08.10.2025<br \/>16:00 Uhr: B\u00fcrgerhaus Oststadt*<br \/>Schultenweg 37-41, 45279 Essen<\/p>\n<p>Donnerstag, 09.10.2025<br \/>09:30 Uhr: Berufskolleg im Bildungspark der Stadt Essen<br \/>Bl\u00fccherstra\u00dfe 1, 45141 Essen<\/p>\n<p>Donnerstag, 09.10.2025<br \/>14:00 Uhr: Jugendhilfe Essen gGmbH, Gervinusschule<br \/>Diergardtstr. 10, 45144 Essen<\/p>\n<p>Samstag, 11.10.2025<br \/>11:00 Uhr: Caritas Sozialdienst katholischer Frauen Essen, Treffpunkt Steele*<br \/>Bochumer Str. 37, 45276 Essen<\/p>\n<p>Samstag, 11.10.2025<br \/>16:00 Uhr: Forum Billebrinkh\u00f6he*<br \/>Billebrinkh\u00f6he 72, 45136 Essen<\/p>\n<p>* Zu diesen Konzerten sind Interessierte herzlich willkommen, eine Anmeldung ist nicht erforderlich. Der Eintritt ist frei.<\/p>\n","protected":false},"excerpt":{"rendered":"F\u00fcr die Philharmonie Essen ist das Wirken in die Stadt hinein ein zunehmend wichtiges Anliegen. Vor diesem Hintergrund&hellip;\n","protected":false},"author":2,"featured_media":128608,"comment_status":"","ping_status":"","sticky":false,"template":"","format":"standard","meta":{"footnotes":""},"categories":[1834],"tags":[108042,13097,36909,52032,2529,36741,3364,29,3688,5249,258,3236,12241,30,24081,7322,48013,1209,4983,116682],"class_list":{"0":"post-451907","1":"post","2":"type-post","3":"status-publish","4":"format-standard","5":"has-post-thumbnail","7":"category-essen","8":"tag-skf","9":"tag-bach","10":"tag-berufskolleg","11":"tag-bochumer","12":"tag-caritas","13":"tag-cvjm","14":"tag-de","15":"tag-deutschland","16":"tag-essen","17":"tag-fluechtlinge","18":"tag-forum","19":"tag-frauen","20":"tag-gefluechtete","21":"tag-germany","22":"tag-hospiz","23":"tag-julius","24":"tag-leber","25":"tag-nordrhein-westfalen","26":"tag-philharmonie","27":"tag-suppenkueche"},"share_on_mastodon":{"url":"https:\/\/pubeurope.com\/@de\/115270555112235822","error":""},"_links":{"self":[{"href":"https:\/\/www.europesays.com\/de\/wp-json\/wp\/v2\/posts\/451907","targetHints":{"allow":["GET"]}}],"collection":[{"href":"https:\/\/www.europesays.com\/de\/wp-json\/wp\/v2\/posts"}],"about":[{"href":"https:\/\/www.europesays.com\/de\/wp-json\/wp\/v2\/types\/post"}],"author":[{"embeddable":true,"href":"https:\/\/www.europesays.com\/de\/wp-json\/wp\/v2\/users\/2"}],"replies":[{"embeddable":true,"href":"https:\/\/www.europesays.com\/de\/wp-json\/wp\/v2\/comments?post=451907"}],"version-history":[{"count":0,"href":"https:\/\/www.europesays.com\/de\/wp-json\/wp\/v2\/posts\/451907\/revisions"}],"wp:featuredmedia":[{"embeddable":true,"href":"https:\/\/www.europesays.com\/de\/wp-json\/wp\/v2\/media\/128608"}],"wp:attachment":[{"href":"https:\/\/www.europesays.com\/de\/wp-json\/wp\/v2\/media?parent=451907"}],"wp:term":[{"taxonomy":"category","embeddable":true,"href":"https:\/\/www.europesays.com\/de\/wp-json\/wp\/v2\/categories?post=451907"},{"taxonomy":"post_tag","embeddable":true,"href":"https:\/\/www.europesays.com\/de\/wp-json\/wp\/v2\/tags?post=451907"}],"curies":[{"name":"wp","href":"https:\/\/api.w.org\/{rel}","templated":true}]}}