{"id":451911,"date":"2025-09-26T12:19:10","date_gmt":"2025-09-26T12:19:10","guid":{"rendered":"https:\/\/www.europesays.com\/de\/451911\/"},"modified":"2025-09-26T12:19:10","modified_gmt":"2025-09-26T12:19:10","slug":"borussia-dortmund-op-verschwiegen-bvb-neuzugang-fabio-silva-wehrt-sich","status":"publish","type":"post","link":"https:\/\/www.europesays.com\/de\/451911\/","title":{"rendered":"Borussia Dortmund: OP verschwiegen? BVB-Neuzugang Fabio Silva wehrt sich"},"content":{"rendered":"<p class=\"css-1q8kfuz\">Aktuelle News, Transfers und Ger\u00fcchte zum BVB im \u00dcberblick. Welcher Star wechselt? Welcher geht? Alle Informationen zu Borussia Dortmund.<\/p>\n<p class=\"css-1cmglxz\">Hier findet ihr aktuelle Transfer-News und Ger\u00fcchte rund um\u00a0<a data-li-document-ref=\"443219\" href=\"https:\/\/www.ran.de\/sports\/fussball\/bvb-borussia-dortmund\" target=\"_blank\" rel=\"noopener\">Borussia Dortmund<\/a>. Damit verpasst ihr keine wichtigen Nachrichten zum\u00a0BVB.<\/p>\n<p class=\"css-1cmglxz\">Ein \u00dcberblick zu den <a data-li-document-ref=\"384426\" href=\"https:\/\/www.ran.de\/sports\/fussball\/bundesliga\/news\/rb-leipzig-xavi-simons-im-anflug-auf-london-england-wechsel-vor-dem-abschluss-transfergeruechte-und-news-der-bundesliga-384426\" target=\"_blank\" rel=\"noopener\">Transferger\u00fcchten der Bundesliga <\/a>und <a data-li-document-ref=\"343680\" href=\"https:\/\/www.ran.de\/sports\/fussball\/news\/atalanta-coach-ledert-gegen-ademola-lookman-winter-wechsel-alternativlos-internationale-transfers-und-geruechte-im-ticker-343680\" target=\"_blank\" rel=\"noopener\">den internationalen Top-Ligen<\/a> findet ihr ebenfalls auf unserer Seite.<\/p>\n<p>+++ 26. September, 10:05 Uhr: BVB-Neuzugang Silva verteidigt sich gegen Vorw\u00fcrfe +++<\/p>\n<p class=\"css-1cmglxz\">Fabio Silvas Transfer zu Borussia Dortmund in diesem Sommer verlief alles andere als problemlos. Aufgrund einer\u00a0Adduktorenverletzung stand der Portugiese bislang noch nicht f\u00fcr den BVB auf dem Platz.<\/p>\n<p class=\"css-1cmglxz\">Nun reagierte der 23-J\u00e4hrige auf die j\u00fcngsten Vorw\u00fcrfe, er habe eine Operation an den Adduktoren verschwiegen. Die &#8222;Sport Bid&#8220; berichtete, die Dortmunder h\u00e4tten erst w\u00e4hrend des Medizinchecks von einer zuvor durchgef\u00fchrten Operation des Portugiesen erfahren.<\/p>\n<p class=\"css-1cmglxz\">&#8222;Die Situation war nicht so, wie sie in den Medien dargestellt wurde. Es stimmt zwar, dass ich mich in der vergangenen Saison einer Operation unterzogen habe. Es wurde aber nie etwas bewusst verheimlicht&#8220;, sagte er gegen\u00fcber den &#8222;Ruhr Nachrichten&#8220;: &#8222;Ich war zu dem Zeitpunkt der Operation Spieler von Wolverhampton. Und gemeinsam mit dem Verein und meinem Umfeld haben wir damals entschieden, keine Details \u00fcber die Verletzung oder den Eingriff \u00f6ffentlich zu machen.&#8220;<\/p>\n<p class=\"css-1cmglxz\">Der Offensivspieler verwies darauf, dass &#8222;der Eingriff schon \u00fcber zwei Monate her war, als der Kontakt mit dem BVB intensiver wurde&#8220;.\u00a0 Ohnehin sei es ihm in den Gespr\u00e4chen mit den BVB-Chefs darum gegangen, &#8222;ihnen zu zeigen, dass ich unbedingt nach Dortmund wechseln m\u00f6chte &#8211; trotz anderer Optionen und Ger\u00fcchte. Dass ich nicht sofort spielen konnte, war klar.&#8220;<\/p>\n<p>+++ 25. September, 10:05 Uhr: Hansi Flick m\u00f6chte offenbar\u00a0Serhou Guirassy nach Barcelona holen &#8211; 100 Millionen Euro Abl\u00f6se? +++<\/p>\n<p class=\"css-1cmglxz\">BVB-St\u00fcrmer Serhou Guirassy ist offenbar der gro\u00dfe Wunschspieler von Hansi Flick, dem Trainer des FC Barcelona. Nach Angaben des spanischen Portals &#8222;fichajes.net&#8220; soll Barcelona den Transfer des St\u00fcrmers f\u00fcr den kommenden Sommer zur obersten Priorit\u00e4t erkl\u00e4rt haben.<\/p>\n<p class=\"css-1cmglxz\">Der Plan sieht vor, dass Guirassy die Nachfolge von St\u00fcrmer Robert Lewandowski antritt. Obwohl der Pole in seinem bis 2026 laufenden Vertrag eine Option auf eine weitere Saison hat, wird seine Zeit bei Barca nach aktuellem Stand im kommenden Sommer enden.<\/p>\n<p class=\"css-1cmglxz\">F\u00fcr den BVB w\u00e4re der Verlust seiner &#8222;Lebensversicherung&#8220;, wie Trainer Niko Kova\u010d ihn mehrfach nannte, ein Super-GAU. In der vergangenen Saison erzielte Guirassy 38 Tore in 50 Pflichtspielen und bereitete neun weitere vor. Die Abl\u00f6se k\u00f6nnte Dortmund allerdings schwach werden lassen. Laut dem Bericht stehen 100 Millionen Euro im Raum.<\/p>\n<p class=\"css-1cmglxz\">Allerdings gibt es bei Barcelona wohl unterschiedliche Meinungen. Pr\u00e4sident Joan Laporta m\u00f6chte sich mit prominenten Transfers f\u00fcr eine weitere Amtszeit positionieren, doch der Name Guirassy scheint daf\u00fcr nicht bedeutend genug zu sein.<\/p>\n<p>Dieser Inhalt stammt von externen Anbietern wie Facebook, Instagram oder Youtube. Aktiviere bitte Personalisierte Anzeigen und Inhalte sowie Anbieter au\u00dferhalb des CMP Standards, um diese Inhalte anzuzeigen.Privatsph\u00e4re-Einstellungen+++ 24. September, 10:05 Uhr: N\u00e4chster \u00c4rger: BVB zieht wohl Konsequenzen\u00a0bei Nmecha +++<\/p>\n<p class=\"css-1cmglxz\"><strong>Update, 25.09., 18:30 Uhr:<\/strong> <a data-li-document-ref=\"593882\" href=\"https:\/\/www.ran.de\/sports\/fussball\/bundesliga\/news\/borussia-dortmund-alles-ganz-anders-bei-felix-nmecha-charlie-kirk-post-sorgt-weiter-fuer-verwirrung-593882\" target=\"_blank\" rel=\"noopener\">BVB: Neuer Wirbel um Felix Nmecha nach Charlie-Kirk-Post <\/a><\/p>\n<p class=\"css-1cmglxz\">Konsequenzen f\u00fcr Felix Nmecha. Der BVB-Profi, der zuletzt erneut mit einem heftig diskutierten Social-Media-Post f\u00fcr Aufsehen gesorgt hatte, muss laut &#8222;Sport Bild&#8220; seine Postings in Zukunft mit dem Klub abkl\u00e4ren.<\/p>\n<p class=\"css-1cmglxz\">Zwar unterst\u00fctze der Klub die freie Meinungs\u00e4u\u00dferung g\u00e4nzlich, Reaktionen auf seine Posts w\u00fcrden allerdings zu enormer Unruhe rund um den Verein f\u00fchren.<\/p>\n<p class=\"css-1cmglxz\">Bedeutet: Die Social-Media-Abteilung der Schwarz-Gelben muss seine Beitr\u00e4ge k\u00fcnftig absegnen und ihn bereits im Vorfeld \u00fcber die m\u00f6glichen Reaktionen seiner Meinungs\u00e4u\u00dferungen in Kenntnis setzen.<\/p>\n<p class=\"css-1cmglxz\">Der 24-J\u00e4hrige hatte k\u00fcrzlich in seiner Instagram-Story einen Beitrag geteilt, in dem er die Ermordung des ultra-rechten und Trump-nahen US-Aktivisten Charlie Kirk bedauerte. &#8222;Ruhe in Frieden mit dem Herrn&#8220;, formulierte der Fu\u00dfballprofi.<\/p>\n<p>Ousmane Dembele &#8211; seine besten BVB-Szenen im VIDEO<\/p>\n<p class=\"css-1cmglxz\">In einem weiteren, sp\u00e4ter gel\u00f6schten Post erkl\u00e4rte er, der f\u00fcr seine radikalen Positionen bekannte Kirk habe &#8222;friedlich f\u00fcr seine \u00dcberzeugungen und Werte eingestanden&#8220;.<\/p>\n<p class=\"css-1cmglxz\">Die \u00c4u\u00dferungen des Fu\u00dfballers hatten f\u00fcr einen \u00f6ffentlichen Aufschrei und viel Kritik gesorgt &#8211; und das nicht zum ersten Mal. Bereits im Sommer 2023, als Dortmund Nmecha vom VfL Wolfsburg verpflichtete, sorgte er f\u00fcr Aufsehen.<\/p>\n<p class=\"css-1cmglxz\">Seinerzeit hatte der strenggl\u00e4ubige Christ Beitr\u00e4ge geteilt, die von vielen Menschen als homophob und queerfeindlich angesehen wurden. Nmecha widersprach dem sp\u00e4ter.<\/p>\n<p>+++ 18. September, 15:42 Uhr: Guirassy wegen Elfmeter-Zoff ver\u00e4rgert +++<\/p>\n<p class=\"css-1cmglxz\">Kuriose Szene im Champions-League-Auftaktmatch von Borussia Dortmund bei Juventus Turin. Vor dem Handelfmeter, der dem BVB in der 86. Minute zugesprochen wurde, <a data-li-document-ref=\"590292\" href=\"https:\/\/www.ran.de\/sports\/fussball\/champions-league\/news\/borussia-dortmund-elfmeter-aerger-beim-bvb-guirassy-und-bensebaini-zoffen-sich-um-strafstoss-590292\" target=\"_blank\" rel=\"noopener\">kam es noch auf dem Feld zu einer Meinungsverschiedenheit zwischen Serhou Guirassy und Ramy Bensebaini.<\/a><\/p>\n<p class=\"css-1cmglxz\">Ersterer wollte sich den Ball nehmen und schie\u00dfen. Erst durch ein Einschreiten von Julian Brandt, Karim Adeyemi und Coach Niko Kovac soll Guirassy davon \u00fcberzeugt worden sein, Ramy Bensebaini den Strafsto\u00df zu \u00fcberlassen. Dieser verwandelte im Anschluss.<\/p>\n<p class=\"css-1cmglxz\">Beim Jubel zum zwischenzeitlichen 4:2 (Endstand: 4:4) wirkte es eigentlich so, als w\u00e4re alles wieder in Ordnung. Doch offenbar soll Guirassy auch nach der Partie noch verwundert und ver\u00e4rgert gewesen sein.<\/p>\n<p class=\"css-1cmglxz\">So soll es laut Berichten von &#8222;Sky&#8220; zu einer Aussprache zwischen Trainer Kovac, Bensebaini, Guirassy und sogar Sportdirektor Sebastian Kehl gekommen sein. Dort soll Guirassy seine Sicht der Dinge dargelegt haben.<\/p>\n<p class=\"css-1cmglxz\">Dennoch haben sich die Verantwortlichen darauf verst\u00e4ndigt, dass bis auf weiteres Bensebaini die Strafst\u00f6\u00dfe der Schwarz-Gelben treten wird &#8211; das best\u00e4tigte Kovac so auch bereits unmittelbar nach der Partie:<\/p>\n<p class=\"css-1cmglxz\">&#8222;Es war klar definiert, dass Ramy den Elfmeter schie\u00dfen soll, falls wir einen bekommen&#8220;, verriet Kovac nach der Partie gegen Turin. Au\u00dferdem sagte er: &#8222;Ramy ist jetzt die Nummer eins. Es sei denn, er ist irgendwann so nett und sagt: &#8218;Serhou, du kannst jetzt auch mal schie\u00dfen.&#8216; Eigentlich soll es der Ramy jetzt machen. Bis er vielleicht mal einen nicht reinmacht \u2013 was ich aber nicht glaube und nicht hoffe.&#8220;<\/p>\n<p class=\"css-1cmglxz\">Auch interessant: <a data-li-document-ref=\"592275\" href=\"https:\/\/www.ran.de\/sports\/fussball\/bundesliga\/news\/borussia-dortmund-nico-schlotterbecks-comeback-ist-ein-signal-an-den-fc-bayern-muenchen-592275\" target=\"_blank\" rel=\"noopener\">Borussia Dortmund: Nico Schlotterbeck &#8211; Sein Comeback ist ein Signal an den FC Bayern<\/a><\/p>\n<p>+++ 17. September, 09:46 Uhr: Das verdient Serhou Guirassy beim BVB +++<\/p>\n<p class=\"css-1cmglxz\">Serhou Guirassy ist aktuell in absoluter Topform. Der BVB-St\u00fcrmer ist in Dortmund nicht zu ersetzen und steht nach drei Bundesligaspielen bereits bei vier Saisontoren. Das Investment in H\u00f6he von 18 Millionen Euro Abl\u00f6sesumme aus dem Sommer 2024 hat sich also definitiv ausgezahlt.<\/p>\n<p class=\"css-1cmglxz\">So g\u00fcnstig war der St\u00fcrmer allerdings nur zu haben, weil er beim VfB Stuttgart eine Ausstiegsklausel im Vertrag verankert hatte. Da Guirassy auch wohl vom FC Bayern und anderen Vereinen umworben wurde, nutzte er diese Umst\u00e4nde, um sich ein \u00fcppiges Gehalt auszuhandeln &#8211; inklusive Bonuszahlungen.<\/p>\n<p class=\"css-1cmglxz\">Wie die &#8222;Sport Bild&#8220; berichtet, verdient Guirassy neun Millionen Euro Grundgehalt in Dortmund. Dazu kommt pro Punktgewinn, bei dem er den Gro\u00dfteil der 90 Minuten auf dem Platz steht, eine Summe von 15.000 Euro hinzu. Das gilt auch f\u00fcr Champions-League-Spiele. In der vergangenen Saison kamen so aus 26 Eins\u00e4tzen mit Punktgewinnen knapp eine Million Euro hinzu.<\/p>\n<p class=\"css-1cmglxz\">Diese Pr\u00e4mie bekommt dem Bericht zufolge aber jeder Spieler, Guirassy hat noch eine weitere exklusive Klausel: Gelingen dem St\u00fcrmer 20 Scorerpunkte in einer Saison, kassiert der 29-J\u00e4hrige weitere 250.000 Euro. In der vergangenen Saison schaffte er diese Marke locker (34 Tore, 9 Assists).<\/p>\n<p class=\"css-1cmglxz\">Mit weiteren Teampr\u00e4mien wie dem Erreichen des Viertelfinals der Champions League oder dem m\u00f6glichen Meistertitel kann Guirassy insgesamt neben seinen neun Millionen Grundgehalt bis zu zwei Millionen Euro in Bonuszahlungen einstreichen.<\/p>\n<p>+++ 15. September, 22:57 Uhr: Champions-League-Auftakt wohl ohne Pascal Gro\u00df +++<\/p>\n<p class=\"css-1cmglxz\">Borussia Dortmund muss aller Voraussicht nach beim Champions-League-Auftakt bei Juventus Turin am Dienstag auf Mittelfeldspieler Pascal Gro\u00df verzichten. Der Nationalspieler hat die Reise nach Italien nicht mit angetreten, weil er von Magen-Darm-Problemen geplagt wird.<\/p>\n<p class=\"css-1cmglxz\">&#8222;Wir werden sehen, ob er nicht noch dazukommen kann&#8220;, sagte Trainer Niko Kovac am Montagabend in Turin: &#8222;Es ging ihm die letzten beiden Tage nicht so gut, aber wir gehen davon aus, dass er vielleicht nachfliegen kann.&#8220;<\/p>\n<p class=\"css-1cmglxz\">Ein Einsatz von Anfang an ist angesichts der gesundheitlichen Probleme aber ausgeschlossen. &#8222;Wir haben einen sehr breiten und guten Kader&#8220;, betonte Kovac, der im zentralen Mittelfeld unter anderem Felix Nmecha, Marcel Sabitzer und Jobe Bellingham einsetzen k\u00f6nnte.<\/p>\n<p class=\"css-1cmglxz\">Die verletzten Emre Can und Nico Schlotterbeck hingegen reisten mit nach Turin. Dies sei laut Sport-Gesch\u00e4ftsf\u00fchrer Lars Ricken wichtig f\u00fcr die Mannschaft und die Spieler. &#8222;Das hat auch praktische Gr\u00fcnde, wir bleiben nach dem Spiel einen Tag l\u00e4nger und haben dann vor Ort noch ein Mannschaftstraining&#8220;, sagte Ricken: &#8222;Es ist ein gutes Zeichen an die Mannschaft, dass die beiden mitfliegen.&#8220;<\/p>\n<p>+++ 11. September, 19:57 Uhr: Wiederkehrende Schmerzen &#8211; droht Chukwuemeka Knie-OP? +++<\/p>\n<p class=\"css-1cmglxz\">Bei Borussia Dortmunds Carney Chukwuemeka treten wohl wiederkehrend Schmerzen im Knie auf, die laut &#8222;Ruhr Nachrichten&#8220; von einem losen Gelenk ausgel\u00f6st werden sollen.<\/p>\n<p class=\"css-1cmglxz\">Daher m\u00fcsse der Mittelfeldspieler regelm\u00e4\u00dfige Pausen einlegen, um die Belastung entsprechend zu steuern.<\/p>\n<p class=\"css-1cmglxz\">Eigentlich war deshalb dem Bericht nach schon vor dem Saisonstart ein Eingriff geplant. Allerdings konnte sich der Bundesligist erst sp\u00e4t im Transfersommer mit Chelsea auf einen erneuten Transfer des Engl\u00e4nders einigen.<\/p>\n<p class=\"css-1cmglxz\">Nun sei der Eingriff erst einmal verschoben worden, m\u00f6glicherweise nach dem letzten Spiel des BVB 2025 kurz vor Weihnachten.<\/p>\n<p>+++ 11. September, 07:15 Uhr: Silva-Operation soll Verkauf von Maximilian Beier verhindert haben +++<\/p>\n<p class=\"css-1cmglxz\">Kaum ist Fabio Silva in Dortmund, da f\u00e4llt der Neuzugang verletzt aus. Nach Informationen der &#8222;Bild&#8220; soll er sich unmittelbar vor dem Wechsel einer Operation unterzogen haben, was intern bei Sportchef Lars Ricken f\u00fcr \u00c4rger gesorgt haben soll.<\/p>\n<p class=\"css-1cmglxz\">Die Blessur hatte offenbar auch Auswirkungen auf die Personalplanung: Wie die &#8222;Ruhr Nachrichten&#8220; berichten, w\u00e4re Maximilian Beier (22) wohl nach England verkauft worden, wenn Silva von Beginn an einsatzbereit gewesen w\u00e4re. Durch dessen Ausfall mindestens bis Ende September verzichtete der BVB jedoch auf einen Transfer \u2013 trotz eines angeblichen Angebots von 70 Millionen Euro des FC Brentford.<\/p>\n<p class=\"css-1cmglxz\">Beier selbst sieht seinen Verbleib in Dortmund offenbar gelassen. Der deutsche Nationalspieler, der zuletzt beim 3:1-Sieg gegen Nordirland \u00fcberzeugte, soll ohnehin wenig Interesse an einem Wechsel auf die Insel haben.<\/p>\n<p class=\"css-1cmglxz\">Unterdessen l\u00e4uft der Vertrag von Niklas S\u00fcle (30) am Saisonende aus. Laut WAZ ist es eher unwahrscheinlich, dass der Innenverteidiger \u00fcber den Sommer hinaus eine Zukunft beim BVB hat.<\/p>\n<p>Borussia Dortmund: Die aktuellsten Transfers<\/p>\n","protected":false},"excerpt":{"rendered":"Aktuelle News, Transfers und Ger\u00fcchte zum BVB im \u00dcberblick. Welcher Star wechselt? Welcher geht? Alle Informationen zu Borussia&hellip;\n","protected":false},"author":2,"featured_media":451912,"comment_status":"","ping_status":"","sticky":false,"template":"","format":"standard","meta":{"footnotes":""},"categories":[1833],"tags":[888,403,3364,29,217,95170,30,22045,15,1209,8861,1288],"class_list":{"0":"post-451911","1":"post","2":"type-post","3":"status-publish","4":"format-standard","5":"has-post-thumbnail","7":"category-dortmund","8":"tag-borussia-dortmund","9":"tag-bvb","10":"tag-de","11":"tag-deutschland","12":"tag-dortmund","13":"tag-fabio-silva","14":"tag-germany","15":"tag-geruechte","16":"tag-news","17":"tag-nordrhein-westfalen","18":"tag-op","19":"tag-transfers"},"share_on_mastodon":{"url":"https:\/\/pubeurope.com\/@de\/115270566986965575","error":""},"_links":{"self":[{"href":"https:\/\/www.europesays.com\/de\/wp-json\/wp\/v2\/posts\/451911","targetHints":{"allow":["GET"]}}],"collection":[{"href":"https:\/\/www.europesays.com\/de\/wp-json\/wp\/v2\/posts"}],"about":[{"href":"https:\/\/www.europesays.com\/de\/wp-json\/wp\/v2\/types\/post"}],"author":[{"embeddable":true,"href":"https:\/\/www.europesays.com\/de\/wp-json\/wp\/v2\/users\/2"}],"replies":[{"embeddable":true,"href":"https:\/\/www.europesays.com\/de\/wp-json\/wp\/v2\/comments?post=451911"}],"version-history":[{"count":0,"href":"https:\/\/www.europesays.com\/de\/wp-json\/wp\/v2\/posts\/451911\/revisions"}],"wp:featuredmedia":[{"embeddable":true,"href":"https:\/\/www.europesays.com\/de\/wp-json\/wp\/v2\/media\/451912"}],"wp:attachment":[{"href":"https:\/\/www.europesays.com\/de\/wp-json\/wp\/v2\/media?parent=451911"}],"wp:term":[{"taxonomy":"category","embeddable":true,"href":"https:\/\/www.europesays.com\/de\/wp-json\/wp\/v2\/categories?post=451911"},{"taxonomy":"post_tag","embeddable":true,"href":"https:\/\/www.europesays.com\/de\/wp-json\/wp\/v2\/tags?post=451911"}],"curies":[{"name":"wp","href":"https:\/\/api.w.org\/{rel}","templated":true}]}}