{"id":451932,"date":"2025-09-26T12:31:10","date_gmt":"2025-09-26T12:31:10","guid":{"rendered":"https:\/\/www.europesays.com\/de\/451932\/"},"modified":"2025-09-26T12:31:10","modified_gmt":"2025-09-26T12:31:10","slug":"flughafen-muenchen-millionenbetrueger-bei-einreise-festgenommen-freising","status":"publish","type":"post","link":"https:\/\/www.europesays.com\/de\/451932\/","title":{"rendered":"Flughafen M\u00fcnchen: Millionenbetr\u00fcger bei Einreise festgenommen &#8211; Freising"},"content":{"rendered":"<p data-manual=\"paragraph\" data-schema-org-speakable=\"true\" class=\"css-xboolz\">Beamte der Bundespolizei haben am <a href=\"https:\/\/www.sueddeutsche.de\/thema\/Flughafen_M%C3%BCnchen\" target=\"_blank\" rel=\"noopener\">Flughafen M\u00fcnchen<\/a> einen international gesuchten Mann festgenommen. Nach einem Hinweis von Schweizer Beh\u00f6rden nahmen Bundespolizisten auf Anordnung der Generalstaatsanwaltschaft M\u00fcnchen am Dienstag einen 50 Jahre alten Iraner bei der Einreise fest. Der Mann steht unter dem Verdacht, zwischen Juni 2022 und August 2025 durch betr\u00fcgerische Anlagegesch\u00e4fte einen Schaden in zweistelliger Millionenh\u00f6he verursacht zu haben.<\/p>\n<p data-manual=\"paragraph\" data-schema-org-speakable=\"true\" class=\"css-xboolz\">Nach seiner Festnahme wurde er dem Ermittlungsrichter in Landshut vorgef\u00fchrt. Der Richter ordnete seine vorl\u00e4ufige Inhaftierung in der JVA Landshut an, bis das Oberlandesgericht M\u00fcnchen \u00fcber eine Auslieferungshaft entschieden hat.<\/p>\n","protected":false},"excerpt":{"rendered":"Beamte der Bundespolizei haben am Flughafen M\u00fcnchen einen international gesuchten Mann festgenommen. Nach einem Hinweis von Schweizer Beh\u00f6rden&hellip;\n","protected":false},"author":2,"featured_media":451933,"comment_status":"","ping_status":"","sticky":false,"template":"","format":"standard","meta":{"footnotes":""},"categories":[1827],"tags":[772,29,10647,15139,30,24069,1268,2339,11336,149,13708],"class_list":{"0":"post-451932","1":"post","2":"type-post","3":"status-publish","4":"format-standard","5":"has-post-thumbnail","7":"category-muenchen","8":"tag-bayern","9":"tag-deutschland","10":"tag-flughafen-muenchen","11":"tag-freising","12":"tag-germany","13":"tag-landkreis-freising","14":"tag-muenchen","15":"tag-oberbayern","16":"tag-polizei-und-feuerwehr-in-bayern","17":"tag-sueddeutsche-zeitung","18":"tag-verkehr-in-bayern"},"share_on_mastodon":{"url":"https:\/\/pubeurope.com\/@de\/115270614018221595","error":""},"_links":{"self":[{"href":"https:\/\/www.europesays.com\/de\/wp-json\/wp\/v2\/posts\/451932","targetHints":{"allow":["GET"]}}],"collection":[{"href":"https:\/\/www.europesays.com\/de\/wp-json\/wp\/v2\/posts"}],"about":[{"href":"https:\/\/www.europesays.com\/de\/wp-json\/wp\/v2\/types\/post"}],"author":[{"embeddable":true,"href":"https:\/\/www.europesays.com\/de\/wp-json\/wp\/v2\/users\/2"}],"replies":[{"embeddable":true,"href":"https:\/\/www.europesays.com\/de\/wp-json\/wp\/v2\/comments?post=451932"}],"version-history":[{"count":0,"href":"https:\/\/www.europesays.com\/de\/wp-json\/wp\/v2\/posts\/451932\/revisions"}],"wp:featuredmedia":[{"embeddable":true,"href":"https:\/\/www.europesays.com\/de\/wp-json\/wp\/v2\/media\/451933"}],"wp:attachment":[{"href":"https:\/\/www.europesays.com\/de\/wp-json\/wp\/v2\/media?parent=451932"}],"wp:term":[{"taxonomy":"category","embeddable":true,"href":"https:\/\/www.europesays.com\/de\/wp-json\/wp\/v2\/categories?post=451932"},{"taxonomy":"post_tag","embeddable":true,"href":"https:\/\/www.europesays.com\/de\/wp-json\/wp\/v2\/tags?post=451932"}],"curies":[{"name":"wp","href":"https:\/\/api.w.org\/{rel}","templated":true}]}}