{"id":451961,"date":"2025-09-26T12:48:23","date_gmt":"2025-09-26T12:48:23","guid":{"rendered":"https:\/\/www.europesays.com\/de\/451961\/"},"modified":"2025-09-26T12:48:23","modified_gmt":"2025-09-26T12:48:23","slug":"hertha-endspiel-in-nuernberg-leitl-und-klose-bei-krisenduellim-fokus","status":"publish","type":"post","link":"https:\/\/www.europesays.com\/de\/451961\/","title":{"rendered":"Hertha-Endspiel in N\u00fcrnberg? Leitl und Klose bei Krisenduellim Fokus"},"content":{"rendered":"<p>TM-Analyse zum Krisenduell\u00a0<\/p>\n<p>                                    <img decoding=\"async\" src=\"https:\/\/www.europesays.com\/de\/wp-content\/uploads\/2025\/09\/stefan-leitl-miroslav-klose-imago1059090098-1758872759-178648.jpg\" title=\"Hertha-Endspiel in N\u00fcrnberg? Leitl und Klose bei Krisenduellim Fokus \" alt=\"Hertha-Endspiel in N\u00fcrnberg? Leitl und Klose bei Krisenduellim Fokus \"\/><\/p>\n<p>\n                                       \u00a9IMAGO\n                                    <\/p>\n<p>Mit dem <a title=\"1.FC N\u00fcrnberg\" href=\"https:\/\/www.transfermarkt.de\/1fc-n-rnberg\/startseite\/verein\/4\" target=\"_blank\" rel=\"noopener\">1. FC N\u00fcrnberg<\/a> und <a title=\"Hertha BSC\" href=\"https:\/\/www.transfermarkt.de\/hertha-bsc\/startseite\/verein\/44\" target=\"_blank\" rel=\"noopener\">Hertha BSC<\/a> treffen am Sonntag zwei Teams aufeinander, die vor der Saison zum erweiterten Kreis der Aufstiegsanw\u00e4rter in der <a title=\"2. Bundesliga\" href=\"https:\/\/www.transfermarkt.de\/2-bundesliga\/startseite\/wettbewerb\/L2\" target=\"_blank\" rel=\"noopener\">2. Bundesliga<\/a> z\u00e4hlten. Beide Traditionsklubs blieben bis dato jedoch weit hinter den Erwartungen zur\u00fcck, sodass das Kr\u00e4ftemessen am 7. Spieltag zum echten Krisenduell wird. Nicht wenige sprechen von einem Endspiel f\u00fcr die Trainer <a title=\"Miroslav Klose\" href=\"https:\/\/www.transfermarkt.de\/miroslav-klose\/profil\/trainer\/49850\" target=\"_blank\" rel=\"noopener\">Miroslav Klose<\/a> und <a title=\"Stefan Leitl\" href=\"https:\/\/www.transfermarkt.de\/stefan-leitl\/profil\/trainer\/28936\" target=\"_blank\" rel=\"noopener\">Stefan Leitl<\/a> \u2013 aber droht bei einer Niederlage tats\u00e4chlich die Entlassung? Transfermarkt wirft einen Blick auf die zugespitzten Situationen am Valznerweiher sowie im Berliner West-End.<\/p>\n<p><\/p>\n<p>W\u00e4hrend Klose sich nach dem ersten Dreier am vergangenen Wochenende zumindest ein bisschen Luft verschaffte, mussten Leitls Herthaner nach dem vermeintlichen Brustl\u00f6ser in Hannover zuhause gegen den SC Paderborn den n\u00e4chsten R\u00fcckschlag einstecken. F\u00fcnf Z\u00e4hler aus sechs Partien mit <a href=\"https:\/\/www.transfermarkt.de\/2-bundesliga\/startseite\/wettbewerb\/L2\" target=\"_blank\" rel=\"noopener\">dem wertvollsten Kader der Liga<\/a> \u2013 viel zu wenig f\u00fcr die Anspr\u00fcche beim Hauptstadtklub, wo das Damoklesschwert seit Wochen \u00fcber der sportlichen F\u00fchrung um Leitl schwebt.<\/p>\n<p><\/p>\n<p>\u00a0<\/p>\n<p>Nach dem schlechtesten Zweitliga-Start seit den 80er Jahren und lediglich vier erzielten Toren forderte der Coach im Vorfeld des Spiels in N\u00fcrnberg von seiner Mannschaft eine Wende und \u201emehr Vertikalit\u00e4t in unserem Spiel\u201c. Mut macht dem 48-J\u00e4hrigen, dass es bis dato \u201eausw\u00e4rts etwas besser als zu Hause l\u00e4uft.\u201c TM-Pate und Hertha-Experte Tobias Blaseio (\u201ePES\u201c) ordnet die Situation rund um Leitl bei Hertha ein. <\/p>\n<p>Hertha BSC: Wie ist Leitls Standing vor dem Duell mit N\u00fcrnberg?<\/p>\n<p>\u201eBei der Fanbasis scheint das Standing deutlich schlechter als im Verein selbst, aber das d\u00fcrfte auch daran liegen, dass die Zukunft von Sportdirekter Weber konkret mit Leitl zusammenh\u00e4ngen k\u00f6nnte\u201c, erl\u00e4utert Blaseio. \u201eWeber hatte wiederholt die M\u00f6glichkeit mit ligaweit besten Voraussetzungen einen sehr teuren Kader zusammenzustellen, der um den Aufstieg k\u00e4mpft. Seine Personalie wird stark mit Leitl verkn\u00fcpft, denn neben den strategischen Fehlern von Weber hat Leitl es nicht vermocht, auch nur ann\u00e4hernd etwas aus der Kaderqualit\u00e4t zu produzieren.\u201c<\/p>\n<p><a href=\"https:\/\/www.transfermarkt.de\/hertha-bsc\/detail\/forum\/14\" target=\"_blank\" rel=\"noopener\"><br \/>\n    <img loading=\"lazy\" decoding=\"async\" class=\"innews\" src=\"https:\/\/www.europesays.com\/de\/wp-content\/uploads\/2025\/09\/banner-vereinsforen-2025-26-hertha-bsc-1754478255-174145.jpg\" alt=\"Jetzt im Forum \u00fcber Hertha BSC diskutieren.\" width=\"503\" height=\"148\"\/><\/p>\n<p><\/a><\/p>\n<p>\nWas sind die Kritikpunkte, die Hertha-Trainer Leitl vorgeworfen werden?<\/p>\n<p>\u201eZun\u00e4chst wirkt Leitl enorm rat- sowie leidenschaftslos \u2013 eine denkbar schlechte Bedingung, um sportlich und auf mentaler Ebene eine Dynamik im Kader zu erzeugen. Seine Spielsysteme wirken hilflos, weil er wiederholt Spieler auf ungewohnten Positionen einsetzt, wie zuletzt <a title=\"Linus Gechter\" href=\"https:\/\/www.transfermarkt.de\/linus-gechter\/profil\/spieler\/692734\" target=\"_blank\" rel=\"noopener\">Linus Gechter<\/a> als Rechtsverteidiger. Durch sein passives oder kaum sichtbares In-Game-Coaching scheint er der Mannschaft keinen funktionierenden Plan an die Hand zu geben\u201c, attestiert Blaseio. Diese \u201eHilflosigkeit\u201c sei auf dem Platz sichtbar und lasse im Stadion nicht selten die Frage nach einem klaren Plan aufkommen. \u201eGegenpressing scheint ein Fremdwort zu sein\u201c, so der Hertha-Experte weiter.<\/p>\n<p>\u201eLeitl l\u00e4sst die Mannschaft reagieren und kann so in gl\u00fccklichen Spielen gegen ballorientierte Gegner wie Hannover einen Erfolg verbuchen. Gegen die regul\u00e4ren Zweitligateams wirkt man h\u00e4ufig planlos und nicht selten muss sich Leitl den Vorwurf gefallen lassen, dass er die Spiele schon vor dem Anpfiff vercoacht hat. Auch ein ehrliches Leistungsprinzip ist schwer erkennbar, vielmehr kommt der Eindruck auf, Leitl habe seine bevorzugten Spieler und schleppt diese so lange durch, bis der Druck von Au\u00dfen zu gro\u00df und eine Reaktion unvermeidlich wird. Diese fehlende Leistungskultur ist allerdings auch eine Debatte rund um den gesamten Verein, da wichtige Positionen (Torwarttrainer, Physios, Standardtrainer als Beispiele) trotz nachweisbarer M\u00e4ngel nicht hinterfragt werden. Es scheint eher eine Kuschel- und Festhalte-Politik zu geben. Dazu passt auch <a href=\"https:\/\/www.transfermarkt.de\/-bild-quot-hertha-bsc-legt-dudziak-angebot-vor-konkurrenz-von-heracles-almelo\/view\/news\/460870\" target=\"_blank\" rel=\"noopener\">die m\u00f6gliche Verpflichtung von Jeremy Dudziak<\/a>, der aufgrund von Verletzungen einfach nie sportlich helfen konnte und trotzdem erneut ein Vertragsangebot bekommt.\u201c<\/p>\n<p>\n    <a class=\"bbcodesLink\" href=\"https:\/\/www.transfermarkt.de\/jeremy-dudziak-zu-hertha-bsc-\/thread\/forum\/154\/thread_id\/1086500\" target=\"_blank\" rel=\"noopener\"><\/p>\n<tr>\n<p>                        Ger\u00fccht<\/p>\n<\/tr>\n<tr class=\"contentzeile\">\n<td class=\"spielerbild\" rowspan=\"2\">\n                        <img decoding=\"async\" src=\"https:\/\/www.europesays.com\/de\/wp-content\/uploads\/2025\/09\/147359-1688647451.jpg\" title=\"Jeremy Dudziak\" alt=\"Jeremy Dudziak\" class=\"\"\/>                    <\/td>\n<td class=\"spielername\">\n                        <a title=\"Jeremy Dudziak\" href=\"https:\/\/www.transfermarkt.de\/jeremy-dudziak\/profil\/spieler\/147359\" target=\"_blank\" rel=\"noopener\">J. Dudziak<\/a>                    <\/td>\n<td class=\"vereinswappen\" rowspan=\"2\">\n                        <img decoding=\"async\" src=\"https:\/\/www.europesays.com\/de\/wp-content\/uploads\/2025\/07\/515.png\" title=\"Vereinslos\" alt=\"Vereinslos\" class=\"\"\/>                    <\/td>\n<td class=\"c2action\" rowspan=\"2\"><\/td>\n<\/tr>\n<tr class=\"contentzeile\">\n<td class=\"position\">\n                        Linker Verteidiger                    <\/td>\n<\/tr>\n<tr class=\"contentZeileSpielerGK\">\n<td colspan=\"4\">\n<tr>\n<td class=\"vereinsname\">\n                                    Vereinslos                                <\/td>\n<td class=\"vereinswappen\" rowspan=\"2\">\n                                    <img decoding=\"async\" src=\"https:\/\/www.europesays.com\/de\/wp-content\/uploads\/2025\/07\/515.png\" title=\"Vereinslos\" alt=\"Vereinslos\" class=\"\"\/>                                <\/td>\n<td class=\"wahrscheinlichkeit-auf\" rowspan=\"2\">\n<p>\u00a0<\/p>\n<p>                                        28                                        %\n                                                                        <\/td>\n<td class=\"vereinswappen\" rowspan=\"2\">\n                                    <img decoding=\"async\" src=\"https:\/\/www.europesays.com\/de\/wp-content\/uploads\/2025\/07\/44.png\" title=\"Hertha BSC\" alt=\"Hertha BSC\" class=\"\"\/>                                <\/td>\n<td class=\"vereinsname\">\n                                    Hertha BSC                                <\/td>\n<\/tr>\n<tr>\n<td>\n                                                                    <\/td>\n<td>\n                                    2. Bundesliga                                <\/td>\n<\/tr>\n<\/td>\n<\/tr>\n<p>    <\/a>\n<\/p>\n<p>\nHertha BSC: Was spricht f\u00fcr, was gegen eine Trennung von Leitl?<\/p>\n<p>\u201eAktuell spricht kaum noch etwas f\u00fcr ihn. Sein fehlender Mut, das st\u00e4ndige Suchen von Ausreden und das ungen\u00fcgende Leistungsprinzip sprechen eine deutliche Sprache\u201c, so Blaseio. F\u00fcr den TM-Experten ist \u201eein Umschwung sehr schwer vorstellbar, da seine in die Jahre gekommenen Methoden leider nicht den Entwicklungen des aktuellen Fu\u00dfballs standhalten k\u00f6nnen. Diese Mannschaft ben\u00f6tigt Mut und positive Ausstrahlung, beides ist Leitl leider komplett verloren gegangen.\u201c<\/p>\n<p>\nWie wahrscheinlich ist es, dass Leitl die Saison bei Hertha BSC \u00fcbersteht?<\/p>\n<p>\u201eLeitl h\u00e4tte mit diesem Kader genug M\u00f6glichkeiten, um mutigen Pressingfu\u00dfball zu spielen. Seine Integration der Jugend ist trotz <a title=\"Kennet Eichhorn\" href=\"https:\/\/www.transfermarkt.de\/kennet-eichhorn\/profil\/spieler\/1214123\" target=\"_blank\" rel=\"noopener\">Kennet Eichhorn<\/a> nicht existent. Das ist mit der Ausrichtung, die der Verein kurz und langfristig ben\u00f6tigt, einfach nicht vereinbar. Jeder Punkt oder Sieg wird eine Entlassung nur zeitlich etwas hinausz\u00f6gern. Ein Happy End ist unvorstellbar in der aktuellen Konstellation\u201c, meint Blaseio. \u201eDie Hoffnung liegt derzeit beim neuen Gesch\u00e4ftsf\u00fchrer <a title=\"Dr. Peter G\u00f6rlich\" href=\"https:\/\/www.transfermarkt.de\/dr-peter-g-rlich\/profil\/trainer\/43167\" target=\"_blank\" rel=\"noopener\">Dr. Peter G\u00f6rlich<\/a>, der bereits in Hoffenheim nachgewiesen hat, dass er Ordnung und ein Leistungsprinzip in die Vereinsstrukturen einf\u00fchren kann.\u201c<\/p>\n<p>\nHertha BSC: Wer w\u00e4re eine Alternative f\u00fcr Leitl?<\/p>\n<p>\u201eAls Trainer w\u00fcnschen sich nicht wenige Anh\u00e4nger einen Kandidaten wie <a title=\"Oliver Rei\u00df\" href=\"https:\/\/www.transfermarkt.de\/oliver-rei-\/profil\/trainer\/71515\" target=\"_blank\" rel=\"noopener\">Oliver Rei\u00df<\/a> von ManCity, der dort hervorragende Arbeit leistet, erst vor einem Jahr von Herthas Jugend dorthin gegangen ist und von Pep Guardiola in h\u00f6chsten T\u00f6nen gelobt wird. Mit ihm h\u00e4tte man einen modernen Trainer, der auch auf taktischer Ebene auf der H\u00f6he zu sein scheint. Ansonsten hat die 2. Liga jetzt schon gezeigt, dass es gen\u00fcgend Nachwuchstrainer gibt, die sich schnell adaptieren k\u00f6nnen, weil sie die neuesten Entwicklungen der Fu\u00dfballwelt verstanden haben und umsetzen k\u00f6nnen.\u201c<\/p>\n<p>1. FC N\u00fcrnberg: Gelingt Klose beim Club die Wende?<\/p>\n<p>Etwas weniger akut scheint zumindest vor dem Duell mit Hertha die Situation beim Club. Aufgrund der positiven sportlichen Entwicklung in der vergangenen Saison und <a href=\"https:\/\/www.transfermarkt.de\/1-fc-nurnberg\/transfers\/verein\/4\/saison_id\/2025\" target=\"_blank\" rel=\"noopener\">einem wilden Transfersommer<\/a> ohne nachbesetzten Sportdirektor (Olaf Rebbe ging im Februar 2025 nach Unstimmigkeiten mit Sportvorstand <a title=\"Joti Chatzialexiou\" href=\"https:\/\/www.transfermarkt.de\/joti-chatzialexiou\/profil\/trainer\/18418\" target=\"_blank\" rel=\"noopener\">Joti Chatzialexiou<\/a>) startete Trainer Klose mit ausreichend Kredit in die Spielzeit. Nach dem peinlichen Pokal-Aus gegen Illertissen und f\u00fcnf Ligaspielen ohne Sieg war dieser allerdings schnell verflogen. Transfermarkt-Pate \u201eHagenauer\u201c ordnet die aktuelle Situation am Valznerweiher ein.<\/p>\n<p><a href=\"https:\/\/www.transfermarkt.de\/1-fc-nurnberg\/detail\/forum\/30\" target=\"_blank\" rel=\"noopener\"><br \/>\n    <img loading=\"lazy\" decoding=\"async\" class=\"innews\" src=\"https:\/\/www.europesays.com\/de\/wp-content\/uploads\/2025\/09\/nurnberg-forum-innews-banner-1758550384-178329.jpg\" alt=\"Jetzt im Forum \u00fcber den 1. FC N\u00fcrnberg diskutieren.\" width=\"503\" height=\"148\"\/><\/p>\n<p><\/a><\/p>\n<p>\n1. FC N\u00fcrnberg: Wie ist Kloses Standing vor dem Duell mit Hertha?<\/p>\n<p>\u201eKlose hat trotz der aktuellen Krise nach wie vor ein \u00fcberraschend hohes Standing in N\u00fcrnberg. Nach dem Sieg gegen Bochum gab es von der Kurve auch Sprechch\u00f6re f\u00fcr ihn. Auch der gemeinsame Jubel der Mannschaft nach den Toren und nach dem Spiel mit ihm hat gezeigt, dass es zwischen Trainer und Team noch stimmt. Es gibt nat\u00fcrlich auch kritische Stimmen, aber die Mehrheit der Fans und im Verein h\u00e4lt ihm die Stange\u201c, so der TM-Experte.<\/p>\n<p>\nWas sind die Kritikpunkte, die Club-Trainer Klose vorgeworfen werden?<\/p>\n<p>\u201eEs sind vor allem taktische Aspekte. Zu Beginn der Vorbereitung wurde mit einer Dreierkette geplant, f\u00fcr die die Innenverteidigung aber zu langsam war. Im Pokal gegen Illertissen hat man dann zu Halbzeit gesehen, dass die Umstellung auf Viererkette sofort Fr\u00fcchte trug, trotzdem wurde gegen M\u00fcnster wieder mit der Dreierkette gespielt \u2013 und das, obwohl <a title=\"Robin Knoche\" href=\"https:\/\/www.transfermarkt.de\/robin-knoche\/profil\/spieler\/94201\" target=\"_blank\" rel=\"noopener\">Robin Knoche<\/a>, der der Hauptgrund f\u00fcr die Dreierkette war, zu diesem Zeitpunkt schon auf die Bank gesetzt wurde. Erst gegen Karlsruhe war dann die Viererkette auch Startformation. Diese versp\u00e4tete Erkenntnis f\u00fchrte letztlich dazu, dass gro\u00dfe Teile der Vorbereitung hergeschenkt wurden. Auch offensiv fehlen teilweise die Ideen, wie man sich Chancen erspielen kann. Die Hauptkritik in N\u00fcrnberg richtet sich aber gegen Sportvorstand Joti Chatzialexiou, der den Kader erst in den letzten zwei Tagen des Transferfensters an wichtigen Positionen vervollst\u00e4ndigen konnte\u201c, meint \u201eHagenauer\u201c.<\/p>\n<p>1. FC N\u00fcrnberg: Was spricht f\u00fcr, was gegen eine Trennung von Klose?<\/p>\n<p>\u201eF\u00fcr eine Trennung von Klose w\u00fcrden die taktischen Kritikpunkte und die Ergebnisse sprechen. Auch die Leistungen in den ersten Spielen waren gelinde gesagt furchtbar.\u201c Gegen eine Trennung spreche in Augen des TM-Experten \u201eviel mehr: Zum einen steht der Kader faktisch erst seit zwei Spielen und in diesen zwei Spielen ist schon eine deutliche Entwicklung zu sehen. Auch der Fu\u00dfball ist wieder attraktiver. Das erinnert ein bisschen an letzte Saison, als man bei der Niederlage gegen Hannover schon Fortschritte erkannt hatte, die dann \u00fcber einen gl\u00fccklichen Sieg gegen M\u00fcnster best\u00e4tigt wurden und danach attraktiver und erfolgreicher Fu\u00dfball gespielt wurde. Kurioserweise war es damals taktisch die Umstellung von Vierer- auf Dreierkette, die den Ausschlag gegeben hat \u2013 heuer k\u00f6nnte es offenbar andersherum sein. Au\u00dferdem macht Klose Spieler individuell besser und ist gerade bei jungen Offensivtalenten auch ein Pfund im Transferwettbewerb. F\u00fcr <a title=\"Stefanos Tzimas\" href=\"https:\/\/www.transfermarkt.de\/stefanos-tzimas\/profil\/spieler\/950091\" target=\"_blank\" rel=\"noopener\">Stefanos Tzimas<\/a> war letzte Saison Klose der ausschlaggebende Faktor f\u00fcr den Wechsel nach N\u00fcrnberg. Au\u00dferdem scheint das Verh\u00e4ltnis zwischen Trainer und Mannschaft intakt zu sein.\u201c<\/p>\n<p>\nWie wahrscheinlich ist es, dass Klose die Saison in N\u00fcrnberg \u00fcbersteht?<\/p>\n<p>\u201eViel wird von den n\u00e4chsten Spielen abh\u00e4ngen. Best\u00e4tigt sich hier der Aufw\u00e4rtstrend, d\u00fcrfte Klose nach menschlichem Ermessen die Saison \u00fcberstehen. Bleibt der Sieg gegen Bochum eine Eintagsfliege, wird f\u00fcr Klose wohl im Oktober die Luft d\u00fcnn\u201c, bewertet \u201eHagenauer\u201c die Situation bei den Franken.<\/p>\n<p>\n1. FC N\u00fcrnberg: Wer w\u00e4re eine Alternative f\u00fcr Klose?<\/p>\n<p>\u201eAlternativen werden momentan kaum genannt, auch weil man mit etablierten Namen auf der Trainer-Position in letzter Zeit keine guten Erfahrungen gemacht hat (siehe Hecking &amp; Weinzierl). Der Club arbeitet mit den Datenexperten von \u201aJamestown Analytics\u2018 zusammen und hat auf Datenscouting umgestellt. Das soll ausdr\u00fccklich auch das Trainerscouting betreffen. Von daher w\u00e4re es nicht \u00fcberraschend, wenn ein unbekannter Name aus dem Hut gezaubert w\u00fcrde. Oder jemand vom DFB, wohin Joti Chatzialexiou ja seine Verbindungen hat. Aus Fan-Sicht w\u00e4re auch <a title=\"Andreas Wolf\" href=\"https:\/\/www.transfermarkt.de\/andreas-wolf\/profil\/trainer\/35815\" target=\"_blank\" rel=\"noopener\">Andreas Wolf<\/a>, der aktuell die U21 trainiert, spannend. Allerdings bin ich mir nicht sicher, ob er die n\u00f6tige Lizenz hat. Aber Plan A ist aktuell weiterhin Miro Klose und das ist bei den Fans gr\u00f6\u00dftenteils ebenfalls so\u201c, sagt der TM-Experte.<\/p>\n<p><\/p>\n","protected":false},"excerpt":{"rendered":"TM-Analyse zum Krisenduell\u00a0 \u00a9IMAGO Mit dem 1. FC N\u00fcrnberg und Hertha BSC treffen am Sonntag zwei Teams aufeinander,&hellip;\n","protected":false},"author":2,"featured_media":451962,"comment_status":"","ping_status":"","sticky":false,"template":"","format":"standard","meta":{"footnotes":""},"categories":[136],"tags":[783,621,29,30,1088,94444,8900,116711,265,15381],"class_list":{"0":"post-451961","1":"post","2":"type-post","3":"status-publish","4":"format-standard","5":"has-post-thumbnail","7":"category-sport","8":"tag-1-fc-nuernberg","9":"tag-2-bundesliga","10":"tag-deutschland","11":"tag-germany","12":"tag-hertha-bsc","13":"tag-kennet-eichhorn","14":"tag-miroslav-klose","15":"tag-oliver-reiss","16":"tag-sport","17":"tag-stefan-leitl"},"share_on_mastodon":{"url":"https:\/\/pubeurope.com\/@de\/115270681615159272","error":""},"_links":{"self":[{"href":"https:\/\/www.europesays.com\/de\/wp-json\/wp\/v2\/posts\/451961","targetHints":{"allow":["GET"]}}],"collection":[{"href":"https:\/\/www.europesays.com\/de\/wp-json\/wp\/v2\/posts"}],"about":[{"href":"https:\/\/www.europesays.com\/de\/wp-json\/wp\/v2\/types\/post"}],"author":[{"embeddable":true,"href":"https:\/\/www.europesays.com\/de\/wp-json\/wp\/v2\/users\/2"}],"replies":[{"embeddable":true,"href":"https:\/\/www.europesays.com\/de\/wp-json\/wp\/v2\/comments?post=451961"}],"version-history":[{"count":0,"href":"https:\/\/www.europesays.com\/de\/wp-json\/wp\/v2\/posts\/451961\/revisions"}],"wp:featuredmedia":[{"embeddable":true,"href":"https:\/\/www.europesays.com\/de\/wp-json\/wp\/v2\/media\/451962"}],"wp:attachment":[{"href":"https:\/\/www.europesays.com\/de\/wp-json\/wp\/v2\/media?parent=451961"}],"wp:term":[{"taxonomy":"category","embeddable":true,"href":"https:\/\/www.europesays.com\/de\/wp-json\/wp\/v2\/categories?post=451961"},{"taxonomy":"post_tag","embeddable":true,"href":"https:\/\/www.europesays.com\/de\/wp-json\/wp\/v2\/tags?post=451961"}],"curies":[{"name":"wp","href":"https:\/\/api.w.org\/{rel}","templated":true}]}}