{"id":452179,"date":"2025-09-26T14:46:10","date_gmt":"2025-09-26T14:46:10","guid":{"rendered":"https:\/\/www.europesays.com\/de\/452179\/"},"modified":"2025-09-26T14:46:10","modified_gmt":"2025-09-26T14:46:10","slug":"medienberichte-lautsprecher-sollen-netanjahus-un-rede-in-gaza-uebertragen","status":"publish","type":"post","link":"https:\/\/www.europesays.com\/de\/452179\/","title":{"rendered":"Medienberichte: Lautsprecher sollen Netanjahus UN-Rede in Gaza \u00fcbertragen"},"content":{"rendered":"<p class=\"paragraph article__item\">Die Rede des israelischen Regierungschefs Benjamin Netanjahu vor der\u00a0UN-Generalversammlung in New York am heutigen Freitag wird auch im Gazastreifen \u00fcber Lautsprecher zu h\u00f6ren sein. <a href=\"https:\/\/www.gov.il\/en\/pages\/spoke-un260925\" class=\"\" target=\"_blank\" rel=\"noopener\">Wie das B\u00fcro des israelischen Premierministers mitteilte<\/a>, wurden zivile Kr\u00e4fte angewiesen, Lautsprecher auf der israelischen Seite der Grenze zum Gazastreifen zu installieren. Zun\u00e4chst hatte die Zeitung <a href=\"https:\/\/www.haaretz.com\/israel-news\/2025-09-26\/ty-article\/.premium\/idf-plans-to-broadcast-netanyahus-un-address-in-the-streets-of-gaza-army-sources-say\/00000199-850a-daea-adff-bfeb5b100000\" class=\"\" target=\"_blank\" rel=\"noopener\">Ha&#8217;aretz<\/a> unter Berufung auf Milit\u00e4rkreise \u00fcber die Pl\u00e4ne berichtet.\u00a0Ein Offizier sprach gegen\u00fcber der Zeitung von &#8222;psychologischer Kriegsf\u00fchrung.&#8220;\n<\/p>\n<p class=\"paragraph article__item\">Deutliche Kritik kam unter anderem von Angeh\u00f6rigen israelischer Geiseln sowie von Angeh\u00f6rigen einiger im <a class=\"rtr-entity\" href=\"https:\/\/www.zeit.de\/thema\/gazastreifen\" target=\"_blank\" rel=\"noopener\">Gazastreifen<\/a> eingesetzter Soldaten, wie die Times of Israel berichtet.\n<\/p>\n<p class=\"paragraph article__item\"><a href=\"https:\/\/www.zeit.de\/politik\/ausland\/2025-09\/israels-ministerpraesident-benjamin-netanjahu-rede-un-vollversammlung-new-york\" class=\"\" target=\"_blank\" rel=\"noopener\">Die Rede Netanjahus vor den UN<\/a> soll um 9 Uhr Ortszeit (15 Uhr deutscher Zeit) beginnen. Beobachter gehen davon aus, dass sie sich vor allem gegen eine Anerkennung eines Staates Pal\u00e4stina durch den Westen richten wird. In den vergangenen Tagen hatten zahlreiche Staaten angesichts der humanit\u00e4ren Katastrophe im Gazastreifen eine Anerkennung beschlossen.\n<\/p>\n<p class=\"paragraph article__item\">Daneben wird bef\u00fcrchtet, dass Netanjahu die v\u00f6lkerrechtswidrige Annexion pal\u00e4stinensischer Gebiete verk\u00fcnden k\u00f6nnte. Die Knesset hatte die Regierung bereits im Sommer dazu aufgefordert, das israelisch besetzte Westjordanland zu annektieren. Vor der Rede Netanjahus <a href=\"https:\/\/www.zeit.de\/politik\/ausland\/2025-09\/israel-geopolitik-palaestina-anerkennung-annexion-westjordanland\" class=\"\" target=\"_blank\" rel=\"noopener\">erneuerten rechtsextreme Regierungsmitglieder diese Forderung<\/a>. US-Pr\u00e4sident Donald Trump warnte den israelischen Premier indes vor einer Annexion: &#8222;Ich werde es Israel nicht erlauben, das Westjordanland zu annektieren&#8220;, sagte Trump am Donnerstag.\n<\/p>\n<p class=\"paragraph article__item\">Alle Entwicklungen im Gazakrieg lesen Sie in unserem <a href=\"https:\/\/www.zeit.de\/politik\/ausland\/2025-08\/krieg-in-gaza-liveblog\" class=\"\" target=\"_blank\" rel=\"noopener\">Liveblog<\/a>.\n<\/p>\n<p>            Krieg in Nahost        <\/p>\n<p>Mehr zum Thema<\/p>\n<p>                <a href=\"https:\/\/www.zeit.de\/zeit-magazin\/2025\/41\/geiseln-gazastreifen-deutsche-nahostkonflikt-angehoerige\" data-ct-label=\"Geiseln im Gazastreifen: Sie fehlen. Seit 720 Tagen.\" target=\"_blank\" rel=\"noopener\"><\/p>\n<p>        Z+ (abopflichtiger Inhalt);<\/p>\n<p>    Geiseln im Gazastreifen:<br \/>\n                        Sie fehlen. Seit 720 Tagen.<\/p>\n<p>                <\/a><\/p>\n<p>                <a href=\"https:\/\/www.zeit.de\/politik\/ausland\/2025-09\/israel-geopolitik-palaestina-anerkennung-annexion-westjordanland\" data-ct-label=\"Israel: Annexion gegen Anerkennung\" target=\"_blank\" rel=\"noopener\"><\/p>\n<p>                        Israel:<br \/>\n                        Annexion gegen Anerkennung<\/p>\n<p>                <\/a><\/p>\n<p>                <a href=\"https:\/\/www.zeit.de\/2025\/41\/nahostkonflikt-schlomo-ben-ami-irael-palaestina-verhandlungen\" data-ct-label=\"Nahostkonflikt: Nur ohne einander\" target=\"_blank\" rel=\"noopener\"><\/p>\n<p>                        Nahostkonflikt:<br \/>\n                        Nur ohne einander<\/p>\n<p>                <\/a><\/p>\n","protected":false},"excerpt":{"rendered":"Die Rede des israelischen Regierungschefs Benjamin Netanjahu vor der\u00a0UN-Generalversammlung in New York am heutigen Freitag wird auch im&hellip;\n","protected":false},"author":2,"featured_media":452180,"comment_status":"","ping_status":"","sticky":false,"template":"","format":"standard","meta":{"footnotes":""},"categories":[5],"tags":[331,332,499,3364,29,738,30,13,411,18972,451,14,581,15,16,12,26],"class_list":{"0":"post-452179","1":"post","2":"type-post","3":"status-publish","4":"format-standard","5":"has-post-thumbnail","7":"category-nachrichten","8":"tag-aktuelle-nachrichten","9":"tag-aktuelle-news","10":"tag-benjamin-netanjahu","11":"tag-de","12":"tag-deutschland","13":"tag-gazastreifen","14":"tag-germany","15":"tag-headlines","16":"tag-israel","17":"tag-medienberichte","18":"tag-militaer","19":"tag-nachrichten","20":"tag-nahostkonflikt","21":"tag-news","22":"tag-politik","23":"tag-schlagzeilen","24":"tag-un"},"share_on_mastodon":{"url":"https:\/\/pubeurope.com\/@de\/115271144974170110","error":""},"_links":{"self":[{"href":"https:\/\/www.europesays.com\/de\/wp-json\/wp\/v2\/posts\/452179","targetHints":{"allow":["GET"]}}],"collection":[{"href":"https:\/\/www.europesays.com\/de\/wp-json\/wp\/v2\/posts"}],"about":[{"href":"https:\/\/www.europesays.com\/de\/wp-json\/wp\/v2\/types\/post"}],"author":[{"embeddable":true,"href":"https:\/\/www.europesays.com\/de\/wp-json\/wp\/v2\/users\/2"}],"replies":[{"embeddable":true,"href":"https:\/\/www.europesays.com\/de\/wp-json\/wp\/v2\/comments?post=452179"}],"version-history":[{"count":0,"href":"https:\/\/www.europesays.com\/de\/wp-json\/wp\/v2\/posts\/452179\/revisions"}],"wp:featuredmedia":[{"embeddable":true,"href":"https:\/\/www.europesays.com\/de\/wp-json\/wp\/v2\/media\/452180"}],"wp:attachment":[{"href":"https:\/\/www.europesays.com\/de\/wp-json\/wp\/v2\/media?parent=452179"}],"wp:term":[{"taxonomy":"category","embeddable":true,"href":"https:\/\/www.europesays.com\/de\/wp-json\/wp\/v2\/categories?post=452179"},{"taxonomy":"post_tag","embeddable":true,"href":"https:\/\/www.europesays.com\/de\/wp-json\/wp\/v2\/tags?post=452179"}],"curies":[{"name":"wp","href":"https:\/\/api.w.org\/{rel}","templated":true}]}}