{"id":453008,"date":"2025-09-26T22:34:11","date_gmt":"2025-09-26T22:34:11","guid":{"rendered":"https:\/\/www.europesays.com\/de\/453008\/"},"modified":"2025-09-26T22:34:11","modified_gmt":"2025-09-26T22:34:11","slug":"krieg-in-der-ukraine-polen-verschaerft-aufenthaltsrecht-fuer-ukrainische-kriegsfluechtlinge","status":"publish","type":"post","link":"https:\/\/www.europesays.com\/de\/453008\/","title":{"rendered":"Krieg in der Ukraine: Polen versch\u00e4rft Aufenthaltsrecht f\u00fcr ukrainische Kriegsfl\u00fcchtlinge"},"content":{"rendered":"<p class=\"paragraph article__item\"><a href=\"https:\/\/www.zeit.de\/thema\/polen\" class=\"\" target=\"_blank\" rel=\"nofollow noopener\">Polens<\/a> Pr\u00e4sident <a href=\"https:\/\/www.zeit.de\/thema\/karol-nawrocki\" class=\"\" target=\"_blank\" rel=\"nofollow noopener\">Karol Nawrocki<\/a> hat ein Gesetz unterzeichnet, das die Aufenthaltsbedingungen<br \/>\n f\u00fcr Hunderttausende ukrainische Kriegsfl\u00fcchtlinge im Land versch\u00e4rft.<br \/>\nNawrockis Kanzleichef Zbigniew Bogucki teilte in Warschau mit, der<br \/>\nStaatschef habe das entsprechende Gesetz kurz vor Fristablauf am 1.<br \/>\nOktober unterzeichnet, wie die Nachrichtenagentur PAP berichtet.\u00a0\n<\/p>\n<p class=\"paragraph article__item\">Neu ist unter anderem, dass Ukrainer Sozialleistungen wie Kindergeld nur noch dann bekommen, wenn sie in <a class=\"rtr-entity\" href=\"https:\/\/www.zeit.de\/thema\/polen\" rel=\"nofollow noopener\" target=\"_blank\">Polen<\/a><br \/>\n arbeiten und Steuern zahlen. \u00dcber das Gesetz hatte es Streit zwischen<br \/>\nder liberalen polnischen Regierung und dem <a href=\"https:\/\/www.zeit.de\/politik\/ausland\/2025-08\/polen-karol-nawrocki-praesident\" class=\"\" target=\"_blank\" rel=\"nofollow noopener\">neuen rechtskonservativen<br \/>\nPr\u00e4sidenten<\/a> gegeben.\n<\/p>\n<p class=\"paragraph article__item\">Nawrocki hatte einen ersten Entwurf des Gesetzes im August zun\u00e4chst mit seinem Veto blockiert und K\u00fcrzungen<br \/>\nbei den Hilfen f\u00fcr Ukraine-Fl\u00fcchtlinge gefordert. Betroffene sowie polnische Unternehmen, die den<br \/>\nVerlust ukrainischer Arbeitskr\u00e4fte bef\u00fcrchteten, reagierten besorgt.\u00a0\n<\/p>\n<p>        Schutzstatus verl\u00e4ngert        <\/p>\n<p class=\"paragraph article__item\">Der neue, nun unterzeichnete Entwurf solle den Missbrauch von Hilfszahlungen f\u00fcr Familien ausschlie\u00dfen, teilte die Regierung mit.\u00a0Durch das neue Gesetz\u00a0wird zugleich der Schutzstatus f\u00fcr Kriegsfl\u00fcchtlinge aus der <a class=\"rtr-entity\" href=\"https:\/\/www.zeit.de\/politik\/ausland\/ukraine-krieg-news-liveblog\" rel=\"nofollow noopener\" target=\"_blank\">Ukraine<\/a> verl\u00e4ngert.\n<\/p>\n<p class=\"paragraph article__item\">Polen\u00a0geh\u00f6rt zu den entschiedensten Unterst\u00fctzern der Ukraine gegen den russischen Angriffskrieg. Seit Kriegsbeginn vor dreieinhalb Jahren nahm das Land mehr als eine Million ukrainische Fl\u00fcchtlinge auf, die meisten davon Frauen und Kinder.\n<\/p>\n<p>            Polen        <\/p>\n<p>Mehr zum Thema<\/p>\n<p>                <a href=\"https:\/\/www.zeit.de\/kultur\/2025-09\/sicherheitsgefuehl-polen-krieg-ukraine-russland-verteidigungspolitik\" data-ct-label=\"Sicherheitsgef\u00fchl in Polen: Sind nicht alle Kriege l\u00e4ngst gef\u00fchrt?\" rel=\"nofollow noopener\" target=\"_blank\"><\/p>\n<p>        Z+ (abopflichtiger Inhalt);<\/p>\n<p>    Sicherheitsgef\u00fchl in Polen:<br \/>\n                        Sind nicht alle Kriege l\u00e4ngst gef\u00fchrt?<\/p>\n<p>                <\/a><\/p>\n<p>                <a href=\"https:\/\/www.zeit.de\/politik\/deutschland\/2025-09\/karol-nawrocki-friedrich-merz-polen-berlin\" data-ct-label=\"Karol Nawrocki in Berlin: Merz sichert Polen &quot;unverbr\u00fcchliche&quot; Unterst\u00fctzung gegen Russland zu\" rel=\"nofollow noopener\" target=\"_blank\"><\/p>\n<p>                        Karol Nawrocki in Berlin:<br \/>\n                        Merz sichert Polen &#8222;unverbr\u00fcchliche&#8220; Unterst\u00fctzung gegen Russland zu<\/p>\n<p>                <\/a><\/p>\n<p>                <a href=\"https:\/\/www.zeit.de\/politik\/ausland\/2025-09\/polen-sicherheitsrat-drohnen-russland\" data-ct-label=\"Ukrainekrieg: Polen beruft wegen russischer Drohnen UN-Sicherheitsrat ein\" rel=\"nofollow noopener\" target=\"_blank\"><\/p>\n<p>                        Ukrainekrieg:<br \/>\n                        Polen beruft wegen russischer Drohnen UN-Sicherheitsrat ein<\/p>\n<p>                <\/a><\/p>\n","protected":false},"excerpt":{"rendered":"Polens Pr\u00e4sident Karol Nawrocki hat ein Gesetz unterzeichnet, das die Aufenthaltsbedingungen f\u00fcr Hunderttausende ukrainische Kriegsfl\u00fcchtlinge im Land versch\u00e4rft.&hellip;\n","protected":false},"author":2,"featured_media":453009,"comment_status":"","ping_status":"","sticky":false,"template":"","format":"standard","meta":{"footnotes":"","_share_on_mastodon":"0"},"categories":[3],"tags":[18402,18403,13,46823,1435,14,15,3917,16,12,27260,22637,10,8,9,11,103,104],"class_list":["post-453008","post","type-post","status-publish","format-standard","has-post-thumbnail","category-welt","tag-aufenthaltsgesetz","tag-aufenthaltsrecht","tag-headlines","tag-karol-nawrocki","tag-krieg-in-der-ukraine","tag-nachrichten","tag-news","tag-polen","tag-politik","tag-schlagzeilen","tag-sozialleistung","tag-steuer","tag-top-news","tag-top-meldungen","tag-topmeldungen","tag-topnews","tag-welt","tag-world"],"share_on_mastodon":{"url":"https:\/\/pubeurope.com\/@de\/115272985208144853","error":""},"_links":{"self":[{"href":"https:\/\/www.europesays.com\/de\/wp-json\/wp\/v2\/posts\/453008","targetHints":{"allow":["GET"]}}],"collection":[{"href":"https:\/\/www.europesays.com\/de\/wp-json\/wp\/v2\/posts"}],"about":[{"href":"https:\/\/www.europesays.com\/de\/wp-json\/wp\/v2\/types\/post"}],"author":[{"embeddable":true,"href":"https:\/\/www.europesays.com\/de\/wp-json\/wp\/v2\/users\/2"}],"replies":[{"embeddable":true,"href":"https:\/\/www.europesays.com\/de\/wp-json\/wp\/v2\/comments?post=453008"}],"version-history":[{"count":0,"href":"https:\/\/www.europesays.com\/de\/wp-json\/wp\/v2\/posts\/453008\/revisions"}],"wp:featuredmedia":[{"embeddable":true,"href":"https:\/\/www.europesays.com\/de\/wp-json\/wp\/v2\/media\/453009"}],"wp:attachment":[{"href":"https:\/\/www.europesays.com\/de\/wp-json\/wp\/v2\/media?parent=453008"}],"wp:term":[{"taxonomy":"category","embeddable":true,"href":"https:\/\/www.europesays.com\/de\/wp-json\/wp\/v2\/categories?post=453008"},{"taxonomy":"post_tag","embeddable":true,"href":"https:\/\/www.europesays.com\/de\/wp-json\/wp\/v2\/tags?post=453008"}],"curies":[{"name":"wp","href":"https:\/\/api.w.org\/{rel}","templated":true}]}}