{"id":453253,"date":"2025-09-27T00:56:35","date_gmt":"2025-09-27T00:56:35","guid":{"rendered":"https:\/\/www.europesays.com\/de\/453253\/"},"modified":"2025-09-27T00:56:35","modified_gmt":"2025-09-27T00:56:35","slug":"kwasniok-muss-auf-topscorer-verzichten","status":"publish","type":"post","link":"https:\/\/www.europesays.com\/de\/453253\/","title":{"rendered":"Kwasniok muss auf Topscorer verzichten"},"content":{"rendered":"<p>Mit neuem Vorstand <\/p>\n<p>FC vor richtungsweisenden Tagen \u2013 Topscorer f\u00e4llt aus<\/p>\n<p>26.09.2025 &#8211; 20:10 UhrLesedauer: 2 Min.<\/p>\n<p><a href=\"#focus-0\" class=\"transition-colors duration-200 block text-current relative\" data-sctrack=\"FocusGalleryImage.Reference\"><img fetchpriority=\"high\" data-testid=\"Opener.Image\" style=\"--lqipURL:url('https:\/\/images.t-online.de\/2025\/09\/EbLbdf5tsT06\/0x75:4000x2250\/fit-in\/150x0\/filters:blur(25)\/leipzig-20-092025-red-bull-arena-fussball-1-bundesliga-rb-leipzig-vs-1-fc-koeln-im-bild-marius-buelter-buelter-30-koeln-muss-wegen-einer-verletzung-behandelt-werden-nur-zur-redaktionellen-nutzung-only-editorial-use-dfl-dfb-regulations-prohibit-any-use-of-photographs-as-image-sequences-and-or-quasi-video-leipzig-20-09-2025-red-bull-arena-soccer-1-bundesliga-rb-leipzig-vs-1-fc-koeln-im-bild-marius-buelter-buelter-30-koeln-muss-wegen-einer-verletzung-behandelt-werden-nur-zur-reda.jpg')\"   loading=\"eager\" src=\"https:\/\/www.europesays.com\/de\/wp-content\/uploads\/2025\/09\/leipzig-20-092025-red-bull-arena-fussball-1-bundesliga-rb-leipzig-vs-1-fc-koeln-im-bild-marius-buelt.jpeg\" alt=\"imago images 1066692093\" title=\"imago images 1066692093\" width=\"4000\" height=\"2250\" class=\"bg-[url:var(--lqipURL)] bg-cover bg-center flex h-full w-full max-w-full\" decoding=\"async\"\/><img style=\"--width:32;--height:32\" loading=\"lazy\" src=\"https:\/\/www.t-online.de\/s\/paper\/_next\/static\/media\/zoom-in.f7dae02f.svg\" alt=\"Vergr\u00f6\u00dfern des Bildes\" title=\"Vergr\u00f6\u00dfern des Bildes\" class=\"block h-[calc(var(--height)_\/_16_*_1rem)] w-[calc(var(--width)_\/_16_*_1rem)] max-w-none absolute bottom-8 right-8 rounded-4 bg-snow p-8\" decoding=\"async\"\/><\/a><\/p>\n<p>Marius B\u00fclter am Boden: Der Topscorer der K\u00f6lner f\u00e4llt wegen einer Achillessehnenreizung am Wochenende verletzt aus. (Quelle: IMAGO\/PICTURE POINT \/ Sven Sonntag\/imago)<\/p>\n<p class=\"font-bold text-18 leading-17\">Der 1. FC K\u00f6ln steht vor einem wichtigen Wochenende. Am Samstag bestimmen die Mitglieder den neuen Vorstand, am Sonntag kommt der VfB Stuttgart.<\/p>\n<p class=\"text-18 leading-17\">Lukas Kwasniok lie\u00df sich nicht locken. Als der Trainer des <a class=\"transition-colors duration-200 cursor-pointer text-inherit no-underline text-salemsfur md:hover:text-magenta md:hover:border-magenta md:focus:text-magenta border-current border-b border-solid break-words\" href=\"https:\/\/www.t-online.de\/themen\/1-fc-koeln\/\" data-sctrack=\"BodyAnchor\" target=\"_blank\" rel=\"noopener\">1. FC K\u00f6ln<\/a> bei der Spieltagspressekonferenz am Freitagmittag zur anstehenden Vorstandswahl befragt wurde, blieb er so diplomatisch wie m\u00f6glich. &#8222;Ich habe mich in den vergangenen drei Monaten nicht dazu ge\u00e4u\u00dfert und werde das auch jetzt nicht tun&#8220;, sagte Kwasniok gut 24 Stunden vor der Mitgliederversammlung, bei der erstmals drei Teams um die Macht im Verein buhlen.<\/p>\n<p class=\"text-18 leading-17\">Immobilienmanager J\u00f6rn Stobbe, Anwalt J\u00f6rg Alvermann und Sportwissenschaftler Ulf Sobek wurden vom Mitgliederrat vorgeschlagen, gehen somit wohl als Favoriten in den Wahltag. Die Teams Wilke Stroman (Unternehmer), Tugba Tekkal (Menschenrechtsaktivistin) und Carsten Wettich (Anwalt) sowie Sven-Georg Adenauer (Politiker), Martin Hollweck (Metzgermeister) und Thorsten Kiesewetter (Unternehmensberater) haben die notwendigen 4600 Unterst\u00fctzer-Unterschriften gesammelt, um zur Wahl zugelassen zu werden. Sie wollen dem Trio des Mitgliederrats, das auch vom Beirat sowie der aktiven Fanszene unterst\u00fctzt wird, jeweils einen Strich durch die Rechnung machen.<\/p>\n<p class=\"text-18 leading-17\">Kwasniok nimmt es, wie es kommt. &#8222;Ich kann es nicht beeinflussen und w\u00fcnsche allen Mitgliedern einen reibungslosen Verlauf. Ich dr\u00fccke allen die Daumen&#8220;, erkl\u00e4rte der Trainer und lie\u00df offen, ob er selbst der Versammlung beiwohnen wird, die erstmals im Rheinenergiestadion stattfindet. &#8222;Die Spielvorbereitung liegt bei uns im Fokus. Wir werden sehen, inwieweit wir an dieser Mitgliederversammlung teilnehmen werden&#8220;, sprach Kwasniok f\u00fcr sich und seine Mannschaft.<\/p>\n<p class=\"text-18 leading-17\">Nicht nur der Samstag, sondern auch der Sonntag d\u00fcrfte ein richtungsweisender Tag f\u00fcr die &#8222;Gei\u00dfb\u00f6cke&#8220; werden \u2013 in sportlicher, nicht in vereinspolitischer Hinsicht. Nach dem starken Start mit sieben Punkten aus den ersten drei Spielen sowie einer guten Leistung in <a class=\"transition-colors duration-200 cursor-pointer text-inherit no-underline text-salemsfur md:hover:text-magenta md:hover:border-magenta md:focus:text-magenta border-current border-b border-solid break-words\" href=\"https:\/\/www.t-online.de\/region\/leipzig\/\" data-sctrack=\"BodyAnchor\" target=\"_blank\" rel=\"noopener\">Leipzig<\/a> \u2013 trotz der 1:3-Niederlage \u2013 wird das Heimspiel gegen den <a class=\"transition-colors duration-200 cursor-pointer text-inherit no-underline text-salemsfur md:hover:text-magenta md:hover:border-magenta md:focus:text-magenta border-current border-b border-solid break-words\" href=\"https:\/\/www.t-online.de\/themen\/vfb-stuttgart\/\" data-sctrack=\"BodyAnchor\" target=\"_blank\" rel=\"noopener\">VfB Stuttgart<\/a> eine Standortbestimmung.<\/p>\n<p class=\"text-18 leading-17\">&#8222;Yabba Dabba Doo, endlich daheim&#8220;, dr\u00fcckte Kwasniok nach zwei Ausw\u00e4rtsreisen in Folge die Vorfreude auf sein erst zweites Heimspiel als FC-Trainer aus. Mit <a class=\"transition-colors duration-200 cursor-pointer text-inherit no-underline text-salemsfur md:hover:text-magenta md:hover:border-magenta md:focus:text-magenta border-current border-b border-solid break-words\" href=\"https:\/\/www.t-online.de\/region\/stuttgart\/\" data-sctrack=\"BodyAnchor\" target=\"_blank\" rel=\"noopener\">Stuttgart<\/a> gastiert wie schon bei seiner Premiere im Rheinenergiestadion gegen den <a class=\"transition-colors duration-200 cursor-pointer text-inherit no-underline text-salemsfur md:hover:text-magenta md:hover:border-magenta md:focus:text-magenta border-current border-b border-solid break-words\" href=\"https:\/\/www.t-online.de\/themen\/sc-freiburg\/\" data-sctrack=\"BodyAnchor\" target=\"_blank\" rel=\"noopener\">SC Freiburg<\/a> (4:1) ein Europa-League-Team in M\u00fcngersdorf. Der 44-J\u00e4hrige warnt vor einer &#8222;brutalen Qualit\u00e4t&#8220;, einer &#8222;brutalen Mannschaft&#8220; und einem &#8222;Top-Trainer&#8220;.<\/p>\n<p class=\"text-18 leading-17\">Der FC wiederum muss auf seinen Top-Scorer verzichten: Marius B\u00fclter, der bislang zwei Tore erzielt und zwei weitere vorbereitet hat, f\u00e4llt aufgrund einer Achillessehnenreizung aus. Luca Waldschmidt hingegen, der unter der Woche im Training umgeknickt ist, soll zur Verf\u00fcgung stehen. Kwasniok zeigt sich trotz B\u00fclters Ausfall und Stuttgarts Qualit\u00e4t optimistisch: &#8222;Auch wir sind nicht auf der Wurstsuppe dahergeschwommen, wir haben ein bisschen was drauf.&#8220; Wer auch immer den neuen Vorstand bilden wird: Die Mannschaft will dem gew\u00e4hlten Trio zum Start einen Sieg bescheren.<\/p>\n","protected":false},"excerpt":{"rendered":"Mit neuem Vorstand FC vor richtungsweisenden Tagen \u2013 Topscorer f\u00e4llt aus 26.09.2025 &#8211; 20:10 UhrLesedauer: 2 Min. Marius&hellip;\n","protected":false},"author":2,"featured_media":444611,"comment_status":"","ping_status":"","sticky":false,"template":"","format":"standard","meta":{"footnotes":""},"categories":[1828],"tags":[623,3175,3174,87238,116908,29,30,62244,1420,16069,86563,48875,1209,1441,89366,48874,22036,62245,2915,56600],"class_list":{"0":"post-453253","1":"post","2":"type-post","3":"status-publish","4":"format-standard","5":"has-post-thumbnail","7":"category-koeln","8":"tag-1-fc-koeln","9":"tag-3175","10":"tag-3174","11":"tag-87238","12":"tag-achillessehnenreizung","13":"tag-deutschland","14":"tag-germany","15":"tag-joern-stobbe","16":"tag-koeln","17":"tag-lukas-kwasniok","18":"tag-marius-buelter","19":"tag-martin-hollweck","20":"tag-nordrhein-westfalen","21":"tag-stuttgart","22":"tag-sven-georg-adenauer","23":"tag-thorsten-kiesewetter","24":"tag-tugba-tekkal","25":"tag-ulf-sobek","26":"tag-vfb-stuttgart","27":"tag-wilke-stroman"},"share_on_mastodon":{"url":"https:\/\/pubeurope.com\/@de\/115273543960082226","error":""},"_links":{"self":[{"href":"https:\/\/www.europesays.com\/de\/wp-json\/wp\/v2\/posts\/453253","targetHints":{"allow":["GET"]}}],"collection":[{"href":"https:\/\/www.europesays.com\/de\/wp-json\/wp\/v2\/posts"}],"about":[{"href":"https:\/\/www.europesays.com\/de\/wp-json\/wp\/v2\/types\/post"}],"author":[{"embeddable":true,"href":"https:\/\/www.europesays.com\/de\/wp-json\/wp\/v2\/users\/2"}],"replies":[{"embeddable":true,"href":"https:\/\/www.europesays.com\/de\/wp-json\/wp\/v2\/comments?post=453253"}],"version-history":[{"count":0,"href":"https:\/\/www.europesays.com\/de\/wp-json\/wp\/v2\/posts\/453253\/revisions"}],"wp:featuredmedia":[{"embeddable":true,"href":"https:\/\/www.europesays.com\/de\/wp-json\/wp\/v2\/media\/444611"}],"wp:attachment":[{"href":"https:\/\/www.europesays.com\/de\/wp-json\/wp\/v2\/media?parent=453253"}],"wp:term":[{"taxonomy":"category","embeddable":true,"href":"https:\/\/www.europesays.com\/de\/wp-json\/wp\/v2\/categories?post=453253"},{"taxonomy":"post_tag","embeddable":true,"href":"https:\/\/www.europesays.com\/de\/wp-json\/wp\/v2\/tags?post=453253"}],"curies":[{"name":"wp","href":"https:\/\/api.w.org\/{rel}","templated":true}]}}