{"id":453691,"date":"2025-09-27T05:01:12","date_gmt":"2025-09-27T05:01:12","guid":{"rendered":"https:\/\/www.europesays.com\/de\/453691\/"},"modified":"2025-09-27T05:01:12","modified_gmt":"2025-09-27T05:01:12","slug":"stuttgarter-arzt-gibt-tipps-so-kommt-man-gesund-durch-die-wasenzeit","status":"publish","type":"post","link":"https:\/\/www.europesays.com\/de\/453691\/","title":{"rendered":"Stuttgarter Arzt gibt Tipps: So kommt man gesund durch die Wasenzeit"},"content":{"rendered":"<p>\t\t\t\t\t\t\t\t\t\t\t\t\t\t\t\t\t\t\t\t\t\t\t\t\t\t\t\t      \t\t            \t\t             \t\t\t\t   \t\t\t\t\t   <img decoding=\"async\" id=\"article-image\" fetchpriority=\"high\" alt=\"Stuttgarter Arzt gibt Tipps: So kommt man gesund durch die Wasenzeit\" title=\"Stuttgarter Arzt gibt Tipps: So kommt man gesund durch die Wasenzeit\" src=\"https:\/\/www.europesays.com\/de\/wp-content\/uploads\/2025\/09\/media.media.869ccefe-dab6-46af-8bc3-609e13d33b7d.16x9_700.jpg\" data-linkto=\"https:\/\/www.stuttgarter-nachrichten.de\/javascript:void(0);\"\/>\t\t\t\t\t\t\t\t\t\t\t\t\t\t\t\t\t\t\t\t\t\t\t\tDicht gedr\u00e4ngt in den Festzelten \u2013 da verbreiten sich die Viren schnell.\u00a0Foto: Bernd Wei\u00dfbrod\/dpa\t\t\t<\/p>\n<p>In den Festzelten verbreiten sich Viren und die Achterbahn ruiniert den R\u00fccken. Ein Stuttgarter Arzt gibt sieben Tipps, wie man das Cannstatter Volksfest gesund \u00fcbersteht.<\/p>\n<p>In M\u00fcnchen ist sie ber\u00fchmt-ber\u00fcchtigt: die sogenannte Wiesn-Grippe, die Jahr f\u00fcr Jahr kurz nach dem Oktoberfest in der bayerischen Hauptstadt grassiert. Auch wenn es in <a href=\"https:\/\/www.stuttgarter-nachrichten.de\/thema\/Stuttgart\" title=\"Stuttgart\" class=\"art_thema\" target=\"_blank\" rel=\"noopener\">Stuttgart<\/a> keinen festen Begriff daf\u00fcr gibt, kennt man das Ph\u00e4nomen auch hier. \u201eErk\u00e4ltungskrankheiten verbreiten sich in den Bierzelten in Windeseile\u201c, sagt Markus Klett, Allgemeinmediziner und Vorsitzender der \u00c4rzteschaft Stuttgart. Nach dem <a href=\"https:\/\/www.stuttgarter-nachrichten.de\/inhalt.stuttgart-album-zum-volksfest-tradition-trachten-tina-turner-das-cannstatter-volksfest-im-wandel-der-zeit.fc9464a6-5b28-4a10-b792-edc2d236dd54.html\" target=\"_blank\" rel=\"noopener\">Volksfest auf dem Cannstatter Wasen <\/a>nehme die Zahl der Patienten und Patientinnen mit Infekten der oberen Atemwege schlagartig zu. Der Stuttgarter Arzt gibt sieben Tipps, mit denen man einen Wasen-Besuch m\u00f6glichst unbeschadet \u00fcbersteht. <\/p>\n<p>R\u00fccksicht nehmen <\/p>\n<p>\u201eWer sich bereits etwas krank f\u00fchlt, sollte im Sinne der anderen darauf verzichten, zum Volksfest zu gehen\u201c, mahnt Markus Klett. Denn dicht gedr\u00e4ngt im Bierzelt sei es unvermeidbar, dass man seine Nebensitzer ebenfalls anstecke. <\/p>\n<p>  Gute Vorbereitung <\/p>\n<p>Als gute Vorbereitung f\u00fcr einen Wasen-Besuch empfiehlt der Gesundheitsexperte in den Tagen davor ausreichend Schlaf und Bewegung: \u201eWer fit ist, kann sich so eine Sause auch mal erlauben.\u201c<\/p>\n<p>Kontrollierter Alkoholkonsum <\/p>\n<p>Der wohl wichtigste und doch am wenigsten befolgte Tipp f\u00fcr einen glimpflichen Besuch des <a href=\"https:\/\/www.stuttgarter-nachrichten.de\/inhalt.cannstatter-volksfest-traditioneller-umzug-sorgt-fuer-sperrungen-in-bad-cannstatt.081e5680-accb-4c7c-8514-d0105fc55dc2.html\" target=\"_blank\" rel=\"noopener\">Cannstatter Volksfestes <\/a>lautet: \u201eDer Alkoholkonsum sollte kontrolliert ablaufen.\u201c Denn bei vielen Menschen auf begrenztem Raum steigt mit dem Alkoholpegel auch das Risiko der Verletzung. \u201eBetrunkenes Tanzen auf Tischen und B\u00e4nken sollte man lieber vermeiden \u2013 schon allein, um die sch\u00f6nen Trachten zu schonen\u201c, sagt Markus Klett mit einem Augenzwinkern. Dass \u00fcbertriebener Alkoholkonsum der <a href=\"https:\/\/www.stuttgarter-nachrichten.de\/thema\/Gesundheit\" title=\"Gesundheit\" class=\"art_thema\" target=\"_blank\" rel=\"noopener\">Gesundheit<\/a> schade, d\u00fcrfte ohnehin bekannt sein. <\/p>\n<p> Hygieneregeln beachten <\/p>\n<p>Die Hygiene wird mit steigendem Alkoholkonsum oft vernachl\u00e4ssigt \u2013 doch das H\u00e4ndewaschen besonders nach dem Toilettengang kann dazu beitragen, gesund zu bleiben. <\/p>\n<p>Fahrgesch\u00e4fte mit Vorsicht genie\u00dfen <\/p>\n<p>Auch au\u00dferhalb des Bierzeltes lauern gesundheitliche Gefahren: Bei einigen Fahrgesch\u00e4ften, wie beispielsweise beim Fortress Tower oder Loop Fighter, wirken enorme Kr\u00e4fte. \u201eMenschen mit Vorerkrankungen wie erh\u00f6htem Blutdruck oder Herz- und Kreislaufleiden sollten solche Fahrgesch\u00e4fte unbedingt meiden\u201c, sagt Klett. Auch bei R\u00fcckenbeschwerden eignen sich insbesondere jene Fahrgesch\u00e4fte nicht, die schlagartig stoppen. \u201eBeim Riesenrad sehe ich keine Probleme \u2013 es sei denn, man leidet unter H\u00f6henangst\u201c, so Klett. <\/p>\n<p>Rechtzeitig an Impfungen denken <\/p>\n<p>Neben den Erk\u00e4ltungen beginnt nun auch die Saison f\u00fcr Grippe und Corona, die sich ebenfalls in den Festzelten verbreiten. \u201eWer sich davor sch\u00fctzen will, kann nun auch seine Impfungen auffrischen \u2013 m\u00f6glichst ein paar Tage vor dem Besuch des Volksfests\u201c, sagt Klett. Bei \u00e4lteren Personen ab 60 Jahren empfehle er auch die Pneumokokken-Impfung, die vor Lungenentz\u00fcndung sch\u00fctzen kann. <\/p>\n<p> Aggressivit\u00e4t vermeiden <\/p>\n<p>Ein guter Rat f\u00fcr den Volksfestbesuch, aber auch grunds\u00e4tzlich, ist: \u201eSich so zu benehmen, dass man andere nicht sch\u00e4digt\u201c, sagt Klett. Seiner Meinung nach sollte dies aber ohnehin selbstverst\u00e4ndlich sein. <\/p>\n<p>Doch auch wer all die Tipps befolgt, hat keine Garantie, gesund zu bleiben. Denn: Die beste Prophylaxe ist immer noch, sich den Bakterien und Viren erst gar nicht auszusetzen\u201c, gibt der Allgemeinmediziner zu bedenken. Allerdings ist der Spa\u00df es f\u00fcr viele sicherlich auch wert, vielleicht eine <a href=\"https:\/\/www.stuttgarter-nachrichten.de\/thema\/Erk%C3%A4ltung\" title=\"Erk\u00e4ltung\" class=\"art_thema\" target=\"_blank\" rel=\"noopener\">Erk\u00e4ltung<\/a> zu riskieren.<\/p>\n","protected":false},"excerpt":{"rendered":"Dicht gedr\u00e4ngt in den Festzelten \u2013 da verbreiten sich die Viren schnell.\u00a0Foto: Bernd Wei\u00dfbrod\/dpa In den Festzelten verbreiten&hellip;\n","protected":false},"author":2,"featured_media":453692,"comment_status":"","ping_status":"","sticky":false,"template":"","format":"standard","meta":{"footnotes":""},"categories":[1830],"tags":[1634,19378,3364,29,38571,30,141,1441],"class_list":{"0":"post-453691","1":"post","2":"type-post","3":"status-publish","4":"format-standard","5":"has-post-thumbnail","7":"category-stuttgart","8":"tag-baden-wuerttemberg","9":"tag-cannstatter-volksfest","10":"tag-de","11":"tag-deutschland","12":"tag-erkaeltung","13":"tag-germany","14":"tag-gesundheit","15":"tag-stuttgart"},"share_on_mastodon":{"url":"https:\/\/pubeurope.com\/@de\/115274506876595931","error":""},"_links":{"self":[{"href":"https:\/\/www.europesays.com\/de\/wp-json\/wp\/v2\/posts\/453691","targetHints":{"allow":["GET"]}}],"collection":[{"href":"https:\/\/www.europesays.com\/de\/wp-json\/wp\/v2\/posts"}],"about":[{"href":"https:\/\/www.europesays.com\/de\/wp-json\/wp\/v2\/types\/post"}],"author":[{"embeddable":true,"href":"https:\/\/www.europesays.com\/de\/wp-json\/wp\/v2\/users\/2"}],"replies":[{"embeddable":true,"href":"https:\/\/www.europesays.com\/de\/wp-json\/wp\/v2\/comments?post=453691"}],"version-history":[{"count":0,"href":"https:\/\/www.europesays.com\/de\/wp-json\/wp\/v2\/posts\/453691\/revisions"}],"wp:featuredmedia":[{"embeddable":true,"href":"https:\/\/www.europesays.com\/de\/wp-json\/wp\/v2\/media\/453692"}],"wp:attachment":[{"href":"https:\/\/www.europesays.com\/de\/wp-json\/wp\/v2\/media?parent=453691"}],"wp:term":[{"taxonomy":"category","embeddable":true,"href":"https:\/\/www.europesays.com\/de\/wp-json\/wp\/v2\/categories?post=453691"},{"taxonomy":"post_tag","embeddable":true,"href":"https:\/\/www.europesays.com\/de\/wp-json\/wp\/v2\/tags?post=453691"}],"curies":[{"name":"wp","href":"https:\/\/api.w.org\/{rel}","templated":true}]}}