{"id":453721,"date":"2025-09-27T05:17:16","date_gmt":"2025-09-27T05:17:16","guid":{"rendered":"https:\/\/www.europesays.com\/de\/453721\/"},"modified":"2025-09-27T05:17:16","modified_gmt":"2025-09-27T05:17:16","slug":"ihre-kinder-schlafen-in-klamotten","status":"publish","type":"post","link":"https:\/\/www.europesays.com\/de\/453721\/","title":{"rendered":"Ihre Kinder schlafen in Klamotten"},"content":{"rendered":"<p>Hamburg\/M\u00fcnchen &#8211; <b>Schauspielerin <\/b><a href=\"https:\/\/www.tag24.de\/unterhaltung\/promis\/nina-bott\" rel=\"nofollow noopener\" target=\"_blank\">Nina Bott<\/a><b> (47) gab am Rande von &#8222;<\/b><a href=\"https:\/\/www.tag24.de\/unterhaltung\/promis\/cathy-hummels\" rel=\"nofollow noopener\" target=\"_blank\">Cathy Hummels<\/a><b> Wiesnbummel&#8220; einen kuriosen Erziehungstipp. Die vierfache Mutter legt ihre Kinder ab und zu angezogen schlafen. <\/b><\/p>\n<p>            <img loading=\"lazy\" decoding=\"async\" class=\"article__img\" alt=\"Nina Bott (47) gab bei ihrem Oktoberfest-Besuch Erziehungstipps.\" width=\"951\" height=\"634\" src=\"https:\/\/www.europesays.com\/de\/wp-content\/uploads\/2025\/09\/2gqejcbauh0hzl0tzugiowqygza62bev.jpg\"  \/><\/p>\n<p>            Nina Bott (47) gab bei ihrem Oktoberfest-Besuch Erziehungstipps.\u00a0\u00a0\u00a9\u00a0Instagram\/ninabott<\/p>\n<p>Wer am n\u00e4chsten Morgen in voller Klamotte aufwacht, hat wohl in aller Regel auch einen ziemlichen Sch\u00e4del. Doch im Hause Bott hat ein in Kleidern verbrachter Schlaf rein gar nichts mit einer durchzechten Nacht zu tun. <\/p>\n<p>Hierbei handelt es sich um einen Erziehungstipp von Vierfach-Mama Nina Bott, die von <a href=\"https:\/\/www.bunte.de\/stars\/star-life\/nina-bott-legt-ihre-kinder-manchmal-in-klamotten-ins-bett_e34f318f-cac8-4d0f-83b7-2367b4e5af05.html\" target=\"_blank\" rel=\"noopener nofollow\" data-vars-href=\"https:\/\/www.bunte.de\/stars\/star-life\/nina-bott-legt-ihre-kinder-manchmal-in-klamotten-ins-bett_e34f318f-cac8-4d0f-83b7-2367b4e5af05.html\" data-vars->Bunte<\/a> auf dem <a href=\"https:\/\/www.tag24.de\/muenchen\/oktoberfest\" rel=\"nofollow noopener\" target=\"_blank\">Oktoberfest <\/a>um Ratschl\u00e4gen f\u00fcr einen entspannten Morgen mit Kindern gebeten wurde. <\/p>\n<p>&#8222;Weniger Stress, den Druck rausnehmen, lieber eine halbe Stunde fr\u00fcher aufstehen&#8220;, riet die ehemalige <a href=\"https:\/\/www.tag24.de\/unterhaltung\/tv\/dschungelcamp\" rel=\"nofollow noopener\" target=\"_blank\">Dschungelcamp<\/a>-Teilnehmerin zun\u00e4chst.<\/p>\n<p>                             <a data-aid=\"3400428\" data-atype=\"news\" data-aplacement=\"inread-article\" data-aplacementid=\"3423794\" href=\"https:\/\/www.tag24.de\/unterhaltung\/promis\/nina-bott\/rtl-swingerparty-mit-reality-stars-nina-bott-ist-irritiert-3400428\" rel=\"nofollow noopener\" target=\"_blank\"><img loading=\"lazy\" decoding=\"async\" width=\"85\" height=\"57\" alt=\"RTL-Swingerparty mit Reality-Stars? Nina Bott ist irritiert\" src=\"https:\/\/www.europesays.com\/de\/wp-content\/uploads\/2025\/09\/hnq1std0ra2sfj2xqv6tju5v8tq612ky.jpg\"\/><\/a><\/p>\n<p>            Nina Bott<br \/>\n                            <a class=\"inread-article__headline\" data-aid=\"3400428\" data-atype=\"news\" data-aplacement=\"inread-article\" data-aplacementid=\"3423794\" href=\"https:\/\/www.tag24.de\/unterhaltung\/promis\/nina-bott\/rtl-swingerparty-mit-reality-stars-nina-bott-ist-irritiert-3400428\" rel=\"nofollow noopener\" target=\"_blank\">RTL-Swingerparty mit Reality-Stars? Nina Bott ist irritiert<\/a><\/p>\n<p>Dann r\u00fcckte sie mit einem weitaus skurrilerem Tipp raus. &#8222;Manchmal lege ich die Kinder, wenn es ganz schnell gehen muss, in den Klamotten f\u00fcr den n\u00e4chsten Tag ins Bett&#8220;, so die 47-J\u00e4hrige. <\/p>\n<p><b>&#8222;Also nicht mit Jeans oder Kleidchen, aber mit Klamotten, die bequem sind. Eine Leggins mit Sweater zum Beispiel&#8220;, f\u00fcgt Bott an. Das w\u00fcrde am n\u00e4chsten Morgen wahnsinnig viel Zeit sparen.<\/b><\/p>\n<p>            <img decoding=\"async\" class=\"article__img\" alt=\"Nina Bott (47) hat vier Kinder, drei davon mit ihrem jetzigen Mann Benjamin Baarz.\" width=\"951\" height=\"634\" loading=\"lazy\" src=\"https:\/\/www.europesays.com\/de\/wp-content\/uploads\/2025\/09\/mqf2nh9l2hihj1dyopokfjrqh4t5135d.jpg\"  \/><\/p>\n<p>            Nina Bott (47) hat vier Kinder, drei davon mit ihrem jetzigen Mann Benjamin Baarz.\u00a0\u00a0\u00a9\u00a0Instagram\/ninabott<\/p>\n<p>&#8222;Meine Neunj\u00e4hrige w\u00fcrde das nicht mehr machen, aber der Vierj\u00e4hrige und der Sechsj\u00e4hrige schon. Im Sommer haben die sowieso immer nur Fu\u00dfballtrikots getragen. Dann schlafen die damit schon. Da hat man morgens gleich 10 oder 15 Minuten gespart&#8220;, erl\u00e4utert die <a href=\"https:\/\/www.tag24.de\/hamburg\" rel=\"nofollow noopener\" target=\"_blank\">Hamburgerin<\/a>. <\/p>\n<p>Besonders praktisch sei der Trick, wenn es am n\u00e4chsten Morgen in aller Fr\u00fche zum Flughafen gehen w\u00fcrde.<\/p>\n<p>Das klingt zwar kurios, die Schauspielerin hat mit ihren vier Kindern Lennox Kaiser (21), Luna (9), Lio (6) und Lobo (4) das Muttersein aber zugegebenerma\u00dfen auch schon bis zum End-Level durchgespielt.<\/p>\n<p>                             <a data-aid=\"3418752\" data-atype=\"news\" data-aplacement=\"inread-article\" data-aplacementid=\"3423794\" href=\"https:\/\/www.tag24.de\/unterhaltung\/promis\/nina-bott\/nina-bott-auf-180-das-regt-mich-richtig-auf-3418752\" rel=\"nofollow noopener\" target=\"_blank\"><img loading=\"lazy\" decoding=\"async\" width=\"85\" height=\"57\" alt=\"Nina Bott auf 180: &quot;Das regt mich richtig auf&quot;\" src=\"https:\/\/www.europesays.com\/de\/wp-content\/uploads\/2025\/09\/63m8gw229tr5xnymu8vspltodfflp2ow.jpg\"\/><\/a><\/p>\n<p>            Nina Bott<br \/>\n                            <a class=\"inread-article__headline\" data-aid=\"3418752\" data-atype=\"news\" data-aplacement=\"inread-article\" data-aplacementid=\"3423794\" href=\"https:\/\/www.tag24.de\/unterhaltung\/promis\/nina-bott\/nina-bott-auf-180-das-regt-mich-richtig-auf-3418752\" rel=\"nofollow noopener\" target=\"_blank\">Nina Bott auf 180: &#8222;Das regt mich richtig auf&#8220;<\/a><\/p>\n<p><b>Wer demn\u00e4chst also einen stressigen Morgen mit den Kindern vor der Brust hat, sollte sich den Rat wohl mal durch den Kopf gehen lassen. <\/b><\/p>\n","protected":false},"excerpt":{"rendered":"Hamburg\/M\u00fcnchen &#8211; Schauspielerin Nina Bott (47) gab am Rande von &#8222;Cathy Hummels Wiesnbummel&#8220; einen kuriosen Erziehungstipp. Die vierfache&hellip;\n","protected":false},"author":2,"featured_media":453722,"comment_status":"","ping_status":"","sticky":false,"template":"","format":"standard","meta":{"footnotes":""},"categories":[1776],"tags":[1801,29,214,30,1802,215],"class_list":{"0":"post-453721","1":"post","2":"type-post","3":"status-publish","4":"format-standard","5":"has-post-thumbnail","7":"category-prominente","8":"tag-celebrities","9":"tag-deutschland","10":"tag-entertainment","11":"tag-germany","12":"tag-prominente","13":"tag-unterhaltung"},"share_on_mastodon":{"url":"https:\/\/pubeurope.com\/@de\/115274569948906198","error":""},"_links":{"self":[{"href":"https:\/\/www.europesays.com\/de\/wp-json\/wp\/v2\/posts\/453721","targetHints":{"allow":["GET"]}}],"collection":[{"href":"https:\/\/www.europesays.com\/de\/wp-json\/wp\/v2\/posts"}],"about":[{"href":"https:\/\/www.europesays.com\/de\/wp-json\/wp\/v2\/types\/post"}],"author":[{"embeddable":true,"href":"https:\/\/www.europesays.com\/de\/wp-json\/wp\/v2\/users\/2"}],"replies":[{"embeddable":true,"href":"https:\/\/www.europesays.com\/de\/wp-json\/wp\/v2\/comments?post=453721"}],"version-history":[{"count":0,"href":"https:\/\/www.europesays.com\/de\/wp-json\/wp\/v2\/posts\/453721\/revisions"}],"wp:featuredmedia":[{"embeddable":true,"href":"https:\/\/www.europesays.com\/de\/wp-json\/wp\/v2\/media\/453722"}],"wp:attachment":[{"href":"https:\/\/www.europesays.com\/de\/wp-json\/wp\/v2\/media?parent=453721"}],"wp:term":[{"taxonomy":"category","embeddable":true,"href":"https:\/\/www.europesays.com\/de\/wp-json\/wp\/v2\/categories?post=453721"},{"taxonomy":"post_tag","embeddable":true,"href":"https:\/\/www.europesays.com\/de\/wp-json\/wp\/v2\/tags?post=453721"}],"curies":[{"name":"wp","href":"https:\/\/api.w.org\/{rel}","templated":true}]}}