{"id":453809,"date":"2025-09-27T06:09:50","date_gmt":"2025-09-27T06:09:50","guid":{"rendered":"https:\/\/www.europesays.com\/de\/453809\/"},"modified":"2025-09-27T06:09:50","modified_gmt":"2025-09-27T06:09:50","slug":"trotz-buergerwunsch-dritter-wochenmarkt-in-garbsen-auf-dem-rathausplatz-leider-nicht-in-sicht","status":"publish","type":"post","link":"https:\/\/www.europesays.com\/de\/453809\/","title":{"rendered":"Trotz B\u00fcrgerwunsch &#8211; Dritter Wochenmarkt in Garbsen auf dem Rathausplatz leider nicht in Sicht"},"content":{"rendered":"<p>            <a href=\"https:\/\/garbsen-city-news.de\/wp-content\/uploads\/2025\/09\/Luftbild-Google-earth-11-2.png\" data-caption=\"Stadt Garbsen will weiterhin nach Betreibern suchen\/Themenfoto\" rel=\"nofollow noopener\" target=\"_blank\"><img loading=\"lazy\" decoding=\"async\" width=\"696\" height=\"392\" class=\"entry-thumb td-modal-image\" src=\"https:\/\/www.europesays.com\/de\/wp-content\/uploads\/2025\/09\/Luftbild-Google-earth-11-2-696x392.png\"   alt=\"\" title=\"Luftbild Google earth-11\"\/><\/a>Stadt Garbsen will weiterhin nach Betreibern suchen\/Themenfoto<\/p>\n<p><strong>Garbsen \u2013<\/strong> Trotz B\u00fcrgerwunsch \u2013 Dritter Wochenmarkt in Garbsen auf dem Rathausplatz leider nicht in Sicht<\/p>\n<p data-start=\"154\" data-end=\"768\">Vor ziemlich genau einem Jahr startete die Stadt Garbsen eine Umfrage zur Einrichtung eines zus\u00e4tzlichen Wochenmarktes auf dem Rathausplatz. Die Resonanz war eindeutig: Die Garbsenerinnen und Garbsener fanden die Idee sehr attraktiv. Zahlreiche B\u00fcrgerinnen und B\u00fcrger nahmen damals teil, gaben konstruktive Vorschl\u00e4ge ab und \u00e4u\u00dferten den Wunsch nach einer weiteren Einkaufsgelegenheit mitten im Herzen der Stadt. <a href=\"https:\/\/garbsen-city-news.de\/aktuelles\/wollen-die-garbsener-einen-weiteren-wochenmarkt-auf-dem-rathausplatz-jetzt-an-umfrage-teilnehmen\/\" rel=\"nofollow noopener\" target=\"_blank\"><strong>(Hier geht es zum damaligen Bericht)<\/strong><\/a><\/p>\n<p data-start=\"770\" data-end=\"1034\">Derzeit gibt es zwei etablierte Wochenm\u00e4rkte. Donnerstags auf dem Kastanienplatz in Altgarbsen und freitags in Auf der Horst. Ein zus\u00e4tzlicher gro\u00dfer Markt auf dem Rathausplatz h\u00e4tte nach Ansicht vieler B\u00fcrgerinnen und B\u00fcrger eine echte Bereicherung sein k\u00f6nnen.<\/p>\n<p data-start=\"1036\" data-end=\"1457\">Auf Anfrage von Garbsen-City-News erkl\u00e4rt Stadtsprecher Benjamin Irvin:<br data-start=\"1107\" data-end=\"1110\"\/>\u201eDie Resonanz der Garbsener B\u00fcrgerinnen und B\u00fcrger auf die Idee eines dritten Wochenmarktes in unserer Stadt war sehr positiv. Viele Menschen haben im Rahmen der Befragung ihr Interesse bekundet und deutlich gemacht, dass sie die bestehenden Wochenm\u00e4rkte sch\u00e4tzen und sich eine weitere Einkaufsm\u00f6glichkeit am Rathausplatz gut vorstellen k\u00f6nnen.\u201c<\/p>\n<p data-start=\"1459\" data-end=\"1850\">Die Stadt habe dieses Signal ernst genommen und in den vergangenen Monaten intensive Gespr\u00e4che mit der Deutschen Marktgilde gef\u00fchrt. Doch bisher ohne Erfolg. \u201eLeider konnten die Gespr\u00e4che bislang nicht zu einer Umsetzung f\u00fchren. Hintergrund sind vor allem Kapazit\u00e4tsengp\u00e4sse bei der Marktgilde, die die Durchf\u00fchrung eines weiteren Wochenmarktes derzeit nicht gew\u00e4hrleisten kann\u201c, so Irvin.<\/p>\n<p data-start=\"1852\" data-end=\"2277\">Trotzdem h\u00e4lt die Stadt am Ziel fest, den Rathausplatz zu beleben. Irvin betont:<br data-start=\"1932\" data-end=\"1935\"\/>\u201eUnser Ziel bleibt es, den Rathausplatz weiter zu beleben und attraktive Angebote f\u00fcr die B\u00fcrgerinnen und B\u00fcrger zu schaffen. Deshalb werden wir die Entwicklung weiterhin aufmerksam verfolgen und mit m\u00f6glichen Partnern im Gespr\u00e4ch bleiben. Sobald sich eine realistische M\u00f6glichkeit zur Umsetzung ergibt, wird die Stadt diese Chance nutzen.\u201c<\/p>\n<p data-start=\"2279\" data-end=\"2632\">Unabh\u00e4ngig von den offenen Pl\u00e4nen f\u00fcr einen Markt investiert die Stadt weiterhin in die Attraktivit\u00e4t des Rathausplatzes. Regelm\u00e4\u00dfige Veranstaltungen wie der dreiw\u00f6chige Weihnachtszauber, die kostenlosen Kulturangebote im Rahmen von <strong data-start=\"2512\" data-end=\"2527\">GarbsenLive<\/strong> oder sportliche Events wie der Citylauf und die Sportlerehrung sorgen bereits f\u00fcr Leben auf dem Platz.<\/p>\n<p data-start=\"2634\" data-end=\"2810\">Ob und wann der lang ersehnte Wochenmarkt auf dem Rathausplatz tats\u00e4chlich Realit\u00e4t wird, bleibt somit offen \u2013 das Interesse der Bev\u00f6lkerung ist jedenfalls nach wie vor gro\u00df.<\/p>\n<p data-start=\"2634\" data-end=\"2810\">GCN\/bs<\/p>\n<p>\u00a0<\/p>\n","protected":false},"excerpt":{"rendered":"Stadt Garbsen will weiterhin nach Betreibern suchen\/Themenfoto Garbsen \u2013 Trotz B\u00fcrgerwunsch \u2013 Dritter Wochenmarkt in Garbsen auf dem&hellip;\n","protected":false},"author":2,"featured_media":453810,"comment_status":"","ping_status":"","sticky":false,"template":"","format":"standard","meta":{"footnotes":""},"categories":[1836],"tags":[3364,29,30,46,1411],"class_list":{"0":"post-453809","1":"post","2":"type-post","3":"status-publish","4":"format-standard","5":"has-post-thumbnail","7":"category-hannover","8":"tag-de","9":"tag-deutschland","10":"tag-germany","11":"tag-hannover","12":"tag-niedersachsen"},"share_on_mastodon":{"url":"https:\/\/pubeurope.com\/@de\/115274778284143319","error":""},"_links":{"self":[{"href":"https:\/\/www.europesays.com\/de\/wp-json\/wp\/v2\/posts\/453809","targetHints":{"allow":["GET"]}}],"collection":[{"href":"https:\/\/www.europesays.com\/de\/wp-json\/wp\/v2\/posts"}],"about":[{"href":"https:\/\/www.europesays.com\/de\/wp-json\/wp\/v2\/types\/post"}],"author":[{"embeddable":true,"href":"https:\/\/www.europesays.com\/de\/wp-json\/wp\/v2\/users\/2"}],"replies":[{"embeddable":true,"href":"https:\/\/www.europesays.com\/de\/wp-json\/wp\/v2\/comments?post=453809"}],"version-history":[{"count":0,"href":"https:\/\/www.europesays.com\/de\/wp-json\/wp\/v2\/posts\/453809\/revisions"}],"wp:featuredmedia":[{"embeddable":true,"href":"https:\/\/www.europesays.com\/de\/wp-json\/wp\/v2\/media\/453810"}],"wp:attachment":[{"href":"https:\/\/www.europesays.com\/de\/wp-json\/wp\/v2\/media?parent=453809"}],"wp:term":[{"taxonomy":"category","embeddable":true,"href":"https:\/\/www.europesays.com\/de\/wp-json\/wp\/v2\/categories?post=453809"},{"taxonomy":"post_tag","embeddable":true,"href":"https:\/\/www.europesays.com\/de\/wp-json\/wp\/v2\/tags?post=453809"}],"curies":[{"name":"wp","href":"https:\/\/api.w.org\/{rel}","templated":true}]}}