{"id":453819,"date":"2025-09-27T06:14:12","date_gmt":"2025-09-27T06:14:12","guid":{"rendered":"https:\/\/www.europesays.com\/de\/453819\/"},"modified":"2025-09-27T06:14:12","modified_gmt":"2025-09-27T06:14:12","slug":"bewahrte-uns-vor-schlimmerem-torwart-hein-meistert-werder-debuet","status":"publish","type":"post","link":"https:\/\/www.europesays.com\/de\/453819\/","title":{"rendered":"&#8222;Bewahrte uns vor Schlimmerem&#8220;: Torwart Hein meistert Werder-Deb\u00fct"},"content":{"rendered":"<p class=\"article-toplinewrapper\">\n<p>Standdatum: 27. September 2025.<\/p>\n<p><img decoding=\"async\" class=\"image -image-with-fallback -image-rounded  lazyload\" src=\"data:image\/gif;base64,R0lGODlhEAAJAIAAAP\/\/\/\/\/\/\/yH5BAEKAAEALAAAAAAQAAkAAAIKjI+py+0Po5yUFQA7\"   alt=\"Werders Ersatztorwart Karl Hein springt im Get\u00fcmmel vor seinem Tor hoch und greift den Ball, denn Spieler der Bayern geschossen hatten.\" data-image-owner=\"Imago | Kolbert-Press\" data-image-title=\"Werders Ersatztorwart Karl Hein springt im Get\u00fcmmel vor seinem Tor hoch und greift den Ball, denn Spieler der Bayern geschossen hatten.\" data-image-src=\"https:\/\/www.butenunbinnen.de\/bilder\/fussball-bundesliga-bayern-werder-hein-100~_v-800x450_c-1758950651597.jpg\" data-image-rights-src=\"\/bilder\/fussball-bundesliga-bayern-werder-hein-100~_v-640x360_c-1758950651597.jpg\"\/><\/p>\n<p>Werders Ersatz-Torwart Karl Hein gl\u00e4nzte bei seinem Bundesliga-Deb\u00fct gegen Bayern M\u00fcnchen mit einigen Paraden.<\/p>\n<p>Bild: Imago | Kolbert-Press<\/p>\n<p class=\"article-intro\">Beim ersten Bundesliga-Einsatz in M\u00fcnchen ran zu m\u00fcssen, ist undankbar. Doch Ersatz-Torwart Karl Hein war Werders bester Mann gegen die Bayern. Nur das 0:4 \u00e4rgerte ihn.<\/p>\n<p>Karl Hein steht in den Katakomben der M\u00fcnchner Fu\u00dfball-Arena und ist hin- und hergerissen. &#8222;Vier Tore zu kassieren, ist viel f\u00fcr einen Torwart&#8220;, st\u00f6hnt der 23-J\u00e4hrige nach dem 0:4 mit Werder Bremen gegen Tabellenf\u00fchrer Bayern M\u00fcnchen.\u00a0<\/p>\n<p>Aber ohne ihn w\u00e4re es noch schlimmer gekommen. Denn der Nationaltorwart Estlands hielt bei seinem Bundesliga-Deb\u00fct sehr gut \u2013 auch wenn er am Ende vier Treffer hinnehmen musste.<\/p>\n<p>Komplimente f\u00fcr den Deb\u00fctanten<\/p>\n<p><a href=\"https:\/\/www.butenunbinnen.de\/bilder\/fussball-bundesliga-bayern-werder-hein-102~_v-512x288_c-1758952028101.jpg\" data-gallery-entry-for=\"fussball-bundesliga-werder-hein-debuet-100\" data-size=\"2560x1440\" class=\"text-link\" target=\"_blank\" rel=\"noopener\"><\/p>\n<p><img decoding=\"async\" class=\"image -image-with-fallback -image-rounded  lazyload\" src=\"data:image\/gif;base64,R0lGODlhEAAJAIAAAP\/\/\/\/\/\/\/yH5BAEKAAEALAAAAAAQAAkAAAIKjI+py+0Po5yUFQA7\"   alt=\"Werders Ersatz-Torwart Karl Hein erwartet im Spiel selbstbewusst einen Eckball von Bayern M\u00fcnchen und h\u00e4lt dabei mit seinem Arm Gegenspieler Wisdom Mike auf Abstand.\" title=\"Bild: Imago | Ulmer \/ Teamfoto\" data-image-owner=\"Imago | Ulmer \/ Teamfoto\" data-image-title=\"Werders Ersatz-Torwart Karl Hein erwartet im Spiel selbstbewusst einen Eckball von Bayern M\u00fcnchen und h\u00e4lt dabei mit seinem Arm Gegenspieler Wisdom Mike auf Abstand.\" data-image-src=\"https:\/\/www.butenunbinnen.de\/bilder\/fussball-bundesliga-bayern-werder-hein-102~_v-512x288_c-1758952028101.jpg\" data-image-rights-src=\"\/bilder\/fussball-bundesliga-bayern-werder-hein-102~_v-640x360_c-1758952028101.jpg\"\/><\/p>\n<p><\/a><\/p>\n<p>Selbstbewusst beim Deb\u00fct: Werders Ersatz-Torwart Karl Hein (links) r\u00e4umte sich auch gegen Bayern-Gegenspieler Wisdom Mike seinen Platz ein.<\/p>\n<p>Bild: Imago | Ulmer \/ Teamfoto<\/p>\n<p>Als &#8222;top&#8220; bewertete jedenfalls Werder-Gesch\u00e4ftsf\u00fchrer Clemens Fritz die Deb\u00fct-Leistung Heins:&#8220;Riesenkompliment an ihn. Es gibt wirklich einfachere erste Bundesligaspiele als hier in M\u00fcnchen.&#8220; Auch Kapit\u00e4n Marco Friedl lobte den besten Bremer Akteur: &#8222;Karl h\u00e4lt drei, vier, f\u00fcnf B\u00e4lle \u00fcberragend. Er hat es sensationell gemacht.&#8220; Und Trainer Horst Steffen f\u00fcgte hinzu: &#8222;Hein hat uns vor Schlimmerem bewahrt.&#8220;<\/p>\n<p>Selbst der zweifache Bayern-Torsch\u00fctze Harry Kane scheiterte zweimal an ihm. &#8222;Es war eine Ehre, mein Deb\u00fct f\u00fcr Werder Bremen gegeben zu haben. Ich h\u00e4tte uns aber ein anderes Ergebnis gew\u00fcnscht&#8220;, kommentierte der 1,93 Meter gro\u00dfe Schlussmann. Hein bestach mehrfach in Eins-gegen-eins-Situationen. Vor der Pause kl\u00e4rte er sogar einmal mutig weit vor seinem Strafraum mit dem Kopf.<\/p>\n<p>&#8222;Bin hier, um meinen Job zu erledigen&#8220;<\/p>\n<p>Hein kam in M\u00fcnchen zum Einsatz, weil Bremens neue Nummer eins, Mio Backhaus, mit einer Schulterverletzung ausfiel. Und der vom FC Arsenal ausgeliehene Este konnte sich auf jeden Fall empfehlen.\u00a0Anspr\u00fcche auf weitere Eins\u00e4tze meldete Hein in M\u00fcnchen nicht an. <\/p>\n<p>&#8222;Ich bin hier, um meinen Job zu erledigen&#8220;, sagte er zu seiner Rolle, ob im Tor oder als Ersatzmann. Nat\u00fcrlich wolle er sich dem Konkurrenzkampf stellen. &#8222;Aber ich w\u00fcnsche niemandem eine Verletzung&#8220;, sagte er in Bezug auf seinen Torwart-Kollegen Backhaus, dem er vielmehr eine schnelle Genesung w\u00fcnschte.<\/p>\n<p>Spielzeit:<\/p>\n<p>\n 2021\/2022 2022\/2023 2023\/2024 2024\/2025 2025\/2026\n<\/p>\n<p>Spieltag:<\/p>\n<p>\n 1. Spieltag 2. Spieltag 3. Spieltag 4. Spieltag 5. Spieltag 6. Spieltag 7. Spieltag 8. Spieltag 9. Spieltag 10. Spieltag 11. Spieltag 12. Spieltag 13. Spieltag 14. Spieltag 15. Spieltag 16. Spieltag 17. Spieltag 18. Spieltag 19. Spieltag 20. Spieltag 21. Spieltag 22. Spieltag 23. Spieltag 24. Spieltag 25. Spieltag 26. Spieltag 27. Spieltag 28. Spieltag 29. Spieltag 30. Spieltag 31. Spieltag 32. Spieltag 33. Spieltag 34. Spieltag\n<\/p>\n<p>Anzeigen<\/p>\n<p>Spielplan<\/p>\n<p>Tabelle<\/p>\n<p>Legende:<\/p>\n<ul class=\"sport-tables-legend-list\">\n<li class=\"sport-tables-legend-entry -sport-tables-legend-entry-1\">\nChampions League\n<\/li>\n<li class=\"sport-tables-legend-entry -sport-tables-legend-entry-2\">\nEuropa League\n<\/li>\n<li class=\"sport-tables-legend-entry -sport-tables-legend-entry-4\">\nEuropa Conference League Quali.\n<\/li>\n<li class=\"sport-tables-legend-entry -sport-tables-legend-entry-6\">\nRelegation\n<\/li>\n<li class=\"sport-tables-legend-entry -sport-tables-legend-entry-8\">\nAbstieg\n<\/li>\n<\/ul>\n<p>Mehr zu Werder Bremen:<\/p>\n<p class=\"article-legal-agencies\"><strong>Quelle<\/strong>:<br \/>\ndpa.\n<\/p>\n<p class=\"article-legal-broadcast-reference\"><strong>Dieses Thema im Programm:<\/strong><br \/>\nBremen Eins, Nachrichten, 26. September 2025, 23 Uhr<\/p>\n","protected":false},"excerpt":{"rendered":"Standdatum: 27. September 2025. Werders Ersatz-Torwart Karl Hein gl\u00e4nzte bei seinem Bundesliga-Deb\u00fct gegen Bayern M\u00fcnchen mit einigen Paraden.&hellip;\n","protected":false},"author":2,"featured_media":453820,"comment_status":"","ping_status":"","sticky":false,"template":"","format":"standard","meta":{"footnotes":""},"categories":[1824],"tags":[2420,3364,29,30],"class_list":{"0":"post-453819","1":"post","2":"type-post","3":"status-publish","4":"format-standard","5":"has-post-thumbnail","7":"category-bremen","8":"tag-bremen","9":"tag-de","10":"tag-deutschland","11":"tag-germany"},"share_on_mastodon":{"url":"https:\/\/pubeurope.com\/@de\/115274793848949231","error":""},"_links":{"self":[{"href":"https:\/\/www.europesays.com\/de\/wp-json\/wp\/v2\/posts\/453819","targetHints":{"allow":["GET"]}}],"collection":[{"href":"https:\/\/www.europesays.com\/de\/wp-json\/wp\/v2\/posts"}],"about":[{"href":"https:\/\/www.europesays.com\/de\/wp-json\/wp\/v2\/types\/post"}],"author":[{"embeddable":true,"href":"https:\/\/www.europesays.com\/de\/wp-json\/wp\/v2\/users\/2"}],"replies":[{"embeddable":true,"href":"https:\/\/www.europesays.com\/de\/wp-json\/wp\/v2\/comments?post=453819"}],"version-history":[{"count":0,"href":"https:\/\/www.europesays.com\/de\/wp-json\/wp\/v2\/posts\/453819\/revisions"}],"wp:featuredmedia":[{"embeddable":true,"href":"https:\/\/www.europesays.com\/de\/wp-json\/wp\/v2\/media\/453820"}],"wp:attachment":[{"href":"https:\/\/www.europesays.com\/de\/wp-json\/wp\/v2\/media?parent=453819"}],"wp:term":[{"taxonomy":"category","embeddable":true,"href":"https:\/\/www.europesays.com\/de\/wp-json\/wp\/v2\/categories?post=453819"},{"taxonomy":"post_tag","embeddable":true,"href":"https:\/\/www.europesays.com\/de\/wp-json\/wp\/v2\/tags?post=453819"}],"curies":[{"name":"wp","href":"https:\/\/api.w.org\/{rel}","templated":true}]}}