{"id":454163,"date":"2025-09-27T09:25:15","date_gmt":"2025-09-27T09:25:15","guid":{"rendered":"https:\/\/www.europesays.com\/de\/454163\/"},"modified":"2025-09-27T09:25:15","modified_gmt":"2025-09-27T09:25:15","slug":"licht-stille-und-ausdruckskraft-die-bilder-der-woche-39","status":"publish","type":"post","link":"https:\/\/www.europesays.com\/de\/454163\/","title":{"rendered":"Licht, Stille und Ausdruckskraft: Die Bilder der Woche 39"},"content":{"rendered":"<ol class=\"a-toc__list\">\n<li class=\"a-toc__item&#10;          &#10;            a-toc__item--counter&#10;          &#10;            a-toc__item--current\">\n<p>              Licht, Stille und Ausdruckskraft: Die Bilder der Woche 39<\/p>\n<\/li>\n<\/ol>\n<p>    close notice<\/p>\n<p class=\"notice-banner__text a-u-mb-0\">\n      This article is also available in<br \/>\n        <a href=\"https:\/\/www.heise.de\/en\/news\/Light-silence-and-expressiveness-the-pictures-of-the-week-10672477.html\" class=\"notice-banner__link a-u-inline-link\" target=\"_blank\" rel=\"noopener\">English<\/a>.<\/p>\n<p>      It was translated with technical assistance and editorially reviewed before publication.\n    <\/p>\n<p class=\"notice-banner__link a-u-mb-0\">\n    Don\u2019t show this again.\n<\/p>\n<p>Unsere Bilderauswahl in dieser Woche entfaltet ganz unterschiedliche Perspektiven auf Architektur, Natur, Tierwelt und Sport. Jedes Foto erz\u00e4hlt seine eigene Geschichte, sei es durch urbane Lichtspiele, die majest\u00e4tische Ausstrahlung eines L\u00f6wen, stille Landschaften im Morgennebel oder die kraftvolle Pr\u00e4senz eines Sportlers. Erg\u00e4nzt durch stimmungsvolle Architekturaufnahmen und einen Blick in den Nachthimmel ergibt sich eine vielseitige Sammlung, die technische Pr\u00e4zision mit k\u00fcnstlerischer Ausdruckskraft verbindet.<\/p>\n<p>Lotte World Tower Seoul<\/p>\n<p>      <a href=\"https:\/\/www.heise.de\/imgs\/18\/4\/9\/4\/4\/4\/8\/4\/Lotte-World-Tower-Seoul-a2a57eb35761afd3.jpg\" target=\"_blank\" rel=\"noopener\"><\/p>\n<p>  <img loading=\"lazy\" decoding=\"async\" alt=\"\" height=\"801\" src=\"data:image\/svg+xml,%3Csvg xmlns='http:\/\/www.w3.org\/2000\/svg' width='696px' height='391px' viewBox='0 0 696 391'%3E%3Crect x='0' y='0' width='696' height='391' fill='%23f2f2f2'%3E%3C\/rect%3E%3C\/svg%3E\" style=\"aspect-ratio: 1200 \/ 801; object-fit: cover;\" width=\"1200\"\/><\/p>\n<p>      <\/a><\/p>\n<p>Lotte World Tower Seoul<\/p>\n<p class=\"a-caption__source\">\n      (Bild:\u00a0Stefan Bock)\n    <\/p>\n<p>Dieses Nachtbild f\u00e4ngt die urbane Eleganz Seouls ein. Im Zentrum erhebt sich der markant illuminierte Lotte World Tower, flankiert von einer dichten Skyline moderner Hochh\u00e4user. Die geschwungene Stra\u00dfenf\u00fchrung im Vordergrund lenkt den Blick durch lange Lichtspuren in Richtung Stadt. Auf der rechten Seite setzt die farbig angestrahlte Br\u00fcckenkonstruktion einen visuellen Akzent. Die Spiegelungen im Han-Fluss verst\u00e4rken die Tiefe der Komposition und verleihen der Szene zus\u00e4tzliche Dynamik. Insgesamt eine technisch pr\u00e4zise Aufnahme mit starker Bilddramaturgie durch architektonische Akzente.<\/p>\n<p>Portaits<\/p>\n<p>      <a href=\"https:\/\/www.heise.de\/imgs\/18\/4\/9\/4\/4\/4\/8\/4\/Portaits-9898d9218b914206.jpg\" target=\"_blank\" rel=\"noopener\"><\/p>\n<p>  <img loading=\"lazy\" decoding=\"async\" alt=\"\" height=\"800\" src=\"data:image\/svg+xml,%3Csvg xmlns='http:\/\/www.w3.org\/2000\/svg' width='696px' height='391px' viewBox='0 0 696 391'%3E%3Crect x='0' y='0' width='696' height='391' fill='%23f2f2f2'%3E%3C\/rect%3E%3C\/svg%3E\" style=\"aspect-ratio: 1200 \/ 800; object-fit: cover;\" width=\"1200\"\/><\/p>\n<p>      <\/a><\/p>\n<p>Portaits<\/p>\n<p class=\"a-caption__source\">\n      (Bild:\u00a0Pham Nuwem)\n    <\/p>\n<p>Ein majest\u00e4tisches Portr\u00e4t eines L\u00f6wen, eingefangen im Licht der untergehenden Sonne. Seine goldbraune M\u00e4hne hebt sich vom dunklen, unscharfen Hintergrund ab und gibt dem Motiv eine dramatische Anmutung. Die feinen Details, die Galeriefotograf <a href=\"https:\/\/www.heise.de\/foto\/galerie\/benutzer\/Pham-Nuwem-407638\/\" target=\"_blank\" rel=\"noopener\">Pham Nuwem<\/a> einfing, wie die Narben im Gesicht und die Textur des Fells, geben R\u00fcckschl\u00fcsse auf ein k\u00e4mpferisches Leben und machen das Bild authentisch.<\/p>\n<p>BKP III<\/p>\n<p>      <a href=\"https:\/\/www.heise.de\/imgs\/18\/4\/9\/4\/4\/4\/8\/4\/BKP-III-2a272dad11758a83.jpg\" target=\"_blank\" rel=\"noopener\"><\/p>\n<p>  <img loading=\"lazy\" decoding=\"async\" alt=\"\" height=\"854\" src=\"data:image\/svg+xml,%3Csvg xmlns='http:\/\/www.w3.org\/2000\/svg' width='696px' height='391px' viewBox='0 0 696 391'%3E%3Crect x='0' y='0' width='696' height='391' fill='%23f2f2f2'%3E%3C\/rect%3E%3C\/svg%3E\" style=\"aspect-ratio: 1200 \/ 854; object-fit: cover;\" width=\"1200\"\/><\/p>\n<p>      <\/a><\/p>\n<p>BKP III<\/p>\n<p class=\"a-caption__source\">\n      (Bild:\u00a0K P K)\n    <\/p>\n<p>Die Aufnahme von<a href=\"https:\/\/www.heise.de\/foto\/galerie\/benutzer\/K-P-K-250193\/\" target=\"_blank\" rel=\"noopener\"> Klaus-Peter Kubik<\/a> am Bundeskanzlerplatz in Bonn setzt auf eine markante Zentral- und Unterperspektive, die den Blick nach oben lenkt und die Architektur monumental wirken l\u00e4sst. &#8222;Besonders reizvoll an dieser Location ist die Spiegel-Installation von Jeppe Hein, die dazu einl\u00e4dt, unterschiedliche Perspektiven auszuprobieren. Hier habe ich einen fast bodennahen Standpunkt ausgew\u00e4hlt, um den erzielten Effekt zu erreichen&#8220;, erz\u00e4hlt der Fotograf.<\/p>\n<p>Die Schwarz-Wei\u00df-Darstellung betont die Formen, Linien und Strukturen, wodurch der Himmel zu einer neutralen B\u00fchne f\u00fcr die Geometrie der Bauwerke wird. Die vertikalen Elemente verst\u00e4rken Dynamik und Tiefe, und es wirkt fast so, als w\u00fcrden sie in den Himmel sto\u00dfen. Auff\u00e4llig ist auch die Symmetrie, die durch leichte Winkelverschiebungen aufgebrochen wird und so Spannung erzeugt.<\/p>\n<p>Sanfte Stille \u00fcber dem See<\/p>\n<p>      <a href=\"https:\/\/www.heise.de\/imgs\/18\/4\/9\/4\/4\/4\/8\/4\/Sanfte-Stille-ueber-dem-See-645eded16714132e.jpg\" target=\"_blank\" rel=\"noopener\"><\/p>\n<p>  <img loading=\"lazy\" decoding=\"async\" alt=\"\" height=\"675\" src=\"data:image\/svg+xml,%3Csvg xmlns='http:\/\/www.w3.org\/2000\/svg' width='696px' height='391px' viewBox='0 0 696 391'%3E%3Crect x='0' y='0' width='696' height='391' fill='%23f2f2f2'%3E%3C\/rect%3E%3C\/svg%3E\" style=\"aspect-ratio: 1200 \/ 675; object-fit: cover;\" width=\"1200\"\/><\/p>\n<p>      <\/a><\/p>\n<p>Sanfte Stille \u00fcber dem See<\/p>\n<p class=\"a-caption__source\">\n      (Bild:\u00a0M. Rasch)\n    <\/p>\n<p>Am Hintersee im Berchtesgadener Land legt sich der Morgennebel \u00fcber die Szenerie und verleiht der Aufnahme von<a href=\"https:\/\/www.heise.de\/foto\/galerie\/benutzer\/M-Rasch-679145\/\" target=\"_blank\" rel=\"noopener\"> M.Rasch<\/a> eine stimmungsvoll-mystische Atmosph\u00e4re. Im Vordergrund ragen Felsen und kleine Inseln mit vereinzelten B\u00e4umen aus dem klaren Wasser heraus. Die Spiegelungen im See verst\u00e4rken die ruhige Stimmung und sorgen f\u00fcr eine sch\u00f6ne Tiefe im Bild. Dahinter erheben sich die schroffen Berggipfel, teilweise von Wolken verh\u00fcllt, was die Dramatik noch verst\u00e4rkt.<\/p>\n<p>Flylite<\/p>\n<p>      <a href=\"https:\/\/www.heise.de\/imgs\/18\/4\/9\/4\/4\/4\/8\/4\/Flylite-b2c7bbe75e63d848.jpg\" target=\"_blank\" rel=\"noopener\"><\/p>\n<p>  <img loading=\"lazy\" decoding=\"async\" alt=\"\" height=\"800\" src=\"data:image\/svg+xml,%3Csvg xmlns='http:\/\/www.w3.org\/2000\/svg' width='696px' height='391px' viewBox='0 0 696 391'%3E%3Crect x='0' y='0' width='696' height='391' fill='%23f2f2f2'%3E%3C\/rect%3E%3C\/svg%3E\" style=\"aspect-ratio: 1200 \/ 800; object-fit: cover;\" width=\"1200\"\/><\/p>\n<p>      <\/a><\/p>\n<p>Flylite<\/p>\n<p class=\"a-caption__source\">\n      (Bild:\u00a0katzefudder)\n    <\/p>\n<p>In spannender Schwarz-Wei\u00df-\u00c4sthetik ist hier der Eishockeyspieler Justin MacPherson vom EC Bad Nauheim w\u00e4hrend eines Spiels portr\u00e4tiert. Sein Blick ist konzentriert und gedankenvoll, w\u00e4hrend der unscharfe Hintergrund f\u00fcr eine starke Tiefe sorgt. Der Bildausschnitt r\u00fcckt den Spieler ins Zentrum und betont gewisse Details, besonders das Licht setzt sein Gesicht markant in Szene. Die Aufnahme transportiert sowohl die emotionale Seite des Sports als auch die Intensit\u00e4t des Moments.<\/p>\n<p>Galeriefotograf Florian Dehn berichtet \u00fcber seine Aufnahme: &#8222;Das Licht reichte aus f\u00fcr Standardbrennweiten wie ein 70\u2013200 mm f2.8, dennoch mag ich genau an dieser Stelle das Nikkor 200 mm f2.0 f\u00fcr die unglaubliche Sch\u00e4rfe, die ganz geringe Tiefensch\u00e4rfe und die harten Kontraste, gerade in schwarz-wei\u00df. Bearbeitet habe ich so gut wie nichts \u2013 lediglich die Tonkurve und die Mischung in s\/w habe ich angepasst.&#8220;<\/p>\n<p>S\u00e4chsische Staatskanzlei<\/p>\n<p>      <a href=\"https:\/\/www.heise.de\/imgs\/18\/4\/9\/4\/4\/4\/8\/4\/Saechsische-Staatskanzlei-5fee83cc97aa6312.jpg\" target=\"_blank\" rel=\"noopener\"><\/p>\n<p>  <img loading=\"lazy\" decoding=\"async\" alt=\"\" height=\"457\" src=\"data:image\/svg+xml,%3Csvg xmlns='http:\/\/www.w3.org\/2000\/svg' width='696px' height='391px' viewBox='0 0 696 391'%3E%3Crect x='0' y='0' width='696' height='391' fill='%23f2f2f2'%3E%3C\/rect%3E%3C\/svg%3E\" style=\"aspect-ratio: 685 \/ 457; object-fit: cover;\" width=\"685\"\/><\/p>\n<p>      <\/a><\/p>\n<p>S\u00e4chsische Staatskanzlei<\/p>\n<p class=\"a-caption__source\">\n      (Bild:\u00a0Stephan Gl\u00e4ser)\n    <\/p>\n<p>Im goldenen Abendlicht erhebt sich die S\u00e4chsische Staatskanzlei mit ihrer eindrucksvollen Fassade und dem markanten Mittelturm am Elbufer. Die Architektur aus dunklem Sandstein und roten D\u00e4chern vermittelt historische Bedeutung. Im Vordergrund setzt die Carolabr\u00fccke (vor ihrem Teileinsturz) einen interessanten Kontrast zur traditionsreichen Baukunst. Sanft gef\u00e4rbte Wolken und das warme Licht verleihen der Szene eine malerische Stimmung.<\/p>\n<p>Der Mond am 03.09.2025<\/p>\n<p>      <a href=\"https:\/\/www.heise.de\/imgs\/18\/4\/9\/4\/4\/4\/8\/4\/Der-Mond-am-05-09-2025-cf72cc70e3e5fa84.jpg\" target=\"_blank\" rel=\"noopener\"><\/p>\n<p>  <img loading=\"lazy\" decoding=\"async\" alt=\"\" height=\"1000\" src=\"data:image\/svg+xml,%3Csvg xmlns='http:\/\/www.w3.org\/2000\/svg' width='696px' height='391px' viewBox='0 0 696 391'%3E%3Crect x='0' y='0' width='696' height='391' fill='%23f2f2f2'%3E%3C\/rect%3E%3C\/svg%3E\" style=\"aspect-ratio: 1000 \/ 1000; object-fit: cover;\" width=\"1000\"\/><\/p>\n<p>      <\/a><\/p>\n<p>Der Mond am 03.09.2025<\/p>\n<p class=\"a-caption__source\">\n      (Bild:\u00a0ShE 1981)\n    <\/p>\n<p>Diese Mondaufnahme fasziniert durch den intensiv goldenen Farbton des fast vollen Mondes. Seine Oberfl\u00e4che ist gestochen scharf eingefangen, sodass Krater und Strukturen deutlich erkennbar sind. Durch den warmen Farbfilter erh\u00e4lt das astronomische Motiv eine besonders stimmungsvolle Wirkung. Der Nachthimmel verst\u00e4rkt die Kontraste und lenkt den Blick ausschlie\u00dflich auf die markanten Details des Erdtrabanten. Insgesamt ist es eine eindrucksvolle Aufnahme, die sowohl technisch pr\u00e4zise als auch \u00e4sthetisch wirkungsvoll ist. Die Fotografin Elena Shtrakova erkl\u00e4rt dazu: &#8222;Die Idee entstand im Rahmen einer Beobachtungsreihe des Mondes vom 3. bis 15. September 2025. Ziel war es, die Ver\u00e4nderungen der sichtbaren Oberfl\u00e4che und die besondere Atmosph\u00e4re in den verschiedenen Phasen festzuhalten.&#8220;<\/p>\n<p>Die Bilder der Woche im \u00dcberblick:<\/p>\n<p>    Bild 1 von 7<\/p>\n<p>    <a href=\"https:\/\/www.heise.de\/bilderstrecke\/4943949.html?back=10669530\" title=\"Bilderstrecke: Bilder der Woche 39 (7 Bilder)\" target=\"_blank\" rel=\"noopener\"><img decoding=\"async\" src=\"https:\/\/www.europesays.com\/de\/wp-content\/uploads\/2025\/09\/Lotte-World-Tower-Seoul-a2a57eb35761afd3.jpg\"\/><\/a><\/p>\n<p>    <b>Samstag:<\/b> Lotte World Tower Seoul (Bild: <\/p>\n<p> Stefan Bock<\/p>\n<p>)<\/p>\n<p>    <img loading=\"lazy\" decoding=\"async\" alt=\"Das Titelbild der Ausgabe 04 2025 des Foto-Magazins c't Fotografie\" height=\"3508\" src=\"data:image\/svg+xml,%3Csvg xmlns='http:\/\/www.w3.org\/2000\/svg' width='696px' height='391px' viewBox='0 0 696 391'%3E%3Crect x='0' y='0' width='696' height='391' fill='%23f2f2f2'%3E%3C\/rect%3E%3C\/svg%3E\" style=\"aspect-ratio: 2481 \/ 3508; object-fit: cover;\" width=\"2481\"\/><\/p>\n<p>(<a class=\"redakteurskuerzel__link\" href=\"https:\/\/www.heise.de\/news\/mailto:caru@heise.de\" title=\"Carina Umbach\" target=\"_blank\" rel=\"noopener\">caru<\/a>)<\/p>\n<p>\n      Dieser Link ist leider nicht mehr g\u00fcltig.\n    <\/p>\n<p>Links zu verschenkten Artikeln werden ung\u00fcltig,<br \/>\n      wenn diese \u00e4lter als 7\u00a0Tage sind oder zu oft aufgerufen wurden.\n    <\/p>\n<p><strong>Sie ben\u00f6tigen ein heise+ Paket, um diesen Artikel zu lesen. Jetzt eine Woche unverbindlich testen \u2013 ohne Verpflichtung!<\/strong><\/p>\n","protected":false},"excerpt":{"rendered":"Licht, Stille und Ausdruckskraft: Die Bilder der Woche 39 close notice This article is also available in English.&hellip;\n","protected":false},"author":2,"featured_media":454164,"comment_status":"","ping_status":"","sticky":false,"template":"","format":"standard","meta":{"footnotes":""},"categories":[1775],"tags":[1793,39835,29,214,1885,30,39836,1794,215],"class_list":{"0":"post-454163","1":"post","2":"type-post","3":"status-publish","4":"format-standard","5":"has-post-thumbnail","7":"category-kunst-und-design","8":"tag-art-and-design","9":"tag-bilder-der-woche","10":"tag-deutschland","11":"tag-entertainment","12":"tag-fotografie","13":"tag-germany","14":"tag-heise-foto-galerie","15":"tag-kunst-und-design","16":"tag-unterhaltung"},"share_on_mastodon":{"url":"https:\/\/pubeurope.com\/@de\/115275545164817123","error":""},"_links":{"self":[{"href":"https:\/\/www.europesays.com\/de\/wp-json\/wp\/v2\/posts\/454163","targetHints":{"allow":["GET"]}}],"collection":[{"href":"https:\/\/www.europesays.com\/de\/wp-json\/wp\/v2\/posts"}],"about":[{"href":"https:\/\/www.europesays.com\/de\/wp-json\/wp\/v2\/types\/post"}],"author":[{"embeddable":true,"href":"https:\/\/www.europesays.com\/de\/wp-json\/wp\/v2\/users\/2"}],"replies":[{"embeddable":true,"href":"https:\/\/www.europesays.com\/de\/wp-json\/wp\/v2\/comments?post=454163"}],"version-history":[{"count":0,"href":"https:\/\/www.europesays.com\/de\/wp-json\/wp\/v2\/posts\/454163\/revisions"}],"wp:featuredmedia":[{"embeddable":true,"href":"https:\/\/www.europesays.com\/de\/wp-json\/wp\/v2\/media\/454164"}],"wp:attachment":[{"href":"https:\/\/www.europesays.com\/de\/wp-json\/wp\/v2\/media?parent=454163"}],"wp:term":[{"taxonomy":"category","embeddable":true,"href":"https:\/\/www.europesays.com\/de\/wp-json\/wp\/v2\/categories?post=454163"},{"taxonomy":"post_tag","embeddable":true,"href":"https:\/\/www.europesays.com\/de\/wp-json\/wp\/v2\/tags?post=454163"}],"curies":[{"name":"wp","href":"https:\/\/api.w.org\/{rel}","templated":true}]}}