{"id":454194,"date":"2025-09-27T09:44:24","date_gmt":"2025-09-27T09:44:24","guid":{"rendered":"https:\/\/www.europesays.com\/de\/454194\/"},"modified":"2025-09-27T09:44:24","modified_gmt":"2025-09-27T09:44:24","slug":"worueber-schueler-nach-dem-unterricht-sprechen","status":"publish","type":"post","link":"https:\/\/www.europesays.com\/de\/454194\/","title":{"rendered":"Wor\u00fcber Sch\u00fcler nach dem Unterricht sprechen"},"content":{"rendered":"<p class=\"text_ohne_einzug richtext text-em-55 !leading-serif mx-6 desktop:mx-0\">An der Beckrather <a href=\"https:\/\/rp-online.de\/thema\/grundschule\/\" target=\"_blank\" rel=\"noopener\">Grundschule<\/a> ist Schulschluss. Immer mehr Kinder steigen in den Bus ein. Manche sind sichtlich m\u00fcde vom Unterricht, andere noch voller Energie. Ausgelassen toben sie den Gang entlang, h\u00e4ngen sich an die Haltestangen, spielen Klatschspiele. In der Fahrerkabine sitzt Michael Colditz. \u201eWir fahren jetzt los. Bitte hinsetzen und sitzen bleiben\u201c, fordert der 61-J\u00e4hrige die Sch\u00fclerinnen und Sch\u00fcler auf.<\/p>\n","protected":false},"excerpt":{"rendered":"An der Beckrather Grundschule ist Schulschluss. Immer mehr Kinder steigen in den Bus ein. Manche sind sichtlich m\u00fcde&hellip;\n","protected":false},"author":2,"featured_media":454195,"comment_status":"","ping_status":"","sticky":false,"template":"","format":"standard","meta":{"footnotes":""},"categories":[1849],"tags":[116995,3364,29,27082,548,663,3934,30,13,117096,1570,117099,4455,117098,14,15,1209,79112,12,26195,117097],"class_list":{"0":"post-454194","1":"post","2":"type-post","3":"status-publish","4":"format-standard","5":"has-post-thumbnail","7":"category-moenchengladbach","8":"tag-schulbus","9":"tag-de","10":"tag-deutschland","11":"tag-einstieg","12":"tag-eu","13":"tag-europa","14":"tag-europe","15":"tag-germany","16":"tag-headlines","17":"tag-journalistenschuelerin","18":"tag-katharina","19":"tag-mitgefahren","20":"tag-moenchengladbach","21":"tag-nachgehoert","22":"tag-nachrichten","23":"tag-news","24":"tag-nordrhein-westfalen","25":"tag-roos","26":"tag-schlagzeilen","27":"tag-schoener","28":"tag-schulbusfahrer"},"share_on_mastodon":{"url":"https:\/\/pubeurope.com\/@de\/115275619640777308","error":""},"_links":{"self":[{"href":"https:\/\/www.europesays.com\/de\/wp-json\/wp\/v2\/posts\/454194","targetHints":{"allow":["GET"]}}],"collection":[{"href":"https:\/\/www.europesays.com\/de\/wp-json\/wp\/v2\/posts"}],"about":[{"href":"https:\/\/www.europesays.com\/de\/wp-json\/wp\/v2\/types\/post"}],"author":[{"embeddable":true,"href":"https:\/\/www.europesays.com\/de\/wp-json\/wp\/v2\/users\/2"}],"replies":[{"embeddable":true,"href":"https:\/\/www.europesays.com\/de\/wp-json\/wp\/v2\/comments?post=454194"}],"version-history":[{"count":0,"href":"https:\/\/www.europesays.com\/de\/wp-json\/wp\/v2\/posts\/454194\/revisions"}],"wp:featuredmedia":[{"embeddable":true,"href":"https:\/\/www.europesays.com\/de\/wp-json\/wp\/v2\/media\/454195"}],"wp:attachment":[{"href":"https:\/\/www.europesays.com\/de\/wp-json\/wp\/v2\/media?parent=454194"}],"wp:term":[{"taxonomy":"category","embeddable":true,"href":"https:\/\/www.europesays.com\/de\/wp-json\/wp\/v2\/categories?post=454194"},{"taxonomy":"post_tag","embeddable":true,"href":"https:\/\/www.europesays.com\/de\/wp-json\/wp\/v2\/tags?post=454194"}],"curies":[{"name":"wp","href":"https:\/\/api.w.org\/{rel}","templated":true}]}}