{"id":454379,"date":"2025-09-27T11:31:12","date_gmt":"2025-09-27T11:31:12","guid":{"rendered":"https:\/\/www.europesays.com\/de\/454379\/"},"modified":"2025-09-27T11:31:12","modified_gmt":"2025-09-27T11:31:12","slug":"europaeische-verteidigung-was-die-eu-mit-ihrem-drohnenwall-plant","status":"publish","type":"post","link":"https:\/\/www.europesays.com\/de\/454379\/","title":{"rendered":"Europ\u00e4ische Verteidigung: Was die EU mit ihrem &#8222;Drohnenwall&#8220; plant"},"content":{"rendered":"<p>\n                        Nach Luftraumverletzungen in D\u00e4nemark und Osteuropa treibt die Europ\u00e4ische Union den Aufbau eines &#8222;Drohnenwalls&#8220; voran. Was zu dem Projekt bisher bekannt ist.\n                    <\/p>\n<p>        27. September 2025, 10:30 Uhr\n    <\/p>\n<p>        Ihr Browser unterst\u00fctzt die Wiedergabe von Audio Dateien nicht. Download der Datei als mp3: https:\/\/zon-speechbert-production.s3.eu-central-1.amazonaws.com\/articles\/c27d78e8-49d0-4c42-8b36-ca0cca428518\/full_f0f56bef1f2d93083e2ec33e8dc482a83d6a1bf1eef17c854dd5365bd6950b1980a5ca96be56b32826cddcefa75d388e.mp3    <\/p>\n<p>                    4 Min.<\/p>\n<p>            -4:30<\/p>\n<p>            0.5x<br \/>\n            0.75x<br \/>\n            1.0x<br \/>\n            1.25x<br \/>\n            1.5x<br \/>\n            2.0x<\/p>\n<p>        <a class=\"z-text-button\" href=\"#comments\" title=\"Kommentare anzeigen\" data-ct-row=\"comments\" data-ct-column=\"false\"><\/p>\n<p>            102<br \/>\n            Kommentare<br \/>\n        <\/a><br \/>\n    Zusammenfassen<\/p>\n<p>                Schlie\u00dfen<br \/>\n                Artikelzusammenfassung<\/p>\n<p>Die EU plant einen &#8222;Drohnenwall&#8220; zur Abwehr unbemannter Flugk\u00f6rper an ihrer Ostflanke, nachdem russische Drohnen wiederholt Luftraumverletzungen begangen haben. Der Schutzwall soll Drohnen erkennen, verfolgen und abfangen k\u00f6nnen, um Spionage und Angriffe zu verhindern. Deutschland und andere EU-Staaten sind in die Planung involviert, w\u00e4hrend die Ukraine ihre Erfahrungen im Drohnenschutz teilen will. Trotz der ehrgeizigen Pl\u00e4ne wird der Aufbau des Drohnenwalls voraussichtlich Jahre dauern, da ein umfassendes Sensornetzwerk erst bis 2026 fertiggestellt sein soll. Die EU setzt auf nationale Verteidigungsbudgets und die europ\u00e4ische R\u00fcstungsindustrie, um das Projekt zu finanzieren und Europa zu sch\u00fctzen.<\/p>\n<p>                Diese Zusammenfassung wurde mithilfe von K\u00fcnstlicher Intelligenz erstellt. Vereinzelt kann es dabei zu Fehlern kommen.<\/p>\n<p class=\"summy__feedback-paragraph\">Fanden Sie die Zusammenfassung hilfreich? <\/p>\n<p>                        Gef\u00e4llt mir<\/p>\n<p>                        Gef\u00e4llt mir<\/p>\n<p>                        Gef\u00e4llt mir nicht<\/p>\n<p>                        Gef\u00e4llt mir nicht<\/p>\n<p>                        Send<\/p>\n<p>        Diese Audioversion wurde k\u00fcnstlich erzeugt.<\/p>\n<p>                        Schlie\u00dfen<br \/>\n                        Die Audioversion dieses Artikels wurde k\u00fcnstlich erzeugt.<br \/>\n                        Wir entwickeln dieses Angebot stetig weiter und freuen uns \u00fcber <a href=\"https:\/\/www.zeit.de\/politik\/2025-09\/mailto:audiofeedback@zeit.de?subject=Feedback%20TTS\" target=\"_blank\" rel=\"noopener\">Ihr Feedback<\/a>.<\/p>\n<p>            <img decoding=\"async\" class=\"article__media-item\" src=\"https:\/\/www.europesays.com\/de\/wp-content\/uploads\/2025\/09\/1758972672_393_wide__1000x562.jpeg\" alt=\"Europ\u00e4ische Verteidigung: Der geplante Drohnenwall richtet sich gegen unbemannte Flugk\u00f6rper, die zur Spionage, Sabotage oder f\u00fcr Angriffe eingesetzt werden k\u00f6nnen.\"\/><\/p>\n<p>                    Der geplante Drohnenwall richtet sich gegen unbemannte Flugk\u00f6rper, die zur Spionage, Sabotage oder f\u00fcr Angriffe eingesetzt werden k\u00f6nnen.<br \/>\n            \u00a9\u00a0[M] erhui1979\/\u200bGetty Images<\/p>\n<p class=\"paragraph article__item\">Nach mehreren mysteri\u00f6sen Drohnen\u00fcberfl\u00fcgen in D\u00e4nemark und wiederholten Luftraumverletzungen durch russische Drohnen in osteurop\u00e4ischen Staaten will die EU ihre Ostflanke besser sch\u00fctzen. Im Zentrum der Pl\u00e4ne steht ein sogenannter &#8222;Drohnenwall&#8220; \u2013 ein Abwehrsystem, das unbemannte Flugk\u00f6rper erkennen, verfolgen und abfangen soll. Was die EU genau plant, wer beteiligt ist und wie schnell der Schutzwall entstehen k\u00f6nnte: die wichtigsten Fragen und Antworten.\n<\/p>\n<p>    Alle Fragen im \u00dcberblick:<\/p>\n<p>            Warum spricht die EU \u00fcber einen Drohnenwall?<\/p>\n<p class=\"paragraph article__item\">Ausl\u00f6ser f\u00fcr die aktuellen Pl\u00e4ne waren <a href=\"https:\/\/www.zeit.de\/politik\/ausland\/2025-09\/nato-luftraum-polen-russland-drohnen-abwehr-ukraine\" class=\"\" target=\"_blank\" rel=\"noopener\">mehrere Zwischenf\u00e4lle mit unbemannten Flugobjekten<\/a> in den vergangenen Wochen. Russische <a href=\"https:\/\/www.zeit.de\/thema\/drohne\" class=\"\" target=\"_blank\" rel=\"noopener\">Drohnen<\/a> verletzten wiederholt den Luftraum Polens und Rum\u00e4niens; in D\u00e4nemark legten unbekannte <a class=\"rtr-entity\" href=\"https:\/\/www.zeit.de\/thema\/drohne\" target=\"_blank\" rel=\"noopener\">Drohnen<\/a> stundenlang Flugh\u00e4fen lahm. Diese Vorf\u00e4lle machten deutlich, dass Europa bislang \u00fcber kein effektives Erkennungssystem gegen Drohnen verf\u00fcgt. EU-Kommissionspr\u00e4sidentin Ursula von der Leyen forderte daraufhin ein gemeinsames europ\u00e4isches Abwehrsystem, das &#8222;in Echtzeit reagieren&#8220; kann.\n<\/p>\n<p>            Was hat es mit dem Drohnenwall der EU auf sich?<\/p>\n<p class=\"paragraph article__item\">Der Begriff &#8222;Drohnenwall&#8220; steht f\u00fcr ein geplantes Abwehrsystem an der EU-Ostflanke. Es soll in der Lage sein, Drohnen schnell zu erkennen, ihre Flugbahnen zu verfolgen und sie notfalls abzufangen. Nach Angaben von EU-Verteidigungsindustriekommissar Andrius Kubilius ist der Drohnenwall das Kernst\u00fcck einer umfassenderen Ostflankenstrategie. Diese soll zus\u00e4tzlich Bodenverteidigungssysteme, maritime Sicherheitsma\u00dfnahmen f\u00fcr Ostsee und Schwarzes Meer sowie eine satellitengest\u00fctzte Lageerfassung beinhalten.\n<\/p>\n<p>                            \u00a9\u00a0Lea Dohle<\/p>\n<p>\n                                        Newsletter<br \/>\n                                        Neu: Nur eine Frage<\/p>\n<p class=\"newsletter-signup__text\">In diesem Newsletter weisen wir auf neue &#8222;Nur eine Frage&#8220;-Podcast-Folgen hin. Zudem erhalten Sie erg\u00e4nzendes Material zu den Gespr\u00e4chen \u2013 wie Videos oder Texte.<\/p>\n<p class=\"newsletter-signup__datapolicy\" hidden=\"\">\n            Mit Ihrer Registrierung nehmen Sie die <a href=\"https:\/\/datenschutz.zeit.de\/zon#Newsletter\" target=\"_blank\" rel=\"noopener\">Datenschutzerkl\u00e4rung<\/a><br \/>\n     zur Kenntnis.\n        <\/p>\n<p>    Vielen Dank! Wir haben Ihnen eine E-Mail geschickt.<\/p>\n<p>Pr\u00fcfen Sie Ihr Postfach und best\u00e4tigen Sie das Newsletter-Abonnement.<\/p>\n<p class=\"paragraph article__item\">Der Drohnenwall richtet sich gegen unbemannte Flugk\u00f6rper, die zur<br \/>\nSpionage, Sabotage oder f\u00fcr Angriffe eingesetzt werden k\u00f6nnen. Die<br \/>\nj\u00fcngsten Vorf\u00e4lle zeigten, dass billige Drohnen westliche Streitkr\u00e4fte<br \/>\nzwingen, Kampfjets der j\u00fcngsten Generation und teure Lenkflugk\u00f6rper<br \/>\neinzusetzen \u2013 ein Missverh\u00e4ltnis, das milit\u00e4risch wie finanziell<br \/>\nproblematisch ist. Deutschlands Verteidigungsminister Boris Pistorius (SPD) sprach von einer &#8222;neuen Realit\u00e4t&#8220;, mit der Europa umgehen m\u00fcsse.\n<\/p>\n<p>            Wer baut den Drohnenwall?<\/p>\n<p class=\"paragraph article__item\">Die Pl\u00e4ne f\u00fcr den Drohnenwall wurden bei einer Videokonferenz der EU-Verteidigungsministerinnen und -minister vorgestellt. Beteiligt waren an der Konferenz vor allem osteurop\u00e4ische EU-Staaten, Bulgarien, Estland, Lettland, Litauen, Polen und Rum\u00e4nien, sowie\u00a0Finnland. Auch die EU-Au\u00dfenbeauftragte Kaja Kallas, mehrere Vertreter des Nato-Verteidigungsb\u00fcndnisses sowie die aktuelle d\u00e4nische EU-Ratspr\u00e4sidentschaft nahmen teil. Auff\u00e4llig: Deutschland blieb der Runde fern \u2013 obwohl Sicherheitsexperten hierzulande seit Langem vor gravierenden L\u00fccken bei der Drohnenabwehr warnen.\n<\/p>\n<p class=\"paragraph article__item\">Zur Finanzierung will die <a class=\"rtr-entity\" href=\"https:\/\/www.zeit.de\/thema\/europaeische-union\" target=\"_blank\" rel=\"noopener\">EU<\/a> eigene Finanzierungsinstrumente nutzen. EU-Verteidigungsindustriekommissar Kubilius sprach von einem &#8222;Schutzschild f\u00fcr die Ostflanke, der ganz<br \/>\nEuropa zugutekommen wird&#8220;. Zugleich sollen nationale<br \/>\nVerteidigungsbudgets und die europ\u00e4ische R\u00fcstungsindustrie mobilisiert<br \/>\nwerden.\n<\/p>\n<p>            Welche Rolle spielt die Ukraine?<\/p>\n<p class=\"paragraph article__item\"><a href=\"https:\/\/www.zeit.de\/thema\/krieg-in-ukraine\" class=\"\" target=\"_blank\" rel=\"noopener\">Die Ukraine<\/a> hat im Krieg gegen Russland umfangreiche Erfahrungen bei der Abwehr von Drohnen gesammelt \u2013 etwa beim kosteng\u00fcnstigen Abschuss von russischen Schw\u00e4rmen von Drohnen. Der ukrainische Verteidigungsminister Denys Schmyhal hat deshalb angeboten, dieses Wissen mit der EU zu teilen und sich am Projekt zu beteiligen. &#8222;Der Drohnenwall wird ein grundlegend neues Verteidigungs\u00f6kosystem in Europa schaffen&#8220;, schrieb er.\n<\/p>\n<p class=\"paragraph article__item\">In den baltischen Staaten wird zudem seit L\u00e4ngerem an einem \u00e4hnlichen System namens Eirshield gearbeitet, das Drohnen abwehren soll. Auch Laserwaffen<br \/>\nwerden derzeit von mehreren Staaten erprobt, weil sie im Gegensatz zu<br \/>\nklassischen Raketen keine Munitionsprobleme verursachen.\n<\/p>\n<p>            Wann soll der Drohnenwall stehen?<\/p>\n<p class=\"paragraph article__item\">EU-Verteidigungsindustriekommissar Kubilius sagte in einem Interview mit der Nachrichtenseite Euractiv, der Drohnenwall k\u00f6nne innerhalb eines Jahres aufgebaut werden. EU-Beamte rechnen jedoch damit, dass der Aufbau eines umfassenden Sensornetzwerks zur besseren Luftraum\u00fcberwachung erst bis Ende 2026 abgeschlossen sein wird. Die Entwicklung eines Abfangsystems d\u00fcrfte noch l\u00e4nger dauern. Kurzfristig sollen zun\u00e4chst zus\u00e4tzliche Sensoren installiert werden.\n<\/p>\n<p class=\"paragraph article__item\">Mit Material der Nachrichtenagenturen dpa und AFP<\/p>\n","protected":false},"excerpt":{"rendered":"Nach Luftraumverletzungen in D\u00e4nemark und Osteuropa treibt die Europ\u00e4ische Union den Aufbau eines &#8222;Drohnenwalls&#8220; voran. Was zu dem&hellip;\n","protected":false},"author":2,"featured_media":454380,"comment_status":"","ping_status":"","sticky":false,"template":"","format":"standard","meta":{"footnotes":""},"categories":[3933],"tags":[331,332,1478,548,663,158,33701,3934,3935,13,451,14,1159,15,16,307,12,686],"class_list":{"0":"post-454379","1":"post","2":"type-post","3":"status-publish","4":"format-standard","5":"has-post-thumbnail","7":"category-eu","8":"tag-aktuelle-nachrichten","9":"tag-aktuelle-news","10":"tag-drohne","11":"tag-eu","12":"tag-europa","13":"tag-europaeische-union","14":"tag-europaeische-verteidigung","15":"tag-europe","16":"tag-european-union","17":"tag-headlines","18":"tag-militaer","19":"tag-nachrichten","20":"tag-nato","21":"tag-news","22":"tag-politik","23":"tag-russland","24":"tag-schlagzeilen","25":"tag-verteidigungspolitik"},"share_on_mastodon":{"url":"https:\/\/pubeurope.com\/@de\/115276040449016152","error":""},"_links":{"self":[{"href":"https:\/\/www.europesays.com\/de\/wp-json\/wp\/v2\/posts\/454379","targetHints":{"allow":["GET"]}}],"collection":[{"href":"https:\/\/www.europesays.com\/de\/wp-json\/wp\/v2\/posts"}],"about":[{"href":"https:\/\/www.europesays.com\/de\/wp-json\/wp\/v2\/types\/post"}],"author":[{"embeddable":true,"href":"https:\/\/www.europesays.com\/de\/wp-json\/wp\/v2\/users\/2"}],"replies":[{"embeddable":true,"href":"https:\/\/www.europesays.com\/de\/wp-json\/wp\/v2\/comments?post=454379"}],"version-history":[{"count":0,"href":"https:\/\/www.europesays.com\/de\/wp-json\/wp\/v2\/posts\/454379\/revisions"}],"wp:featuredmedia":[{"embeddable":true,"href":"https:\/\/www.europesays.com\/de\/wp-json\/wp\/v2\/media\/454380"}],"wp:attachment":[{"href":"https:\/\/www.europesays.com\/de\/wp-json\/wp\/v2\/media?parent=454379"}],"wp:term":[{"taxonomy":"category","embeddable":true,"href":"https:\/\/www.europesays.com\/de\/wp-json\/wp\/v2\/categories?post=454379"},{"taxonomy":"post_tag","embeddable":true,"href":"https:\/\/www.europesays.com\/de\/wp-json\/wp\/v2\/tags?post=454379"}],"curies":[{"name":"wp","href":"https:\/\/api.w.org\/{rel}","templated":true}]}}