{"id":455058,"date":"2025-09-27T17:58:34","date_gmt":"2025-09-27T17:58:34","guid":{"rendered":"https:\/\/www.europesays.com\/de\/455058\/"},"modified":"2025-09-27T17:58:34","modified_gmt":"2025-09-27T17:58:34","slug":"neues-crana-mare-ein-grosser-wurf-fuer-kronach-sofern-er-gelingt-kronach","status":"publish","type":"post","link":"https:\/\/www.europesays.com\/de\/455058\/","title":{"rendered":"Neues \u201eCrana Mare\u201c: Ein gro\u00dfer Wurf f\u00fcr Kronach \u2013 sofern er gelingt &#8211; Kronach"},"content":{"rendered":"<p>Alle Achtung. Die pr\u00e4sentierte Konzeption zum Neubau des \u201eCrana Mare\u201c k\u00f6nnte ein gro\u00dfer Wurf werden. Okay, Design ist immer Geschmackssache. Aber die Wahrscheinlichkeit, dass das B\u00fcro Behnisch mit der geplanten Optik den Nerv vieler Kronacher trifft, ist durchaus hoch. Das Konstrukt aus Holz und Glas wirkt, als h\u00e4tte es das Selbstverst\u00e4ndnis der Kronacherinnen und Kronacher quasi in sich aufgenommen: bodenst\u00e4ndig, nicht abgehoben, aber auch nicht provinziell.<\/p>\n","protected":false},"excerpt":{"rendered":"Alle Achtung. Die pr\u00e4sentierte Konzeption zum Neubau des \u201eCrana Mare\u201c k\u00f6nnte ein gro\u00dfer Wurf werden. Okay, Design ist&hellip;\n","protected":false},"author":2,"featured_media":455059,"comment_status":"","ping_status":"","sticky":false,"template":"","format":"standard","meta":{"footnotes":"","_share_on_mastodon":"0"},"categories":[1775],"tags":[2252,1793,17978,116430,29,214,30,4693,46857,1794,3074,14597,24719,1108,40525,215],"class_list":["post-455058","post","type-post","status-publish","format-standard","has-post-thumbnail","category-kunst-und-design","tag-architekt","tag-art-and-design","tag-behnisch","tag-crana-mare","tag-deutschland","tag-entertainment","tag-germany","tag-kommentar","tag-kronach","tag-kunst-und-design","tag-meinung","tag-schwimmbad","tag-siegerentwurf","tag-stadtrat","tag-themapolitik","tag-unterhaltung"],"share_on_mastodon":{"url":"https:\/\/pubeurope.com\/@de\/115277562150760718","error":""},"_links":{"self":[{"href":"https:\/\/www.europesays.com\/de\/wp-json\/wp\/v2\/posts\/455058","targetHints":{"allow":["GET"]}}],"collection":[{"href":"https:\/\/www.europesays.com\/de\/wp-json\/wp\/v2\/posts"}],"about":[{"href":"https:\/\/www.europesays.com\/de\/wp-json\/wp\/v2\/types\/post"}],"author":[{"embeddable":true,"href":"https:\/\/www.europesays.com\/de\/wp-json\/wp\/v2\/users\/2"}],"replies":[{"embeddable":true,"href":"https:\/\/www.europesays.com\/de\/wp-json\/wp\/v2\/comments?post=455058"}],"version-history":[{"count":0,"href":"https:\/\/www.europesays.com\/de\/wp-json\/wp\/v2\/posts\/455058\/revisions"}],"wp:featuredmedia":[{"embeddable":true,"href":"https:\/\/www.europesays.com\/de\/wp-json\/wp\/v2\/media\/455059"}],"wp:attachment":[{"href":"https:\/\/www.europesays.com\/de\/wp-json\/wp\/v2\/media?parent=455058"}],"wp:term":[{"taxonomy":"category","embeddable":true,"href":"https:\/\/www.europesays.com\/de\/wp-json\/wp\/v2\/categories?post=455058"},{"taxonomy":"post_tag","embeddable":true,"href":"https:\/\/www.europesays.com\/de\/wp-json\/wp\/v2\/tags?post=455058"}],"curies":[{"name":"wp","href":"https:\/\/api.w.org\/{rel}","templated":true}]}}