{"id":455509,"date":"2025-09-27T22:16:12","date_gmt":"2025-09-27T22:16:12","guid":{"rendered":"https:\/\/www.europesays.com\/de\/455509\/"},"modified":"2025-09-27T22:16:12","modified_gmt":"2025-09-27T22:16:12","slug":"nach-vuelta-protesten-radteam-israel-premier-tech-von-rennen-ausgeschlossen","status":"publish","type":"post","link":"https:\/\/www.europesays.com\/de\/455509\/","title":{"rendered":"Nach Vuelta-Protesten: Radteam Israel Premier Tech von Rennen ausgeschlossen"},"content":{"rendered":"<p>                    Nach Vuelta-Protesten<br \/>\n                Radteam Israel Premier Tech von Rennen ausgeschlossen<\/p>\n<p>\t\t\t\t              27.09.2025, 23:04 Uhr<\/p>\n<p><strong>Bei der Spanien-Rundfahrt der Radprofis kommt es zu massiven propal\u00e4stinensischen Protesten, ein Rennen wird schlie\u00dflich abgebrochen. Die Proteste richten sich auch gegen das Team Israel Premier Tech. Nun wird die Mannschaft erstmals von einem Rennen ausgeladen.<\/strong><\/p>\n<p>Nach den propal\u00e4stinensischen Protesten bei der Vuelta-Rundfahrt in Spanien haben die Organisatoren des italienischen Eintagesrennens Giro dell&#8217;Emilia das Team Israel Premier Tech ausgeschlossen. Laut der Sportzeitung &#8222;Gazzetta dello Sport&#8220; geschieht dies aus Sicherheitsgr\u00fcnden. Der deutsche Radprofi Pascal Ackermann f\u00e4hrt f\u00fcr das Team.<\/p>\n<p>Sport sei ein Vehikel f\u00fcr universelle Werte des Teilens, des fairen Wettbewerbs und der Solidarit\u00e4t zwischen den Menschen, wurde die Stadtr\u00e4tin von Bologna, Roberta Li Calzi, von der Nachrichtenagentur AP zitiert. &#8222;Wir sind zufrieden zu erfahren, dass diese Meinung von der Organisation des Rennens geteilt wird, die uns heute offiziell best\u00e4tigt hat, dass das israelische Team nicht am Giro dell&#8217;Emilia teilnehmen wird.&#8220;<\/p>\n<p>Team hat sich noch nicht ge\u00e4u\u00dfert<\/p>\n<p>Das Rennen am 4. Oktober mit Ziel in der norditalienischen Stadt Bologna geh\u00f6rt nicht zum Kalender der World Tour. Das israelische Team hat sich bislang nicht zu der Entscheidung ge\u00e4u\u00dfert. Zuletzt hatte sich der Weltverbands-Pr\u00e4sident David Lappartient skeptisch gezeigt, auf welcher Rechtsgrundlage man das Team ausschlie\u00dfen sollte.<\/p>\n<p>Bei der Spanien-Rundfahrt hatten Protestierende \u00fcber den gesamten Zeitraum der Vuelta das Rennen gest\u00f6rt. Die finale Etappe Mitte September musste abgebrochen werden, nachdem Menschen in Madrid Absperrgitter auf die Stra\u00dfe bef\u00f6rdert hatten und es zu Zusammenst\u00f6\u00dfen mit der Polizei gekommen war.<\/p>\n<p>Die Proteste richteten sich gegen das israelische Vorgehen im Gazastreifen und auch gegen die Teilnahme des Teams Israel Premier Tech an der Rundfahrt. Zuletzt hatte der israelisch-kanadische Milliard\u00e4r und Teambesitzer Sylvan Adams eine Umbenennung des Teams angek\u00fcndigt.<\/p>\n","protected":false},"excerpt":{"rendered":"Nach Vuelta-Protesten Radteam Israel Premier Tech von Rennen ausgeschlossen 27.09.2025, 23:04 Uhr Bei der Spanien-Rundfahrt der Radprofis kommt&hellip;\n","protected":false},"author":2,"featured_media":455510,"comment_status":"","ping_status":"","sticky":false,"template":"","format":"standard","meta":{"footnotes":""},"categories":[136],"tags":[29,738,30,412,413,19462,2548,9408,265],"class_list":{"0":"post-455509","1":"post","2":"type-post","3":"status-publish","4":"format-standard","5":"has-post-thumbnail","7":"category-sport","8":"tag-deutschland","9":"tag-gazastreifen","10":"tag-germany","11":"tag-israel-krieg","12":"tag-israelfeindlichkeit","13":"tag-nahost-konflikt","14":"tag-palaestina","15":"tag-radsport","16":"tag-sport"},"share_on_mastodon":{"url":"","error":""},"_links":{"self":[{"href":"https:\/\/www.europesays.com\/de\/wp-json\/wp\/v2\/posts\/455509","targetHints":{"allow":["GET"]}}],"collection":[{"href":"https:\/\/www.europesays.com\/de\/wp-json\/wp\/v2\/posts"}],"about":[{"href":"https:\/\/www.europesays.com\/de\/wp-json\/wp\/v2\/types\/post"}],"author":[{"embeddable":true,"href":"https:\/\/www.europesays.com\/de\/wp-json\/wp\/v2\/users\/2"}],"replies":[{"embeddable":true,"href":"https:\/\/www.europesays.com\/de\/wp-json\/wp\/v2\/comments?post=455509"}],"version-history":[{"count":0,"href":"https:\/\/www.europesays.com\/de\/wp-json\/wp\/v2\/posts\/455509\/revisions"}],"wp:featuredmedia":[{"embeddable":true,"href":"https:\/\/www.europesays.com\/de\/wp-json\/wp\/v2\/media\/455510"}],"wp:attachment":[{"href":"https:\/\/www.europesays.com\/de\/wp-json\/wp\/v2\/media?parent=455509"}],"wp:term":[{"taxonomy":"category","embeddable":true,"href":"https:\/\/www.europesays.com\/de\/wp-json\/wp\/v2\/categories?post=455509"},{"taxonomy":"post_tag","embeddable":true,"href":"https:\/\/www.europesays.com\/de\/wp-json\/wp\/v2\/tags?post=455509"}],"curies":[{"name":"wp","href":"https:\/\/api.w.org\/{rel}","templated":true}]}}