{"id":455816,"date":"2025-09-28T01:15:25","date_gmt":"2025-09-28T01:15:25","guid":{"rendered":"https:\/\/www.europesays.com\/de\/455816\/"},"modified":"2025-09-28T01:15:25","modified_gmt":"2025-09-28T01:15:25","slug":"52-im-derbi-madrileno-atletico-beendet-reals-serie-krachend-im-madrid-derby","status":"publish","type":"post","link":"https:\/\/www.europesays.com\/de\/455816\/","title":{"rendered":"5:2 im &#8222;Derbi madrile\u00f1o&#8220;: Atletico beendet Reals Serie krachend im Madrid-Derby"},"content":{"rendered":"<p class=\"metatextline\">Stand: 27.09.2025 18:21 Uhr<\/p>\n<p class=\"textabsatz columns twelve  m-ten  m-offset-one l-eight l-offset-two\">\n        <strong>In einer rassigen Partie mit sieben Toren hat Atletico Madrid am Samstag (27.09.2025) gegen Real Madrid die Oberhand behalten und den &#8222;K\u00f6niglichen&#8220; im &#8222;Derbi madrile\u00f1o&#8220; die erste Niederlage in La Liga unter Trainer Xabi Alonso zugef\u00fcgt.<\/strong>\n    <\/p>\n<p class=\"textabsatz m-ten m-offset-one l-eight l-offset-two columns twelve\">Zwar musste Atletico nach starkem Start und fr\u00fcher F\u00fchrung durch Robin Le Normand (14. Minute) zwei Treffer von Kylian Mbapp\u00e9 (25.) und Adra G\u00fcler (36.) schlucken. Doch Alexander S\u00f6rloth (45.+3) in der Nachspielzeit der ersten H\u00e4lfte sowie Julian Alvarez (52.\/Elfmeter, 63.) und Antoine Griezmann (90.+3) in der zweiten Halbzeit stellten den 5:2 (2:2)-Erfolg sicher und lieferten vor der Champions-League-Partie am Dienstag (21 Uhr) gegen Eintracht Frankfurt ein starkes Statement ab.<\/p>\n<ul class=\"buttongroup buttongroup--copytext\">\n<li class=\"buttongroup__item\">\n<p>    <a class=\"btn btn--text btn--standard-secondary btn--fullwidth\" href=\"https:\/\/www.sportschau.de\/live-und-ergebnisse\/fussball\/spanien-primera-division\/ma11223047\/atletico-madrid_real-madrid\/liveticker\" rel=\"nofollow noopener\" target=\"_blank\"><br \/>\n        Live-Ticker zum Nachlesen<br \/>\n        Pfeil rechts<\/p>\n<p>    <\/a>\n<\/li>\n<li class=\"buttongroup__item\">\n<p>    <a class=\"btn btn--text btn--standard-secondary btn--fullwidth\" href=\"https:\/\/www.sportschau.de\/live-und-ergebnisse\/fussball\/spanien-primera-division\/se96657\/2025-2026\/ro267177\/spieltag\/md7\/spiele-und-ergebnisse\" rel=\"nofollow noopener\" target=\"_blank\"><br \/>\n        7. Spieltag<br \/>\n        Pfeil rechts<\/p>\n<p>    <\/a>\n<\/li>\n<\/ul>\n<p class=\"textabsatz m-ten m-offset-one l-eight l-offset-two columns twelve\">Mit jetzt 12 Punkten machte das Team von Trainer Diego Simeone nach einem bisher durchwachsenen Saisonstart einen Schritt Richtung Spitzengruppe. Real Madrid (18 Punkte) k\u00f6nnte nach sechs Siegen in Folge zum Auftakt am Sonntag die Tabellenspitze an Erzrivale FC Barcelona (16) verlieren, der Real Sociedad San Sebastian empf\u00e4ngt (18.30 Uhr).<\/p>\n<p>    Atletico kauft Real den Schneid ab<\/p>\n<p class=\"textabsatz m-ten m-offset-one l-eight l-offset-two columns twelve\">Mit viel Feuer ging Atletico im heimischen Metropolitano in die Partie und hatte schon in der 3. Minuten die F\u00fchrung vor Augen. Doch S\u00f6rloth z\u00f6gerte bei einem Solo Richtung Real-Tor zu lange und wurde im Sechzehner noch von Eder Militao abgegr\u00e4tscht. Die von den Fans angepeitschten Gastgeber kauften Real in der Anfangsphase komplett den Schneid ab.<\/p>\n<p class=\"textabsatz m-ten m-offset-one l-eight l-offset-two columns twelve\">Die &#8222;K\u00f6niglichen&#8220; kamen kaum nach vorne, auch weil Atletico geschickt mit einer F\u00fcnferkette in der R\u00fcckw\u00e4rtsbewegung die R\u00e4ume eng machte. Und nach vorne spielte &#8222;Atleti&#8220; schnell und schn\u00f6rkellos. Nach elf Minuten hatte S\u00f6rloth die n\u00e4chste M\u00f6glichkeit. Doch Thibault Courtois im Real-Tor wischte den Kopfball noch \u00fcber die Latte.<\/p>\n<p>    Real braucht zwei Sch\u00fcsse f\u00fcr zwei Tore<\/p>\n<p class=\"textabsatz m-ten m-offset-one l-eight l-offset-two columns twelve\">Kurz darauf war aber auch Courtois machtlos, als Le Normand eine Flanke von Giuliano Simeone aus vier Metern per Kopf zum 1:0 ins Tor wuchtete. Atletico blieb dran. Von Real kam nichts &#8211; bis zur 26. Minute. Da setzte sich Mbapp\u00e9 das erste Mal durch und netzte nach einem Sprint in den Strafraum von halbrechts ins lange Eck ein. Als dann G\u00fcler mit einem Dropkick vom Elfmeterpunkt mit dem zweiten Torschuss auf 2:1 f\u00fcr das Alonso-Team stellte, stand die Partie Kopf &#8211; und das Metropolitano war zum ersten Mal leiser.<\/p>\n<p class=\"textabsatz m-ten m-offset-one l-eight l-offset-two columns twelve\">Aber Atletico pumpte sich direkt wieder in die Partie. Alvarez (39.) traf aus 20 Metern den Pfosten. Ein Lenglet-Treffer (43.) wurde wegen Handspiels zur\u00fcckgenommen. Doch einen hatte die Simeone-Elf noch: Eine der zahlreichen Flanken verwertete S\u00f6rloth, der gerade erst von einer Rotsperre zur\u00fcckgekommen war, in der Nachspielzeit der ersten H\u00e4lfte zum 2:2.<\/p>\n<p>    Zauberfreisto\u00df von Julian Alvarez zum 4:2<\/p>\n<p class=\"textabsatz m-ten m-offset-one l-eight l-offset-two columns twelve\">Auch in Durchgang zwei lie\u00dfen die Rot-Wei\u00dfen nicht locker. Nach einer Ecke traf G\u00fcler Nicolas Gonzalez bei einem Abwehrversuch am Kopf. Den folgenden Elfmeter verwertete Alvarez zum 3:2. S\u00f6rloth (63.) verpasste noch das n\u00e4chste Tor. Das machte dann Alvarez, der schon unter der Woche mit drei Treffern das kleine Madrid-Derby gegen Rayo Vallecano entschieden hatte.<\/p>\n<p class=\"textabsatz m-ten m-offset-one l-eight l-offset-two columns twelve\">Aus etwas \u00fcber 25 Metern zirkelte der Argentinier von halblinks einen Freisto\u00df zum 4:2 und seinem sechsten Saisontreffer ins Netz. In der restlichen halben Stunde k\u00e4mpfte Real Madrid um den Anschluss. Doch der Alonso-Elf fiel im 303. Derby nichts mehr ein gegen ein leidenschaftliches Atletico. Daf\u00fcr stellte der kurz zuvor eingewechselte Griezmann nach einem Konter mit dem 5:2 in der Nachspielzeit endg\u00fcltig alles klar.<\/p>\n<p class=\"textabsatz m-ten m-offset-one l-eight l-offset-two columns twelve\">Wie Atletico gegen Frankfurt geht es unter der Woche auch f\u00fcr Real in der K\u00f6nigsklasse weiter. Dort machen sich die &#8222;K\u00f6niglichen&#8220; auf Abenteuerreise \u00fcber 6.400 Kilometer und zw\u00f6lf Stunden Flugzeit nach Kasachstan zum FK Kairat (Dienstag, 18.45 Uhr).<\/p>\n","protected":false},"excerpt":{"rendered":"Stand: 27.09.2025 18:21 Uhr In einer rassigen Partie mit sieben Toren hat Atletico Madrid am Samstag (27.09.2025) gegen&hellip;\n","protected":false},"author":2,"featured_media":455817,"comment_status":"","ping_status":"","sticky":false,"template":"","format":"standard","meta":{"footnotes":""},"categories":[5],"tags":[51687,347,13,348,14,15,29054,3349,12,10,8,9,11],"class_list":{"0":"post-455816","1":"post","2":"type-post","3":"status-publish","4":"format-standard","5":"has-post-thumbnail","7":"category-nachrichten","8":"tag-atletico-madrid","9":"tag-fussball","10":"tag-headlines","11":"tag-la-liga","12":"tag-nachrichten","13":"tag-news","14":"tag-primera-division","15":"tag-real-madrid","16":"tag-schlagzeilen","17":"tag-top-news","18":"tag-top-meldungen","19":"tag-topmeldungen","20":"tag-topnews"},"share_on_mastodon":{"url":"https:\/\/pubeurope.com\/@de\/115279280524726791","error":""},"_links":{"self":[{"href":"https:\/\/www.europesays.com\/de\/wp-json\/wp\/v2\/posts\/455816","targetHints":{"allow":["GET"]}}],"collection":[{"href":"https:\/\/www.europesays.com\/de\/wp-json\/wp\/v2\/posts"}],"about":[{"href":"https:\/\/www.europesays.com\/de\/wp-json\/wp\/v2\/types\/post"}],"author":[{"embeddable":true,"href":"https:\/\/www.europesays.com\/de\/wp-json\/wp\/v2\/users\/2"}],"replies":[{"embeddable":true,"href":"https:\/\/www.europesays.com\/de\/wp-json\/wp\/v2\/comments?post=455816"}],"version-history":[{"count":0,"href":"https:\/\/www.europesays.com\/de\/wp-json\/wp\/v2\/posts\/455816\/revisions"}],"wp:featuredmedia":[{"embeddable":true,"href":"https:\/\/www.europesays.com\/de\/wp-json\/wp\/v2\/media\/455817"}],"wp:attachment":[{"href":"https:\/\/www.europesays.com\/de\/wp-json\/wp\/v2\/media?parent=455816"}],"wp:term":[{"taxonomy":"category","embeddable":true,"href":"https:\/\/www.europesays.com\/de\/wp-json\/wp\/v2\/categories?post=455816"},{"taxonomy":"post_tag","embeddable":true,"href":"https:\/\/www.europesays.com\/de\/wp-json\/wp\/v2\/tags?post=455816"}],"curies":[{"name":"wp","href":"https:\/\/api.w.org\/{rel}","templated":true}]}}