{"id":455856,"date":"2025-09-28T01:41:11","date_gmt":"2025-09-28T01:41:11","guid":{"rendered":"https:\/\/www.europesays.com\/de\/455856\/"},"modified":"2025-09-28T01:41:11","modified_gmt":"2025-09-28T01:41:11","slug":"ukraine-strebt-waffen-und-drohnengeschaefte-bei-bevorstehendem-usa-besuch-an","status":"publish","type":"post","link":"https:\/\/www.europesays.com\/de\/455856\/","title":{"rendered":"Ukraine strebt Waffen- und Drohnengesch\u00e4fte bei bevorstehendem USA-Besuch an"},"content":{"rendered":"<p>Ukrainische Regierungsvertreter werden noch in diesem oder im kommenden Monat in die Vereinigten Staaten reisen, um Gespr\u00e4che \u00fcber bedeutende R\u00fcstungsk\u00e4ufe und Vereinbarungen zur Drohnenproduktion zu f\u00fchren. Das k\u00fcndigte Pr\u00e4sident Wolodymyr Selenskyj am Samstag an.<\/p>\n<p>Selenskyj hielt sich in dieser Woche in den USA auf, um an der Generalversammlung der Vereinten Nationen teilzunehmen und den US-Pr\u00e4sidenten Donald Trump zu treffen. Er erkl\u00e4rte, er habe Trump ,,eine bestimmte Vision dessen, was getan werden k\u00f6nnte&#8220; vermittelt, um auf Russlands Handlungen im Krieg gegen die Ukraine zu reagieren.<\/p>\n<p>Die Ukraine habe eine Liste amerikanischer Waffen im Wert von etwa 90 Milliarden US-Dollar erstellt, die sie kaufen wolle.<\/p>\n<p>,,Neben dem gro\u00dfen R\u00fcstungsgesch\u00e4ft, das wir ,Mega-Deal&#8216; nennen, haben wir auch \u00fcber den ,Drohnen-Deal&#8216; gesprochen. Technische Gruppen beginnen bereits, an diesem Gesch\u00e4ft zu arbeiten&#8220;, sagte Selenskyj vor Journalisten und informierte sie \u00fcber seinen USA-Besuch.<\/p>\n<p>,,Es geht um Drohnen, die die Vereinigten Staaten direkt aus der Ukraine kaufen werden.&#8220;<\/p>\n<p>W\u00e4hrend des mehr als dreieinhalbj\u00e4hrigen Krieges hat die Ukraine eine Drohnenindustrie aus dem Nichts aufgebaut. Hunderte Hersteller produzieren Millionen von Drohnen, aber es fehlen die finanziellen Mittel, um die Produktion weiter hochzufahren.<\/p>\n<p>Die Ukraine ist zudem stark auf Waffenlieferungen ihrer westlichen Verb\u00fcndeten angewiesen, insbesondere f\u00fcr die Luftverteidigung.<\/p>\n<p>Selenskyj sagte, die Ukraine habe bereits ein k\u00fcrzlich von Israel erhaltenes Patriot-Luftabwehrsystem eingesetzt und rechne damit, im Herbst zwei weitere Patriot-Systeme zu erhalten.<\/p>\n<p>Die St\u00e4rkung der Luftverteidigung und der Schutz von St\u00e4dten und Bewohnern vor russischem Beschuss bleiben f\u00fcr Selenskyjs Regierung oberste Priorit\u00e4t.<\/p>\n<p>In den vergangenen Monaten hat Russland seine Drohnen- und Raketenangriffe verst\u00e4rkt und teilweise Hunderte Drohnen pro Nacht eingesetzt.<\/p>\n<p>Die Ukraine reagiert darauf, indem sie ihrerseits Drohnen einsetzt, um russische Energie- und \u00d6lanlagen anzugreifen. Selenskyj deutete zudem an, noch weitere Pl\u00e4ne zu haben.<\/p>\n<p>,,Es ist sinnlos zu erwarten, dass Russland vers\u00f6hnliche Schritte gegen\u00fcber der Ukraine unternimmt. Dementsprechend sollte die Ukraine angemessene Schritte gegen\u00fcber Russland einleiten&#8220;, sagte er.<\/p>\n<p>(Bericht von Yuliia Dysa, geschrieben von Olena Harmash; Redaktion: Kevin Liffey)<\/p>\n","protected":false},"excerpt":{"rendered":"Ukrainische Regierungsvertreter werden noch in diesem oder im kommenden Monat in die Vereinigten Staaten reisen, um Gespr\u00e4che \u00fcber&hellip;\n","protected":false},"author":2,"featured_media":455857,"comment_status":"","ping_status":"","sticky":false,"template":"","format":"standard","meta":{"footnotes":""},"categories":[3977],"tags":[331,332,665,13,14,15,12,4017,4018,4016,64,4019,4020],"class_list":{"0":"post-455856","1":"post","2":"type-post","3":"status-publish","4":"format-standard","5":"has-post-thumbnail","7":"category-usa","8":"tag-aktuelle-nachrichten","9":"tag-aktuelle-news","10":"tag-boerse","11":"tag-headlines","12":"tag-nachrichten","13":"tag-news","14":"tag-schlagzeilen","15":"tag-united-states","16":"tag-united-states-of-america","17":"tag-us","18":"tag-usa","19":"tag-vereinigte-staaten","20":"tag-vereinigte-staaten-von-amerika"},"share_on_mastodon":{"url":"https:\/\/pubeurope.com\/@de\/115279382623597321","error":""},"_links":{"self":[{"href":"https:\/\/www.europesays.com\/de\/wp-json\/wp\/v2\/posts\/455856","targetHints":{"allow":["GET"]}}],"collection":[{"href":"https:\/\/www.europesays.com\/de\/wp-json\/wp\/v2\/posts"}],"about":[{"href":"https:\/\/www.europesays.com\/de\/wp-json\/wp\/v2\/types\/post"}],"author":[{"embeddable":true,"href":"https:\/\/www.europesays.com\/de\/wp-json\/wp\/v2\/users\/2"}],"replies":[{"embeddable":true,"href":"https:\/\/www.europesays.com\/de\/wp-json\/wp\/v2\/comments?post=455856"}],"version-history":[{"count":0,"href":"https:\/\/www.europesays.com\/de\/wp-json\/wp\/v2\/posts\/455856\/revisions"}],"wp:featuredmedia":[{"embeddable":true,"href":"https:\/\/www.europesays.com\/de\/wp-json\/wp\/v2\/media\/455857"}],"wp:attachment":[{"href":"https:\/\/www.europesays.com\/de\/wp-json\/wp\/v2\/media?parent=455856"}],"wp:term":[{"taxonomy":"category","embeddable":true,"href":"https:\/\/www.europesays.com\/de\/wp-json\/wp\/v2\/categories?post=455856"},{"taxonomy":"post_tag","embeddable":true,"href":"https:\/\/www.europesays.com\/de\/wp-json\/wp\/v2\/tags?post=455856"}],"curies":[{"name":"wp","href":"https:\/\/api.w.org\/{rel}","templated":true}]}}