{"id":45608,"date":"2025-04-20T00:11:25","date_gmt":"2025-04-20T00:11:25","guid":{"rendered":"https:\/\/www.europesays.com\/de\/45608\/"},"modified":"2025-04-20T00:11:25","modified_gmt":"2025-04-20T00:11:25","slug":"berlin-brandenburg-svg-lueneburg-folgt-den-br-volleys-ins-finale","status":"publish","type":"post","link":"https:\/\/www.europesays.com\/de\/45608\/","title":{"rendered":"Berlin &#038; Brandenburg: SVG L\u00fcneburg folgt den BR Volleys ins Finale"},"content":{"rendered":"<p>                    Berlin &amp; Brandenburg<br \/>\n                SVG L\u00fcneburg folgt den BR Volleys ins Finale<\/p>\n<p>\t\t\t\t              19.04.2025, 21:15 Uhr<\/p>\n<p><strong>Der Final-Klassiker um die deutsche Meisterschaft zwischen den Berlinern und dem VfB Friedrichshafen ist pass\u00e9. Diesmal steht dem Hauptstadt-Club bei der Titelverteidigung ein anderer Gegner im Weg.<\/strong><\/p>\n<p>Berlin (dpa\/bb) &#8211; In den Endspielen um die deutsche Volleyball-Meisterschaft trifft Titelverteidiger Berlin Volleys auf die SVG L\u00fcneburg. Der Hauptrunden-Zweite aus Niedersachsen bezwang den VfB Friedrichshafen daheim im f\u00fcnften und entscheidenden Playoff-Duell des Halbfinales mit 3:1 (25:23, 25:23, 27:29, 25:19). Damit beendeten die L\u00fcneburger die Serie Best of five mit 3:2 Siegen und stehen erstmals in ihrer Vereinsgeschichte im Endspiel.<\/p>\n<p>Die BR Volleys hatten bereits sechs Tage zuvor ihr Halbfinale gegen die Grizzlys Giesen mit 3:0 Siegen vorzeitig erfolgreich abgeschlossen. Die diesj\u00e4hrige Finalserie Best of five zwischen den BR Volleys und L\u00fcneburg beginnt am 27. April in Berlin.\u00a0<\/p>\n<p>F\u00fcr den 14-maligen deutschen Meister aus der Hauptstadt geht es dabei auch um Revanche. In dieser Saison hat das Team von Trainer Joel Banks die letzten drei Pflichtspiele gegen L\u00fcneburg allesamt knapp verloren, zweimal in der Champions League sowie einmal in der Bundesliga-Hauptrunde.<\/p>\n<p>Das Scheitern der Friedrichshafener im Halbfinale bedeutet zugleich das Ende eine \u00c4ra. In den letzten elf Finals um den Titel hatten sich immer die BR Volleys und das Team vom Bodensee gegen\u00fcbergestanden.<\/p>\n","protected":false},"excerpt":{"rendered":"Berlin &amp; Brandenburg SVG L\u00fcneburg folgt den BR Volleys ins Finale 19.04.2025, 21:15 Uhr Der Final-Klassiker um die&hellip;\n","protected":false},"author":2,"featured_media":45609,"comment_status":"","ping_status":"","sticky":false,"template":"","format":"standard","meta":{"footnotes":""},"categories":[1816],"tags":[1960,1958,1959,1957,296,1956,3204,1890,29,2665,30,22662,22661,22663],"class_list":{"0":"post-45608","1":"post","2":"type-post","3":"status-publish","4":"format-standard","5":"has-post-thumbnail","7":"category-brandenburg","8":"tag-aktuelle-nachrichten-aus-berlin-und-brandenburg","9":"tag-aktuelle-nachrichten-aus-brandenburg","10":"tag-aktuelle-news-aus-berlin-und-brandenburg","11":"tag-aktuelle-news-aus-brandenburg","12":"tag-berlin","13":"tag-berlin-und-brandenburg","14":"tag-br","15":"tag-brandenburg","16":"tag-deutschland","17":"tag-finale","18":"tag-germany","19":"tag-lueneburg","20":"tag-svg","21":"tag-volleys"},"share_on_mastodon":{"url":"https:\/\/pubeurope.com\/@de\/114367397687417277","error":""},"_links":{"self":[{"href":"https:\/\/www.europesays.com\/de\/wp-json\/wp\/v2\/posts\/45608","targetHints":{"allow":["GET"]}}],"collection":[{"href":"https:\/\/www.europesays.com\/de\/wp-json\/wp\/v2\/posts"}],"about":[{"href":"https:\/\/www.europesays.com\/de\/wp-json\/wp\/v2\/types\/post"}],"author":[{"embeddable":true,"href":"https:\/\/www.europesays.com\/de\/wp-json\/wp\/v2\/users\/2"}],"replies":[{"embeddable":true,"href":"https:\/\/www.europesays.com\/de\/wp-json\/wp\/v2\/comments?post=45608"}],"version-history":[{"count":0,"href":"https:\/\/www.europesays.com\/de\/wp-json\/wp\/v2\/posts\/45608\/revisions"}],"wp:featuredmedia":[{"embeddable":true,"href":"https:\/\/www.europesays.com\/de\/wp-json\/wp\/v2\/media\/45609"}],"wp:attachment":[{"href":"https:\/\/www.europesays.com\/de\/wp-json\/wp\/v2\/media?parent=45608"}],"wp:term":[{"taxonomy":"category","embeddable":true,"href":"https:\/\/www.europesays.com\/de\/wp-json\/wp\/v2\/categories?post=45608"},{"taxonomy":"post_tag","embeddable":true,"href":"https:\/\/www.europesays.com\/de\/wp-json\/wp\/v2\/tags?post=45608"}],"curies":[{"name":"wp","href":"https:\/\/api.w.org\/{rel}","templated":true}]}}