{"id":456081,"date":"2025-09-28T03:57:10","date_gmt":"2025-09-28T03:57:10","guid":{"rendered":"https:\/\/www.europesays.com\/de\/456081\/"},"modified":"2025-09-28T03:57:10","modified_gmt":"2025-09-28T03:57:10","slug":"evg-chef-burkert-im-interview-der-woche-evelyn-palla-ist-ein-grosser-gewinn-fuer-die-bahn","status":"publish","type":"post","link":"https:\/\/www.europesays.com\/de\/456081\/","title":{"rendered":"EVG-Chef Burkert im Interview der Woche: &#8222;Evelyn Palla ist ein gro\u00dfer Gewinn f\u00fcr die Bahn&#8220;"},"content":{"rendered":"<p class=\"text\">\n<strong>Dennoch haben ja auch andere Sparkonzepte und Effizienzprogramme in dem Konzern mitgetragen und vorangetrieben. Warum konzentriert sich so viel auf Dirk Rompf?<\/strong>\n<\/p>\n<p class=\"text\">\nWir haben vieles mitgetragen unter den Bundesverkehrsministern Alexander Dobrindt und Volker Wissing. Wir haben die Pandemie gemeinsam gemeistert. Da sind die Z\u00fcge im \u00dcbrigen gefahren. Mit Herrn Wissing haben wir die gemeinwohlorientierte Infrastruktur aus der Taufe gehoben. Da waren Gespr\u00e4che. Und ich habe auch Herrn Schnieder immer das Gespr\u00e4ch angeboten. Aber kurz vor Torschluss mit so einer Personalie zu kommen, das ist unversch\u00e4mt.\n<\/p>\n<blockquote>\n<p class=\"text\">Kurz vor Torschluss mit so einer Personalie zu kommen, ist unversch\u00e4mt.<\/p>\n<p>Martin Burkert<\/p>\n<\/blockquote>\n<p class=\"text\">\n<strong>Welche Rolle spielt es, dass mit Evelyn Palla erstmals eine Frau nun den Bahnkonzern f\u00fchren wird?<\/strong>\n<\/p>\n<p class=\"text\">\nDas ist aus unserer Sicht wirklich gut. Sie verk\u00f6rpert Teamgeist. Ich habe schon ihr Sternzeichen angesprochen, die Ausgeglichenheit, die sie hat. Sie ist, habe ich immer gesagt, kein R\u00fcpel als Vorstandsvorsitzende so einer Aktiengesellschaft wie der Deutschen Bahn AG, die weltweit agiert. Sie ist ein gro\u00dfer Gewinn. Sie hat Durchsetzungsverm\u00f6gen, das hat sie in vielen Jahren bewiesen. Ich bin \u00fcberzeugt, dass die Weichen mit ihr richtig gestellt sind.\n<\/p>\n<p class=\"text\">\n<strong>Wie haben Sie die neue Vorstandsvorsitzende in den vergangenen Tagen erlebt? Sie haben ja angedeutet, dass Sie schon vor der Abstimmung im Aufsichtsrat Gespr\u00e4che gef\u00fchrt haben.<\/strong>\n<\/p>\n<p class=\"text\">\nJa, selbstverst\u00e4ndlich. Ich finde, sie hat jetzt schon gro\u00dfes R\u00fcckgrat bewiesen. Das muss sie jetzt auch gegen\u00fcber dem Eigent\u00fcmer tun. Sie ist die Erste, die auch noch eine Lok fahren kann, das unterscheidet sie von ihren Vorg\u00e4ngern. Sie kommt an, auch in der Belegschaft, da bin ich \u00fcberzeugt.\n<\/p>\n<blockquote>\n<p class=\"text\">Ich bin \u00fcberzeugt, dass die Weichen mit ihr richtig gestellt sind.<\/p>\n<p>Martin Burkert<\/p>\n<\/blockquote>\n<p class=\"text\">\n<strong>Sie hat nicht nur k\u00fcrzlich den Lokf\u00fchrerschein gemacht. Sie hat zuvor auch die Nahverkehrstochter DB Regio geleitet. Sie hat Gewinne gemacht, was in diesem Konzern nicht selbstverst\u00e4ndlich ist. Sie war bei der \u00f6sterreichischen Bahn. Sie ist \u00fcberall anerkannt. Es hei\u00dft auch, sie sei durchsetzungsstark. Und sie hat eine neue Qualit\u00e4tskultur versprochen. Was stellen Sie sich darunter vor?<\/strong>\n<\/p>\n<p class=\"text\">\nJa, das ist v\u00f6llig klar. Und ich kann sagen, es war immer unsere Forderung, dass wir Kompetenzen wieder in die Fl\u00e4che nach unten geben. Es muss dort Entscheidungen geben, wo der Kunde ist. Wir m\u00fcssen den Eisenbahnerinnen und Eisenbahnern \u2013 nicht nur in den Z\u00fcgen, sondern \u00fcberall \u2013 den Stolz und dar\u00fcber hinaus auch Verantwortung wiedergeben. Sie m\u00fcssen entscheiden, so wie das fr\u00fcher auch war. Die Bahn war einmal sehr p\u00fcnktlich. Gehen Sie in meine Heimatstadt ins DB-Museum, da lesen Sie auf alten Plakaten: &#8222;Wir fahren bei Wind und Wetter&#8220; und &#8222;Nichts ist p\u00fcnktlicher als die Bahn&#8220;. Da m\u00fcssen wir wieder hinkommen.\n<\/p>\n<p class=\"text\">\n<strong>Das muss aber wirklich lange her sein.<\/strong>\n<\/p>\n<p class=\"text\">\nDas ist lange her, ja. Aber ich sage mal, damals hatten wir Bahnh\u00f6fe und da gab es ein Bahnhofsvorsteher, der hatte die Verantwortung und hat das gemanagt. Also man braucht wieder Verantwortung vor Ort in den Regionen, da muss entschieden werden. Und oben macht man die Strategie und muss sich darum k\u00fcmmern, dass es genug Geld gibt. Das ist eine gro\u00dfe Aufgabe in der Politik.<\/p>\n","protected":false},"excerpt":{"rendered":"Dennoch haben ja auch andere Sparkonzepte und Effizienzprogramme in dem Konzern mitgetragen und vorangetrieben. Warum konzentriert sich so&hellip;\n","protected":false},"author":2,"featured_media":456082,"comment_status":"","ping_status":"","sticky":false,"template":"","format":"standard","meta":{"footnotes":""},"categories":[1773],"tags":[18777,5219,2030,29,117446,214,113839,74135,30,117445,81,14,65265,859,860,471,1780,861,215,28306,103],"class_list":{"0":"post-456081","1":"post","2":"type-post","3":"status-publish","4":"format-standard","5":"has-post-thumbnail","7":"category-serien","8":"tag-chefin","9":"tag-db","10":"tag-deutsche-bahn","11":"tag-deutschland","12":"tag-eisenbahn-und-verkehrsgewerkschaft","13":"tag-entertainment","14":"tag-evelyn-palla","15":"tag-evg","16":"tag-germany","17":"tag-martin-burkert","18":"tag-mdr","19":"tag-nachrichten","20":"tag-neustart","21":"tag-sachsen","22":"tag-sachsen-anhalt","23":"tag-serien","24":"tag-series","25":"tag-thueringen","26":"tag-unterhaltung","27":"tag-vorsitzender","28":"tag-welt"},"share_on_mastodon":{"url":"https:\/\/pubeurope.com\/@de\/115279917448451004","error":""},"_links":{"self":[{"href":"https:\/\/www.europesays.com\/de\/wp-json\/wp\/v2\/posts\/456081","targetHints":{"allow":["GET"]}}],"collection":[{"href":"https:\/\/www.europesays.com\/de\/wp-json\/wp\/v2\/posts"}],"about":[{"href":"https:\/\/www.europesays.com\/de\/wp-json\/wp\/v2\/types\/post"}],"author":[{"embeddable":true,"href":"https:\/\/www.europesays.com\/de\/wp-json\/wp\/v2\/users\/2"}],"replies":[{"embeddable":true,"href":"https:\/\/www.europesays.com\/de\/wp-json\/wp\/v2\/comments?post=456081"}],"version-history":[{"count":0,"href":"https:\/\/www.europesays.com\/de\/wp-json\/wp\/v2\/posts\/456081\/revisions"}],"wp:featuredmedia":[{"embeddable":true,"href":"https:\/\/www.europesays.com\/de\/wp-json\/wp\/v2\/media\/456082"}],"wp:attachment":[{"href":"https:\/\/www.europesays.com\/de\/wp-json\/wp\/v2\/media?parent=456081"}],"wp:term":[{"taxonomy":"category","embeddable":true,"href":"https:\/\/www.europesays.com\/de\/wp-json\/wp\/v2\/categories?post=456081"},{"taxonomy":"post_tag","embeddable":true,"href":"https:\/\/www.europesays.com\/de\/wp-json\/wp\/v2\/tags?post=456081"}],"curies":[{"name":"wp","href":"https:\/\/api.w.org\/{rel}","templated":true}]}}