{"id":456425,"date":"2025-09-28T07:28:17","date_gmt":"2025-09-28T07:28:17","guid":{"rendered":"https:\/\/www.europesays.com\/de\/456425\/"},"modified":"2025-09-28T07:28:17","modified_gmt":"2025-09-28T07:28:17","slug":"bautzen-zirkus-artistin-stuerzt-vor-80-zuschauern-in-den-tod-regional","status":"publish","type":"post","link":"https:\/\/www.europesays.com\/de\/456425\/","title":{"rendered":"Bautzen: Zirkus-Artistin st\u00fcrzt vor 80 Zuschauern in den Tod | Regional"},"content":{"rendered":"<p>Bautzen (Sachsen) \u2013 <b>Scheinwerferlicht flutet die Manege, Musik, Applaus, gespannte Stille \u2013 dann der Schock. Schreie! Mitten in der Vorstellung im Zelt des \u201eCircus Paul Busch\u201c in Bautzen st\u00fcrzt eine junge Artistin vom Trapez. Sekunden sp\u00e4ter bleibt sie reglos in der Zirkusarena liegen \u2013 vor den Augen von mehr als 80 Zuschauern.<\/b><\/p>\n<p>Nach BILD-Informationen ist es etwa 17.45 Uhr, als eine sonst ganz normale Vorstellung pl\u00f6tzlich aus dem Ruder ger\u00e4t und zu einer Horrorshow f\u00fcr Zuschauer und Artisten wird: Die Trapez-K\u00fcnstlerin war w\u00e4hrend ihrer Nachmittagsvorf\u00fchrung in rund f\u00fcnf Metern H\u00f6he unterwegs, als sie offenbar den Halt verlor. Sekunden sp\u00e4ter fiel sie in die Tiefe. <\/p>\n<p>Familien mit Kindern sahen den Sturz<\/p>\n<p>Besonders tragisch: Unter den Besuchern sa\u00dfen zahlreiche Familien mit Kindern, die den t\u00f6dlichen Sturz miterlebten. Entsetzen und Schreie im Publikum, G\u00e4ste verlie\u00dfen fluchtartig das Zelt.<\/p>\n<p><img decoding=\"async\" width=\"992\" height=\"558\" alt=\"Ein fester Bestandteil der Zirkus-Show: die Clowns\" src=\"https:\/\/www.europesays.com\/de\/wp-content\/uploads\/2025\/09\/128bfa5277d9c0f75966a081bfecd022,64025e3d\"   class=\"landscape\" loading=\"lazy\"\/><\/p>\n<p class=\"fig__caption__text\">Ein fester Bestandteil der Zirkus-Show: die Clowns <\/p>\n<p>Foto: FUNKE Foto Services<\/p>\n<p><img decoding=\"async\" width=\"992\" height=\"558\" alt=\"Bei der Vorstellung am Samstag mussten mehr als 80 Zuschauer mitansehen, wie die junge Frau in den Tod fiel\" src=\"https:\/\/www.europesays.com\/de\/wp-content\/uploads\/2025\/09\/7e742096dee87e7cd55fc4aab046d8c1,866f8f44\"   class=\"landscape\" loading=\"lazy\"\/><\/p>\n<p class=\"fig__caption__text\">Bei der Vorstellung am Samstag mussten mehr als 80 Zuschauer mitansehen, wie die junge Frau in den Tod fiel<\/p>\n<p>Foto: LausitzNews.de<\/p>\n<p>Wie es zu dem Ungl\u00fcck kam, ist bislang unklar. Polizei und <a href=\"https:\/\/www.bild.de\/themen\/organisationen\/rettungsdienst\/politik-nachrichten-news-fotos-videos-19795274.bild.html\" class=\"text-link\" rel=\"nofollow noopener\" target=\"_blank\">Rettungskr\u00e4fte<\/a> waren schnell vor Ort, doch jede Hilfe kam zu sp\u00e4t. Die junge Frau starb noch in der Manege. <\/p>\n<p>Hilfe f\u00fcr die Schock-Zeugen!<\/p>\n<p>Noch im Zelt k\u00fcmmerten sich speziell geschulte Experten des Kriseninterventionsteams um v\u00f6llig traumatisierte Zuschauer, die den t\u00f6dlichen Sturz miterlebten. Polizeisprecher Stefan Heiduck: \u201eWer Hilfe braucht, kann sich jederzeit melden.\u201c Die Regionalleitstelle Hoyerswerda ist unter 03571-19296 erreichbar.<\/p>\n<p><img decoding=\"async\" width=\"992\" height=\"1368\" alt=\"Auf einem meterhohen Turm aus Tisch, Flaschen und St\u00fchlen vollbringt dieser Akrobat einen spektakul\u00e4ren Handstand und andere Kunstst\u00fccke \u2013 ohne Netz und doppelten Boden\" src=\"https:\/\/www.europesays.com\/de\/wp-content\/uploads\/2025\/09\/d44778e4ef13c149678cb9e7dfd4fbe1,efed5fa\"   class=\"dynamic\" loading=\"lazy\"\/><\/p>\n<p class=\"fig__caption__text\">Auf einem meterhohen Turm aus Tisch, Flaschen und St\u00fchlen vollbringt dieser Akrobat einen spektakul\u00e4ren Handstand und andere Kunstst\u00fccke \u2013 ohne Netz und doppelten Boden<\/p>\n<p>Foto: Fischer<\/p>\n<p>Mehr zum Thema\u201eCircus Paul Busch\u201c steht f\u00fcr Manege-Tradition<\/p>\n<p>Laut seiner Homepage steht der \u201eCircus Paul Busch\u201c seit Generationen f\u00fcr \u201eklassische Manege-Kunst auf der B\u00fchne\u201c. Zum Programm geh\u00f6ren unter anderem Akrobatik, Clowns und Tierdressuren. Unter der Leitung von Paul Busch tourt die Show mit internationalen K\u00fcnstlern regelm\u00e4\u00dfig durch Deutschland. Tickets gibt es ab 18 Euro (erm\u00e4\u00dfigt). <\/p>\n<p><img decoding=\"async\" width=\"992\" height=\"558\" alt=\"Auf seiner Homepage wirbt der Zirkus unter anderem mit einer Pferde-Show der \u201eSpitzenklasse\u201c\" src=\"https:\/\/www.europesays.com\/de\/wp-content\/uploads\/2025\/09\/de04e5ad26e13e37a2521cab74908698,369e8ea3\"   class=\"landscape\" loading=\"lazy\"\/><\/p>\n<p class=\"fig__caption__text\">Auf seiner Homepage wirbt der Zirkus unter anderem mit einer Pferde-Show der \u201eSpitzenklasse\u201c <\/p>\n<p>Foto: FUNKE Foto Services<\/p>\n","protected":false},"excerpt":{"rendered":"Bautzen (Sachsen) \u2013 Scheinwerferlicht flutet die Manege, Musik, Applaus, gespannte Stille \u2013 dann der Schock. Schreie! Mitten in&hellip;\n","protected":false},"author":2,"featured_media":456426,"comment_status":"","ping_status":"","sticky":false,"template":"","format":"standard","meta":{"footnotes":""},"categories":[5],"tags":[331,332,6905,3364,29,30,13,14,15,121,3906,859,12,45,2624,7781,3260,6330],"class_list":{"0":"post-456425","1":"post","2":"type-post","3":"status-publish","4":"format-standard","5":"has-post-thumbnail","7":"category-nachrichten","8":"tag-aktuelle-nachrichten","9":"tag-aktuelle-news","10":"tag-bautzen","11":"tag-de","12":"tag-deutschland","13":"tag-germany","14":"tag-headlines","15":"tag-nachrichten","16":"tag-news","17":"tag-polizei","18":"tag-rettungsdienst","19":"tag-sachsen","20":"tag-schlagzeilen","21":"tag-texttospeech","22":"tag-unfaelle","23":"tag-unfalltod","24":"tag-verkehrsunfall","25":"tag-zirkus"},"share_on_mastodon":{"url":"https:\/\/pubeurope.com\/@de\/115280747857839029","error":""},"_links":{"self":[{"href":"https:\/\/www.europesays.com\/de\/wp-json\/wp\/v2\/posts\/456425","targetHints":{"allow":["GET"]}}],"collection":[{"href":"https:\/\/www.europesays.com\/de\/wp-json\/wp\/v2\/posts"}],"about":[{"href":"https:\/\/www.europesays.com\/de\/wp-json\/wp\/v2\/types\/post"}],"author":[{"embeddable":true,"href":"https:\/\/www.europesays.com\/de\/wp-json\/wp\/v2\/users\/2"}],"replies":[{"embeddable":true,"href":"https:\/\/www.europesays.com\/de\/wp-json\/wp\/v2\/comments?post=456425"}],"version-history":[{"count":0,"href":"https:\/\/www.europesays.com\/de\/wp-json\/wp\/v2\/posts\/456425\/revisions"}],"wp:featuredmedia":[{"embeddable":true,"href":"https:\/\/www.europesays.com\/de\/wp-json\/wp\/v2\/media\/456426"}],"wp:attachment":[{"href":"https:\/\/www.europesays.com\/de\/wp-json\/wp\/v2\/media?parent=456425"}],"wp:term":[{"taxonomy":"category","embeddable":true,"href":"https:\/\/www.europesays.com\/de\/wp-json\/wp\/v2\/categories?post=456425"},{"taxonomy":"post_tag","embeddable":true,"href":"https:\/\/www.europesays.com\/de\/wp-json\/wp\/v2\/tags?post=456425"}],"curies":[{"name":"wp","href":"https:\/\/api.w.org\/{rel}","templated":true}]}}