{"id":456551,"date":"2025-09-28T08:44:11","date_gmt":"2025-09-28T08:44:11","guid":{"rendered":"https:\/\/www.europesays.com\/de\/456551\/"},"modified":"2025-09-28T08:44:11","modified_gmt":"2025-09-28T08:44:11","slug":"spannungen-mir-russland-die-nato-hat-keine-ostflanke-sondern-eine-front-im-osten-meinung","status":"publish","type":"post","link":"https:\/\/www.europesays.com\/de\/456551\/","title":{"rendered":"Spannungen mir Russland: Die Nato hat keine Ostflanke, sondern eine Front im Osten &#8211; Meinung"},"content":{"rendered":"<p data-manual=\"teaserText\" data-schema-org-speakable=\"true\">Erstere bezeichnet eine dem Feind abgewandte Truppenformation, Letztere dagegen die Linie mit Kontakt zum Gegner. Womit man bei den Staaten an der \u00f6stlichen Grenze des B\u00fcndnisgebiets w\u00e4re.<\/p>\n<p data-manual=\"paragraph\" data-schema-org-speakable=\"true\" class=\"css-st2g6x\">Die Deutschen lernen gerade ein neues Wort: Flanke. So wie in \u201e<a href=\"https:\/\/www.sueddeutsche.de\/thema\/Nato\" target=\"_blank\" rel=\"noopener\">Nato<\/a>-Ostflanke\u201c. Damit ist die \u00f6stliche Grenze des B\u00fcndnisgebiets gemeint, grob gesagt eine Linie, die sich von Finnland \u00fcber das Baltikum, Polen und die Slowakei bis Ungarn, Bulgarien und Rum\u00e4nien zieht. Ist man gro\u00dfz\u00fcgig, kann man die Ostsee und ihre Anrainer Schweden und D\u00e4nemark ebenfalls zur Ostflanke der Allianz z\u00e4hlen.<\/p>\n","protected":false},"excerpt":{"rendered":"Erstere bezeichnet eine dem Feind abgewandte Truppenformation, Letztere dagegen die Linie mit Kontakt zum Gegner. Womit man bei&hellip;\n","protected":false},"author":2,"featured_media":435882,"comment_status":"","ping_status":"","sticky":false,"template":"","format":"standard","meta":{"footnotes":""},"categories":[4013],"tags":[331,332,147,13,148,3074,14,1159,15,4043,4044,850,307,12,6473,149,686],"class_list":{"0":"post-456551","1":"post","2":"type-post","3":"status-publish","4":"format-standard","5":"has-post-thumbnail","7":"category-russland","8":"tag-aktuelle-nachrichten","9":"tag-aktuelle-news","10":"tag-ausland","11":"tag-headlines","12":"tag-leserdiskussion","13":"tag-meinung","14":"tag-nachrichten","15":"tag-nato","16":"tag-news","17":"tag-russia","18":"tag-russian-federation","19":"tag-russische-foederation","20":"tag-russland","21":"tag-schlagzeilen","22":"tag-sicherheitspolitik","23":"tag-sueddeutsche-zeitung","24":"tag-verteidigungspolitik"},"share_on_mastodon":{"url":"https:\/\/pubeurope.com\/@de\/115281045942471896","error":""},"_links":{"self":[{"href":"https:\/\/www.europesays.com\/de\/wp-json\/wp\/v2\/posts\/456551","targetHints":{"allow":["GET"]}}],"collection":[{"href":"https:\/\/www.europesays.com\/de\/wp-json\/wp\/v2\/posts"}],"about":[{"href":"https:\/\/www.europesays.com\/de\/wp-json\/wp\/v2\/types\/post"}],"author":[{"embeddable":true,"href":"https:\/\/www.europesays.com\/de\/wp-json\/wp\/v2\/users\/2"}],"replies":[{"embeddable":true,"href":"https:\/\/www.europesays.com\/de\/wp-json\/wp\/v2\/comments?post=456551"}],"version-history":[{"count":0,"href":"https:\/\/www.europesays.com\/de\/wp-json\/wp\/v2\/posts\/456551\/revisions"}],"wp:featuredmedia":[{"embeddable":true,"href":"https:\/\/www.europesays.com\/de\/wp-json\/wp\/v2\/media\/435882"}],"wp:attachment":[{"href":"https:\/\/www.europesays.com\/de\/wp-json\/wp\/v2\/media?parent=456551"}],"wp:term":[{"taxonomy":"category","embeddable":true,"href":"https:\/\/www.europesays.com\/de\/wp-json\/wp\/v2\/categories?post=456551"},{"taxonomy":"post_tag","embeddable":true,"href":"https:\/\/www.europesays.com\/de\/wp-json\/wp\/v2\/tags?post=456551"}],"curies":[{"name":"wp","href":"https:\/\/api.w.org\/{rel}","templated":true}]}}