{"id":456999,"date":"2025-09-28T13:06:17","date_gmt":"2025-09-28T13:06:17","guid":{"rendered":"https:\/\/www.europesays.com\/de\/456999\/"},"modified":"2025-09-28T13:06:17","modified_gmt":"2025-09-28T13:06:17","slug":"wegen-mysterioeser-ueberfluege-daenemark-verbietet-wegen-eu-gipfeltreffen-alle-zivilen-drohnenfluege","status":"publish","type":"post","link":"https:\/\/www.europesays.com\/de\/456999\/","title":{"rendered":"Wegen mysteri\u00f6ser \u00dcberfl\u00fcge: D\u00e4nemark verbietet wegen EU-Gipfeltreffen alle zivilen Drohnenfl\u00fcge"},"content":{"rendered":"<p>                    Wegen mysteri\u00f6ser \u00dcberfl\u00fcge<br \/>\n                D\u00e4nemark verbietet wegen EU-Gipfeltreffen alle zivilen Drohnenfl\u00fcge<\/p>\n<p>\t\t\t\t              28.09.2025, 14:42 Uhr<\/p>\n<p><b>D\u00e4nemark verbietet wegen eines informellen EU-Gipfeltreffens in der kommenden Woche landesweit alle zivilen Drohnenfl\u00fcge. &#8222;D\u00e4nemark wird in der kommenden Woche EU-Staats- und Regierungschefs empfangen, wobei wir einen besonderen Fokus auf Sicherheit haben werden&#8220;, erkl\u00e4rte das d\u00e4nische Verkehrsministerium am Sonntag. &#8222;Deswegen werden wir von Montag bis Freitag den d\u00e4nische Luftraum f\u00fcr alle zivilen Drohnenfl\u00fcge schlie\u00dfen.&#8220;<\/b><\/p>\n<p>Hintergrund der Ma\u00dfnahme sind mysteri\u00f6se Drohnen-\u00dcberfl\u00fcge in D\u00e4nemark in den vergangenen Tagen. Seit dem 22. September hat das Auftauchen der nicht identifizierten Drohnen in D\u00e4nemark zur Schlie\u00dfung mehrerer Flugh\u00e4fen gef\u00fchrt. Die d\u00e4nische Regierungschefin Mette Frederiksen hat von &#8222;hybriden Angriffen&#8220; gesprochen. Bisher gibt es keine Hinweise darauf, wer f\u00fcr die Vorf\u00e4lle verantwortlich ist. Russland hat jegliche Verwicklung zur\u00fcckgewiesen.<\/p>\n<p>D\u00e4nemark richtet am Mittwoch als derzeitiger EU-Ratsvorsitzender einen informellen Gipfel der EU-Staats- und Regierungschefs in Kopenhagen aus, an den sich ein Gipfel der Europ\u00e4ischen Politischen Gemeinschaft (EPG) anschlie\u00dft. Auch Bundeskanzler Friedrich Merz (CDU) will zu beiden Treffen in die d\u00e4nische Hauptstadt fliegen. Die Bundeswehr wird bei der Absicherung helfen.<\/p>\n","protected":false},"excerpt":{"rendered":"Wegen mysteri\u00f6ser \u00dcberfl\u00fcge D\u00e4nemark verbietet wegen EU-Gipfeltreffen alle zivilen Drohnenfl\u00fcge 28.09.2025, 14:42 Uhr D\u00e4nemark verbietet wegen eines informellen&hellip;\n","protected":false},"author":2,"featured_media":457000,"comment_status":"","ping_status":"","sticky":false,"template":"","format":"standard","meta":{"footnotes":""},"categories":[3933],"tags":[331,332,1160,116898,548,117599,663,158,3934,3935,13,14,15,12,58683,24947],"class_list":{"0":"post-456999","1":"post","2":"type-post","3":"status-publish","4":"format-standard","5":"has-post-thumbnail","7":"category-eu","8":"tag-aktuelle-nachrichten","9":"tag-aktuelle-news","10":"tag-daenemark","11":"tag-drohnenfluege","12":"tag-eu","13":"tag-eu-gipfeltreffen","14":"tag-europa","15":"tag-europaeische-union","16":"tag-europe","17":"tag-european-union","18":"tag-headlines","19":"tag-nachrichten","20":"tag-news","21":"tag-schlagzeilen","22":"tag-ueberfluege","23":"tag-wegen"},"share_on_mastodon":{"url":"https:\/\/pubeurope.com\/@de\/115282076667619690","error":""},"_links":{"self":[{"href":"https:\/\/www.europesays.com\/de\/wp-json\/wp\/v2\/posts\/456999","targetHints":{"allow":["GET"]}}],"collection":[{"href":"https:\/\/www.europesays.com\/de\/wp-json\/wp\/v2\/posts"}],"about":[{"href":"https:\/\/www.europesays.com\/de\/wp-json\/wp\/v2\/types\/post"}],"author":[{"embeddable":true,"href":"https:\/\/www.europesays.com\/de\/wp-json\/wp\/v2\/users\/2"}],"replies":[{"embeddable":true,"href":"https:\/\/www.europesays.com\/de\/wp-json\/wp\/v2\/comments?post=456999"}],"version-history":[{"count":0,"href":"https:\/\/www.europesays.com\/de\/wp-json\/wp\/v2\/posts\/456999\/revisions"}],"wp:featuredmedia":[{"embeddable":true,"href":"https:\/\/www.europesays.com\/de\/wp-json\/wp\/v2\/media\/457000"}],"wp:attachment":[{"href":"https:\/\/www.europesays.com\/de\/wp-json\/wp\/v2\/media?parent=456999"}],"wp:term":[{"taxonomy":"category","embeddable":true,"href":"https:\/\/www.europesays.com\/de\/wp-json\/wp\/v2\/categories?post=456999"},{"taxonomy":"post_tag","embeddable":true,"href":"https:\/\/www.europesays.com\/de\/wp-json\/wp\/v2\/tags?post=456999"}],"curies":[{"name":"wp","href":"https:\/\/api.w.org\/{rel}","templated":true}]}}