{"id":457011,"date":"2025-09-28T13:14:11","date_gmt":"2025-09-28T13:14:11","guid":{"rendered":"https:\/\/www.europesays.com\/de\/457011\/"},"modified":"2025-09-28T13:14:11","modified_gmt":"2025-09-28T13:14:11","slug":"nuernberg-raetselhaftes-fischsterben-im-langwassersee-bayern","status":"publish","type":"post","link":"https:\/\/www.europesays.com\/de\/457011\/","title":{"rendered":"N\u00fcrnberg: R\u00e4tselhaftes Fischsterben im Langwassersee &#8211; Bayern"},"content":{"rendered":"<p data-manual=\"paragraph\" data-schema-org-speakable=\"true\" class=\"css-xboolz\">Im N\u00fcrnberger Langwassersee ist es zu einem r\u00e4tselhaften <a href=\"https:\/\/www.sueddeutsche.de\/thema\/Fischsterben\" target=\"_blank\" rel=\"noopener\">Fischsterben<\/a> gekommen. Eine sofort eingeleitete Gew\u00e4sserbeprobung durch die Feuerwehr lie\u00df keine R\u00fcckschl\u00fcsse auf einen konkreten Schadstoff zu, wie die Stadt mitteilte. Deshalb seien weitere Ma\u00dfnahmen eingeleitet worden. Aus Sicherheitsgr\u00fcnden wurden derweil Gefahrenhinweise rund um den See aufgeh\u00e4ngt. \u201eDie Stadt <a href=\"https:\/\/www.sueddeutsche.de\/thema\/N%C3%BCrnberg\" target=\"_blank\" rel=\"noopener\">N\u00fcrnberg<\/a> r\u00e4t aktuell davon ab, in den Langwassersee zu gehen oder beispielsweise Hunde dort baden zu lassen\u201c, hie\u00df es nun.<\/p>\n<p><a href=\"https:\/\/www.sueddeutsche.de\/bayern\/bayern-whatsapp-kanal-sueddeutsche-zeitung-anmeldung-abonniere-lux.53Kn45a8k7kuCphD9cvyfg\" aria-label=\"Artikelverlinkung:\" data-track-szde=\"{&quot;event&quot;:&quot;teaser_clicked&quot;,&quot;teaser_clicked&quot;:{&quot;article_title&quot;:&quot;nachrichten_aus_der_bayern_redaktion_jetzt_auf_whatsapp_abonnieren&quot;,&quot;doctype&quot;:&quot;&quot;,&quot;label&quot;:&quot;&quot;,&quot;main_topic&quot;:&quot;bayern&quot;,&quot;object_id&quot;:&quot;lux.53Kn45a8k7kuCphD9cvyfg&quot;,&quot;pcat&quot;:&quot;metered&quot;,&quot;section&quot;:&quot;bayern&quot;,&quot;teaser_type&quot;:&quot;article_teaser_top&quot;}}\" data-manual=\"teaser-url\" data-tb-link=\"\" aria-labelledby=\"teaser-httpswwwsueddeutschedebayernbayern-whatsapp-kanal-sueddeutsche-zeitung-anmeldung-abonniere-lux53Kn45a8k7kuCphD9cvyfg\" class=\"css-14tg8sh\" target=\"_blank\" rel=\"noopener\"><img decoding=\"async\" src=\"https:\/\/www.europesays.com\/de\/wp-content\/uploads\/2025\/09\/1759065251_812_9eb3992c-8ccd-422c-b33d-55d59e50937d.jpeg\"   alt=\"\" loading=\"lazy\" class=\"css-8atqhb\"\/><\/p>\n<p>SZ Bayern auf Whatsapp<\/p>\n<p>:Nachrichten aus der Bayern-Redaktion \u2013 jetzt auf Whatsapp abonnieren<\/p>\n<p class=\"css-a6ecqs\" data-manual=\"teaser-text\" data-tb-description=\"\" data-schema-org-speakable=\"true\">Von Aschaffenburg bis Berchtesgaden: Das Bayern-Team der SZ ist im gesamten Freistaat f\u00fcr Sie unterwegs. Hier entlang, wenn Sie Geschichten, News und Hintergr\u00fcnde direkt aufs Handy bekommen m\u00f6chten.<\/p>\n<p data-manual=\"paragraph\" data-schema-org-speakable=\"true\" class=\"css-xboolz\">Am Samstagnachmittag hatten Passanten eine unregelm\u00e4\u00dfige Schaumbildung auf etwa einem Drittel des Sees beobachtet und in Sorge um die Fische die Einsatzkr\u00e4fte verst\u00e4ndigt. Als zunehmend mehr und auch mehr kleine Fische verendeten, wurden auch ein Vertreter des Wasserwirtschaftsamts verst\u00e4ndigt und Experten der Stadtentw\u00e4sserung und Umweltanalytik N\u00fcrnberg hinzugezogen. Die Suche nach der Ursache sei noch nicht abgeschlossen, hie\u00df es.<\/p>\n","protected":false},"excerpt":{"rendered":"Im N\u00fcrnberger Langwassersee ist es zu einem r\u00e4tselhaften Fischsterben gekommen. Eine sofort eingeleitete Gew\u00e4sserbeprobung durch die Feuerwehr lie\u00df&hellip;\n","protected":false},"author":2,"featured_media":457012,"comment_status":"","ping_status":"","sticky":false,"template":"","format":"standard","meta":{"footnotes":""},"categories":[1837],"tags":[772,3364,29,70710,30,4156,3783,149,19390],"class_list":{"0":"post-457011","1":"post","2":"type-post","3":"status-publish","4":"format-standard","5":"has-post-thumbnail","7":"category-nuernberg","8":"tag-bayern","9":"tag-de","10":"tag-deutschland","11":"tag-fischsterben","12":"tag-germany","13":"tag-mittelfranken","14":"tag-nuernberg","15":"tag-sueddeutsche-zeitung","16":"tag-umwelt-und-natur-in-bayern"},"share_on_mastodon":{"url":"https:\/\/pubeurope.com\/@de\/115282107871863716","error":""},"_links":{"self":[{"href":"https:\/\/www.europesays.com\/de\/wp-json\/wp\/v2\/posts\/457011","targetHints":{"allow":["GET"]}}],"collection":[{"href":"https:\/\/www.europesays.com\/de\/wp-json\/wp\/v2\/posts"}],"about":[{"href":"https:\/\/www.europesays.com\/de\/wp-json\/wp\/v2\/types\/post"}],"author":[{"embeddable":true,"href":"https:\/\/www.europesays.com\/de\/wp-json\/wp\/v2\/users\/2"}],"replies":[{"embeddable":true,"href":"https:\/\/www.europesays.com\/de\/wp-json\/wp\/v2\/comments?post=457011"}],"version-history":[{"count":0,"href":"https:\/\/www.europesays.com\/de\/wp-json\/wp\/v2\/posts\/457011\/revisions"}],"wp:featuredmedia":[{"embeddable":true,"href":"https:\/\/www.europesays.com\/de\/wp-json\/wp\/v2\/media\/457012"}],"wp:attachment":[{"href":"https:\/\/www.europesays.com\/de\/wp-json\/wp\/v2\/media?parent=457011"}],"wp:term":[{"taxonomy":"category","embeddable":true,"href":"https:\/\/www.europesays.com\/de\/wp-json\/wp\/v2\/categories?post=457011"},{"taxonomy":"post_tag","embeddable":true,"href":"https:\/\/www.europesays.com\/de\/wp-json\/wp\/v2\/tags?post=457011"}],"curies":[{"name":"wp","href":"https:\/\/api.w.org\/{rel}","templated":true}]}}