{"id":457081,"date":"2025-09-28T13:54:12","date_gmt":"2025-09-28T13:54:12","guid":{"rendered":"https:\/\/www.europesays.com\/de\/457081\/"},"modified":"2025-09-28T13:54:12","modified_gmt":"2025-09-28T13:54:12","slug":"fc-bayern-das-ist-der-neue-zahnspangen-zauberer-wisdom-mike-sport","status":"publish","type":"post","link":"https:\/\/www.europesays.com\/de\/457081\/","title":{"rendered":"FC Bayern: Das ist der neue Zahnspangen-Zauberer Wisdom Mike. | Sport"},"content":{"rendered":"<p><b>Ein besonderes Wochenende liegt hinter ihm!<\/b><\/p>\n<p>Viele Fans des deutschen Rekordmeisters fragten sich am Freitagabend beim 4:0 gegen Werder Bremen vor dem TV-Bildschirmen in der 84. Minute: Wer ist Wisdom Mike?<\/p>\n<p>Das U19-Juwel wurde von Bayern-Trainer Vincent Kompany (39) f\u00fcr Sommer-Neuzugang Luis D\u00edaz (28) eingewechselt \u2013 mit 17 Jahren und zwei Tagen als zweitj\u00fcngster Bayern-Spieler aller Zeiten (j\u00fcngster war Paul Wanner mit 16 Jahren und 15 Tagen).<\/p>\n<p>\u201eBILD Sport\u201c jetzt LIVE: Kleindienst stellt sich nach Gladbach-Debakel<a class=\"anchor video-teaser__anchor\" href=\"https:\/\/www.bild.de\/sport\/bild-sport-jetzt-live-kleindienst-stellt-sich-nach-gladbach-debakel-68d834832e0f886d4dab339b\" target=\"_blank\" rel=\"noopener\"><img decoding=\"async\" width=\"992\" height=\"558\" alt=\"Teaser-Bild\" src=\"https:\/\/www.europesays.com\/de\/wp-content\/uploads\/2025\/09\/79eeed0057be6184887300dce345f501-landscape,e2e763e5\"   class=\"landscape teaser__image\" loading=\"lazy\"\/><\/a><\/p>\n<p>Quelle: BILD28.09.2025<\/p>\n<p>Einen Tag nach dem Profi-Deb\u00fct stand er dann schon wieder auf dem Rasen. Mit der U19 der M\u00fcnchener trat er gegen den SSV Ulm an und brachte sein Team nach zehn Minuten in F\u00fchrung. Am Ende stand vor allem dank Mike ein 3:1 auf der Anzeigetafel.<\/p>\n<p>Auch interessant<\/p>\n<p>Anzeige<\/p>\n<p>Auch interessant<\/p>\n<p>Anzeige<\/p>\n<p><b>Die Bayern haben mit ihm jetzt einen Zahnspangen-Zauberer!<\/b><\/p>\n<p>Denn besonders auff\u00e4llig ist die positive Art von Wisdom Mike, er hat immer ein breites L\u00e4cheln im Gesicht \u2013 bestens zu sehen: seine Zahnspange. Neben Lennart Karl (17) der n\u00e4chste Mini-Dribbler mit 1,75 Meter K\u00f6rpergr\u00f6\u00dfe. Eigentlich Linksau\u00dfen, U17-Nationalspieler, bisher siebenmal im Profi-Kader, nun der erste Einsatz.<\/p>\n<p>Im Jahr 2022 kam er f\u00fcr ein 300.000-Euro-Paket mit 13 Jahren aus Gladbach, vorher spielte er in der Jugend des MSV Duisburg. Damals sagte Gladbach-Boss Roland Virkus (58) \u00fcber den Transfer nach M\u00fcnchen: \u201eSolche Deals sind dem deutschen Nachwuchsfu\u00dfball alles andere als dienlich. Ich finde das geschmacklos!\u201c<\/p>\n<p>Mehr zum Thema<\/p>\n<p>F\u00fcr die Bayern scheint sich diese Investition aber nun gelohnt zu haben. Im Bayern-Nachwuchs erspielte sich Mike die Chance bei Vincent Kompany mit 23 Toren und 8 Vorlagen in 26 Jugend-Spielen. Nach seinem Profi-Deb\u00fct gegen Bremen sagte der Trainer \u00fcber das Talent: \u201eEs ist kein Show-Einsatz. Es ist ein verdienter Einsatz f\u00fcr einen Jungen, der vielleicht eine Zukunft beim FC Bayern hat.\u201c<\/p>\n<p><b>Klar ist: Die Bayern hoffen jetzt auf das n\u00e4chste Offensiv-Eigengew\u00e4chs!<\/b><\/p>\n","protected":false},"excerpt":{"rendered":"Ein besonderes Wochenende liegt hinter ihm! Viele Fans des deutschen Rekordmeisters fragten sich am Freitagabend beim 4:0 gegen&hellip;\n","protected":false},"author":2,"featured_media":457082,"comment_status":"","ping_status":"","sticky":false,"template":"","format":"standard","meta":{"footnotes":""},"categories":[136],"tags":[468,29,538,458,30,11515,803,265,1470,45,1261],"class_list":{"0":"post-457081","1":"post","2":"type-post","3":"status-publish","4":"format-standard","5":"has-post-thumbnail","7":"category-sport","8":"tag-champions-league","9":"tag-deutschland","10":"tag-erste-bundesliga","11":"tag-fc-bayern-muenchen","12":"tag-germany","13":"tag-kompany-vincent","14":"tag-spielertransfer","15":"tag-sport","16":"tag-sport-leuchtturm-muenchen","17":"tag-texttospeech","18":"tag-toralarm-top-news"},"share_on_mastodon":{"url":"https:\/\/pubeurope.com\/@de\/115282265171442440","error":""},"_links":{"self":[{"href":"https:\/\/www.europesays.com\/de\/wp-json\/wp\/v2\/posts\/457081","targetHints":{"allow":["GET"]}}],"collection":[{"href":"https:\/\/www.europesays.com\/de\/wp-json\/wp\/v2\/posts"}],"about":[{"href":"https:\/\/www.europesays.com\/de\/wp-json\/wp\/v2\/types\/post"}],"author":[{"embeddable":true,"href":"https:\/\/www.europesays.com\/de\/wp-json\/wp\/v2\/users\/2"}],"replies":[{"embeddable":true,"href":"https:\/\/www.europesays.com\/de\/wp-json\/wp\/v2\/comments?post=457081"}],"version-history":[{"count":0,"href":"https:\/\/www.europesays.com\/de\/wp-json\/wp\/v2\/posts\/457081\/revisions"}],"wp:featuredmedia":[{"embeddable":true,"href":"https:\/\/www.europesays.com\/de\/wp-json\/wp\/v2\/media\/457082"}],"wp:attachment":[{"href":"https:\/\/www.europesays.com\/de\/wp-json\/wp\/v2\/media?parent=457081"}],"wp:term":[{"taxonomy":"category","embeddable":true,"href":"https:\/\/www.europesays.com\/de\/wp-json\/wp\/v2\/categories?post=457081"},{"taxonomy":"post_tag","embeddable":true,"href":"https:\/\/www.europesays.com\/de\/wp-json\/wp\/v2\/tags?post=457081"}],"curies":[{"name":"wp","href":"https:\/\/api.w.org\/{rel}","templated":true}]}}