{"id":457199,"date":"2025-09-28T15:00:12","date_gmt":"2025-09-28T15:00:12","guid":{"rendered":"https:\/\/www.europesays.com\/de\/457199\/"},"modified":"2025-09-28T15:00:12","modified_gmt":"2025-09-28T15:00:12","slug":"bundesliga-1-fc-koeln-waehlt-neues-praesidium-sport","status":"publish","type":"post","link":"https:\/\/www.europesays.com\/de\/457199\/","title":{"rendered":"Bundesliga: 1. FC K\u00f6ln w\u00e4hlt neues Pr\u00e4sidium &#8211; Sport"},"content":{"rendered":"<p data-manual=\"paragraph\" data-schema-org-speakable=\"true\" class=\"css-xboolz\">An der Hyde Park Corner in London, dem wohl ber\u00fchmtesten Ort der Demokratie und freien Meinungs\u00e4u\u00dferung, muss nicht jeder Redner geschliffen formulieren und fundierte Ansichten vertreten. Wichtig ist vor allem, dass jeder und jede zu Wort kommen darf, und so \u00e4hnlich wurde das auch im Stadion in K\u00f6ln-M\u00fcngersdorf gehandhabt, wo der <a href=\"https:\/\/www.sueddeutsche.de\/thema\/1._FC_K%C3%B6ln\" rel=\"nofollow noopener\" target=\"_blank\">1. FC K\u00f6ln<\/a> am Samstag seine Mitgliederversammlung abgehalten hat.<\/p>\n<p data-manual=\"paragraph\" data-schema-org-speakable=\"true\" class=\"css-xboolz\">Ein auf allgemeiner Teilhabe beruhendes Vereinsleben bescherte den teilweise mehr als 6000 anwesenden Mitgliedern Freud und Leid und vor allem einen langen Tag in der Arena, wo es zum Gl\u00fcck Frikadellen, Bratw\u00fcrste und Getr\u00e4nke gab. Was um 11 Uhr begonnen hatte, endete mit der Wahl des neuen Vorstands gegen sieben Uhr am Abend. Und dann war immer noch nicht Schluss \u2013 es gab noch Musik und K\u00f6lsch f\u00fcr alle. Verdienter Lohn: Der Klub hatte eine langwierige, aber friedliche Generalversammlung exerziert, die durch die offene Wahl des neuen Vereinspr\u00e4sidiums eine nicht unheikle Aufgabe gestellt hatte. Die Mitglieder bestanden die demokratische Herausforderung, und auch wenn das viel Zeit kostete, durften die Leute in dem Gef\u00fchl nach Hause gehen, ihrem Traditionsverein nicht nur passiv anzugeh\u00f6ren.<\/p>\n<p>Kurz vor 18 Uhr wird es unruhig: Es stehen noch 32 Redner auf der Liste<\/p>\n<p data-manual=\"paragraph\" data-schema-org-speakable=\"true\" class=\"css-xboolz\">Drei Kandidatenteams standen zur Abstimmung, die nur Anwesenden und nicht per Internet gestattet war. Eines war vom Mitgliederrat, einem Vereinsgremium, vorgeschlagen worden, die beiden anderen hatten ihre Teilnahme durch Unterschriftensammlung erstritten. Das Ergebnis des Wettkampfs, eine Zweidrittelmehrheit f\u00fcr das vom Mitgliederrat pr\u00e4ferierte Trio mit dem Immobilien-Gesch\u00e4ftsmann J\u00f6rn Stobbe an der Spitze, war so eindeutig, dass mancher Besucher hin und wieder am Sinn der Basisdemokratie zweifelte. Kurz vor sechs standen noch 32 Redner auf der Liste. Unruhe kam auf.<\/p>\n<p data-manual=\"paragraph\" data-schema-org-speakable=\"true\" class=\"css-xboolz\">Schon mittags verz\u00f6gerte sich beim Thema \u201eAussprache\u201c der gew\u00fcnschte Tagesablauf. Mancher Redebeitrag diente eher der Erheiterung als der Erkenntnis. Etwa als ein Referent die Besucher auf der Osttrib\u00fcne mit \u201eliebe Mitgliederinnen und Mitglieder\u201c begr\u00fc\u00dfte. Oder als ein anderer es als \u201eBlasphemie\u201c\u00a0\u2013 als Gottesl\u00e4sterung\u00a0\u2013 bezeichnete, dass der noch amtierende Klubvorstand sich selbst f\u00fcr die Steigerung der Spielerwerte gelobt hatte. Mutig auch die Rednerin, die dem Vizepr\u00e4sidenten Carsten Wettich daf\u00fcr dankte, dass der FC zuletzt auf einem Europacup-Platz stand. Die Bewunderung wurde vom Wahlvolk nicht geteilt. Wettich war der einzige unter den drei zuletzt aktiven Vorstandsherren, der sich\u00a0\u2013 in anderer Konstellation\u00a0\u2013 um ein erneutes Mandat bem\u00fchte. Vergeblich.<\/p>\n<p data-manual=\"paragraph\" data-schema-org-speakable=\"true\" class=\"css-xboolz\">Der neuen Klubspitze geh\u00f6ren au\u00dfer dem buchst\u00e4blich \u00fcberragenden Stobbe\u00a0\u2013 er ist 2,06 Meter gro\u00df\u00a0\u2013 der Sportwissenschaftler Ulf Sobeck und der Rechtsanwalt J\u00f6rg Alvermann an. F\u00fcr das Trio hatte unter anderem auch der Vorstandsvorsitzende des Hauptsponsors Rewe leidenschaftlich geworben: Der Franzose Lionel Souque ist seit Jahren nicht nur in den Gremien des Klubs t\u00e4tig (zuletzt bei der Abberufung des Managers Christian Keller), sondern auch bei allen m\u00f6glichen Fu\u00dfballspielen mit FC-Beteiligung anzutreffen. Am Samstag war ihm jedoch durch das abtretende Pr\u00e4sidium der Platz auf dem Podium versagt worden, auch seine Redezeit wurde begrenzt\u00a0\u2013 ein seltsamer Umgang mit einem wichtigen Alliierten, wie viele Anwesende meinten. Am Rednerpult zerriss Souque dann demonstrativ sein schriftliches Manuskript und begn\u00fcgte sich mit einer resoluten Wahlempfehlung f\u00fcr das Team Stobbe. So viel Applaus wie er erhielt kaum ein anderer Redner im K\u00f6lner Hyde Park.<\/p>\n<p data-manual=\"paragraph\" data-schema-org-speakable=\"true\" class=\"css-xboolz\">Das Programm des gew\u00e4hlten Vorstands unterscheidet sich nicht grundlegend von dem der anderen Bewerber: Im Nein zum Einstieg von Investoren beim 1. FC K\u00f6ln und im Wunsch nach einem Ausbau des Vereinsgel\u00e4ndes am Gei\u00dfbockheim waren sich ohnehin alle einig. Auch das Eintreten der Wahlgewinner f\u00fcr den Erhalt des Stadionstandortes M\u00fcngersdorf entspricht allgemeinen Erwartungen. Zur Debatte stehen ein Kauf der Arena und die Investition von bis zu 50 Millionen Euro in das Nachwuchsleistungszentrum.<\/p>\n","protected":false},"excerpt":{"rendered":"An der Hyde Park Corner in London, dem wohl ber\u00fchmtesten Ort der Demokratie und freien Meinungs\u00e4u\u00dferung, muss nicht&hellip;\n","protected":false},"author":2,"featured_media":457200,"comment_status":"","ping_status":"","sticky":false,"template":"","format":"standard","meta":{"footnotes":""},"categories":[1828],"tags":[623,299,29,347,30,1420,148,1209,265,149],"class_list":{"0":"post-457199","1":"post","2":"type-post","3":"status-publish","4":"format-standard","5":"has-post-thumbnail","7":"category-koeln","8":"tag-1-fc-koeln","9":"tag-bundesliga","10":"tag-deutschland","11":"tag-fussball","12":"tag-germany","13":"tag-koeln","14":"tag-leserdiskussion","15":"tag-nordrhein-westfalen","16":"tag-sport","17":"tag-sueddeutsche-zeitung"},"share_on_mastodon":{"url":"https:\/\/pubeurope.com\/@de\/115282524689824757","error":""},"_links":{"self":[{"href":"https:\/\/www.europesays.com\/de\/wp-json\/wp\/v2\/posts\/457199","targetHints":{"allow":["GET"]}}],"collection":[{"href":"https:\/\/www.europesays.com\/de\/wp-json\/wp\/v2\/posts"}],"about":[{"href":"https:\/\/www.europesays.com\/de\/wp-json\/wp\/v2\/types\/post"}],"author":[{"embeddable":true,"href":"https:\/\/www.europesays.com\/de\/wp-json\/wp\/v2\/users\/2"}],"replies":[{"embeddable":true,"href":"https:\/\/www.europesays.com\/de\/wp-json\/wp\/v2\/comments?post=457199"}],"version-history":[{"count":0,"href":"https:\/\/www.europesays.com\/de\/wp-json\/wp\/v2\/posts\/457199\/revisions"}],"wp:featuredmedia":[{"embeddable":true,"href":"https:\/\/www.europesays.com\/de\/wp-json\/wp\/v2\/media\/457200"}],"wp:attachment":[{"href":"https:\/\/www.europesays.com\/de\/wp-json\/wp\/v2\/media?parent=457199"}],"wp:term":[{"taxonomy":"category","embeddable":true,"href":"https:\/\/www.europesays.com\/de\/wp-json\/wp\/v2\/categories?post=457199"},{"taxonomy":"post_tag","embeddable":true,"href":"https:\/\/www.europesays.com\/de\/wp-json\/wp\/v2\/tags?post=457199"}],"curies":[{"name":"wp","href":"https:\/\/api.w.org\/{rel}","templated":true}]}}