{"id":457275,"date":"2025-09-28T15:41:16","date_gmt":"2025-09-28T15:41:16","guid":{"rendered":"https:\/\/www.europesays.com\/de\/457275\/"},"modified":"2025-09-28T15:41:16","modified_gmt":"2025-09-28T15:41:16","slug":"94-jaehrige-kioskbesitzerin-aus-wuppertal-hat-eine-treppenlift","status":"publish","type":"post","link":"https:\/\/www.europesays.com\/de\/457275\/","title":{"rendered":"94-j\u00e4hrige Kioskbesitzerin aus Wuppertal hat eine Treppenlift"},"content":{"rendered":"<p class=\"text_ohne_einzug richtext text-em-55 !leading-serif mx-6 desktop:mx-0\">Auf diesen Tag hat Marlies Lintener lange gewartet: Am Samstag erhielt die 94-j\u00e4hrige Kioskbesitzerin aus <a href=\"https:\/\/rp-online.de\/thema\/wuppertal\/\" target=\"_blank\" rel=\"noopener\">Wuppertal<\/a> einen Treppenlift in ihren engen und sehr steilen Hausflur installiert. Es war der vorl\u00e4ufige H\u00f6hepunkt einer Welle der Hilfsbereitschaft, <a href=\"https:\/\/rp-online.de\/nrw\/panorama\/wuppertal-welle-der-hilfsbereitschaft-fuer-94-jaehrige-kioskbesitzerin_aid-135189961\" target=\"_blank\" rel=\"noopener\">die Lintener seit der Berichterstattung unserer Redaktion vor rund zwei Wochen erlebt.<\/a> Unter anderem hatte sich der Gesch\u00e4ftsf\u00fchrer eines Wuppertaler Treppenlift-Unternehmens bereit erkl\u00e4rt, die Kosten f\u00fcr Herstellung und Einbau einer solchen Apparatur gr\u00f6\u00dftenteils selbst zu \u00fcbernehmen. Am Samstagmittag stand nun die Premieren-Fahrt in die obere Etage an. \u201eEinfach nur sch\u00f6n\u201c, kommentierte Lintener.<\/p>\n<p class=\"richtext text-em-55 !leading-serif mx-6 desktop:mx-0\">Kostenpflichtiger Inhalt <a href=\"https:\/\/rp-online.de\/nrw\/panorama\/wuppertal-94-jaehrige-betreibt-kiosk-und-arbeitet-taeglich_aid-134716377\" target=\"_blank\" rel=\"noopener\">Seit ihrer Kindheit arbeitet die Wuppertalerin in dem Laden, den ihre Eltern und davor ihre Gro\u00dfeltern betrieben<\/a>. Erst half Marlies Lintener ihrer Mutter beim Verkauf, seit dem Tod ihrer Eltern im Jahr 1989 f\u00fchrt sie das Gesch\u00e4ft alleine. Tag f\u00fcr Tag bedient sie seither ihre Kunden, ohne sich je eine Auszeit zu g\u00f6nnen. Der kleine Kiosk verstr\u00f6mt dabei den Charme der 1950er- oder 1960er-Jahre. Viele Nachbarn unterst\u00fctzen Lintener, versorgen sie mit Eink\u00e4ufen, schauen nach ihr. Sie bef\u00fcrchteten zuletzt, die 94-J\u00e4hrige k\u00f6nnte den Laden aufgeben, zumal sie schon mehrfach \u00fcberfallen worden war. Deshalb starteten sie einen Facebook-Aufruf, Lintener zu unterst\u00fctzen. Seither und nach der Berichterstattung hat sich das Leben der Kioskbesitzerin stark ver\u00e4ndert.<\/p>\n<p>Treppenlift-Unternehmen \u00fcbernimmt Kosten gr\u00f6\u00dftenteils selbst      <\/p>\n<p class=\"richtext text-em-55 !leading-serif mx-6 desktop:mx-0\">Carsten Oberbeul, Gesch\u00e4ftsf\u00fchrer des Wuppertaler Treppenlift-Unternehmens, war so ber\u00fchrt von Linteners Geschichte, dass er unbedingt helfen wollte. F\u00fcr die Installation des Treppenlifts hat er den Zuschuss von Linteners Pflegeversicherung f\u00fcr die Wohnumfeldverbesserung genommen, rund 4000 Euro, und die restlichen, nicht unbetr\u00e4chtlichen Installationskosten selbst dazugegeben. Wuppertaler helfen Wuppertalern sei seine Devise, erkl\u00e4rte er. Der Einbau sei unproblematisch verlaufen, erkl\u00e4rte er am Samstag. \u201eDas Haus ist jetzt weitgehend barrierefrei\u201c, sagte Oberbeul. Denn auch f\u00fcr eine zweite Treppe von vier steilen Stufen hatte er einen weiteren Lift mitgebracht \u2013 sozusagen als Sahneh\u00e4ubchen. Dieser wird demn\u00e4chst eingebaut.<\/p>\n<p class=\"richtext text-em-55 !leading-serif mx-6 desktop:mx-0\">Aber nicht nur das. Handwerker Marcin Plonka hat, von Oberbeuls Hilfe animiert, unter anderem noch Marlies Linteners Duschtasse ebenerdig umgebaut \u2013 ebenfalls als Spende. Auch neue Lampen im Laden wurden installiert. Dazu wurde die Waschmaschine, die bislang nur \u00fcber den Hof erreichbar war, im Bad angeschlossen. Noch geplant sind unter anderem Heizk\u00f6rper, die es in Linteners Wohnung bislang nicht gab, und ein Pflegebett. Finanziert werden sollen die Anschaffungen \u00fcber die Spendengelder, die bisher eingegangen sind. Nadine Eretge-Sieling, die schon lange im Viertel lebt und Lintener seit ihrer Kindheit kennt, und Sherzad Khan, der in der N\u00e4he wohnt, hatten \u00fcber die Online-Plattform Gofundme Spendenaufrufe initiiert. Insgesamt seien bei beiden Aktionen bisher mehr als 6000 Euro zusammengekommen, sagte Khan, der eine Photovoltaikfirma betreibt. \u201eMit so einem Ergebnis habe ich niemals gerechnet\u201c, sagte Khan.<\/p>\n<p>94-J\u00e4hrige steht weiterhin hinter dem Tresen ihres Kiosks      <\/p>\n<p class=\"richtext text-em-55 !leading-serif mx-6 desktop:mx-0\">Der ganze Rummel um ihre Person ist Marlies Lintener fast zu viel, sie m\u00f6chte gar nicht so im Mittelpunkt stehen. Aber nat\u00fcrlich freut sie sich \u00fcber die Erleichterungen, die ihren Alltag k\u00fcnftig weniger beschwerlich machen. Und weil alle diese Ver\u00e4nderungen es erm\u00f6glichen, dass eine Konstante bestehen bleibt: Lintener kann weiter von Montag bis Freitag hinter der Theke ihres wunderbaren Kiosks die Kunden empfangen, immer von 9 bis 14 Uhr. Also: Einfach mal anklopfen.<\/p>\n","protected":false},"excerpt":{"rendered":"Auf diesen Tag hat Marlies Lintener lange gewartet: Am Samstag erhielt die 94-j\u00e4hrige Kioskbesitzerin aus Wuppertal einen Treppenlift&hellip;\n","protected":false},"author":2,"featured_media":457276,"comment_status":"","ping_status":"","sticky":false,"template":"","format":"standard","meta":{"footnotes":""},"categories":[1840],"tags":[5507,3364,29,30,71919,4141,117655,117656,112050,64489,1209,7014,1781,81352,117654,7009,4418,24177],"class_list":{"0":"post-457275","1":"post","2":"type-post","3":"status-publish","4":"format-standard","5":"has-post-thumbnail","7":"category-wuppertal","8":"tag-berichterstattung","9":"tag-de","10":"tag-deutschland","11":"tag-germany","12":"tag-hilfsbereitschaft","13":"tag-kiosk","14":"tag-kioskbesitzerin","15":"tag-lift","16":"tag-lintener","17":"tag-marlies","18":"tag-nordrhein-westfalen","19":"tag-redaktion","20":"tag-tag","21":"tag-treppe","22":"tag-treppenlift","23":"tag-welle","24":"tag-wuppertal","25":"tag-wuppertalerin"},"share_on_mastodon":{"url":"https:\/\/pubeurope.com\/@de\/115282685814000397","error":""},"_links":{"self":[{"href":"https:\/\/www.europesays.com\/de\/wp-json\/wp\/v2\/posts\/457275","targetHints":{"allow":["GET"]}}],"collection":[{"href":"https:\/\/www.europesays.com\/de\/wp-json\/wp\/v2\/posts"}],"about":[{"href":"https:\/\/www.europesays.com\/de\/wp-json\/wp\/v2\/types\/post"}],"author":[{"embeddable":true,"href":"https:\/\/www.europesays.com\/de\/wp-json\/wp\/v2\/users\/2"}],"replies":[{"embeddable":true,"href":"https:\/\/www.europesays.com\/de\/wp-json\/wp\/v2\/comments?post=457275"}],"version-history":[{"count":0,"href":"https:\/\/www.europesays.com\/de\/wp-json\/wp\/v2\/posts\/457275\/revisions"}],"wp:featuredmedia":[{"embeddable":true,"href":"https:\/\/www.europesays.com\/de\/wp-json\/wp\/v2\/media\/457276"}],"wp:attachment":[{"href":"https:\/\/www.europesays.com\/de\/wp-json\/wp\/v2\/media?parent=457275"}],"wp:term":[{"taxonomy":"category","embeddable":true,"href":"https:\/\/www.europesays.com\/de\/wp-json\/wp\/v2\/categories?post=457275"},{"taxonomy":"post_tag","embeddable":true,"href":"https:\/\/www.europesays.com\/de\/wp-json\/wp\/v2\/tags?post=457275"}],"curies":[{"name":"wp","href":"https:\/\/api.w.org\/{rel}","templated":true}]}}