{"id":457695,"date":"2025-09-28T19:37:29","date_gmt":"2025-09-28T19:37:29","guid":{"rendered":"https:\/\/www.europesays.com\/de\/457695\/"},"modified":"2025-09-28T19:37:29","modified_gmt":"2025-09-28T19:37:29","slug":"kraftverkehr-wird-in-die-1980er-jahre-zurueckversetzt","status":"publish","type":"post","link":"https:\/\/www.europesays.com\/de\/457695\/","title":{"rendered":"Kraftverkehr wird in die 1980er Jahre zur\u00fcckversetzt"},"content":{"rendered":"<p>\t\t\t\u201eSimply The 80s\u2018 Best\u201c: Kraftverkehr wird in die 1980er Jahre zur\u00fcckversetzt<br \/>\n\t\t\t\t\t\t\t\t\t\t\t\t<b>Disco<\/b> VJ Dirk Duske und Kultmoderator Peter Illmann pr\u00e4sentierten die Original 80er Videoclipdisko<\/p>\n<p>Von Maik Bohn<\/p>\n<p>\t\t\t\t28.09.2025, 20:05 Uhr<\/p>\n<p>\t\t\t\t<a id=\"whatsapp_channel_link\" href=\"https:\/\/whatsapp.com\/channel\/0029Va6RBvnLY6dCNLfeAA0c\" data-ct=\"SHARE\/WHATSAPPKANAL\" rel=\"nofollow noopener\" target=\"_blank\"><br \/>\n\t\t\t\t\t<img decoding=\"async\" alt=\"Zum Blick WhatsApp Kanal\" src=\"https:\/\/www.blick.de\/img\/WhatsApp-Kanal.svg\"\/><br \/>\n\t\t\t\t<\/a><\/p>\n<ul class=\"gallery-items\">\n<li class=\"img gallery-item\">\n<p>\t\t\t\t\t\t\t\t\t\t\t\t\t\t\t\t\t\t\t\t\t\t\t\t\t\t\t\t\t\t\t\t\t\t\t\t\t\t\t\t\t\t\t\t\t\t<img decoding=\"async\" class=\"media-image \" loading=\"eager\" src=\"https:\/\/www.europesays.com\/de\/wp-content\/uploads\/2025\/09\/17332953_W400C740x499o0x0.jpg\" alt=\"\u201eSimply The 80s\u2018 Best\u201c: Kraftverkehr wird in die 1980er Jahre zur\u00fcckversetzt - VJ Dirk Duske und Peter Illmann\"   style=\"&#10;&#9;&#9;&#9;aspect-ratio:740\/499;&#10;&#9;&#9;&#9;background: url(data:image\/jpg;base64,\/9j\/4AAQSkZJRgABAQEBLAEsAAD\/2wBDAAUDBAQEAwUEBAQFBQUGBwwIBwcHBw8LCwkMEQ8SEhEPERETFhwXExQaFRERGCEYGh0dHx8fExciJCIeJBweHx7\/2wBDAQUFBQcGBw4ICA4eFBEUHh4eHh4eHh4eHh4eHh4eHh4eHh4eHh4eHh4eHh4eHh4eHh4eHh4eHh4eHh4eHh4eHh7\/wAARCAAHAAoDAREAAhEBAxEB\/8QAFAABAAAAAAAAAAAAAAAAAAAAB\/\/EACAQAAIBAwQDAAAAAAAAAAAAAAECAwQRMQUGBxIAISL\/xAAVAQEBAAAAAAAAAAAAAAAAAAAEBf\/EAB4RAAIBAwUAAAAAAAAAAAAAAAECAAMhQQQRMXHx\/9oADAMBAAIRAxEAPwAw2ZyJoWk8dRLBt+olWljjhqkmlUq8oCgspAvY\/Jt6xg3JK0rItMqF5lWiwXTEhe9\/LYzAeTrJIzlSvYk2GB4W0lz\/2Q==) no-repeat left top; background-size: cover;&#9;&#9;&#9;height: 100%;&#9;&#9;\"\/><\/p>\n<p>\n\t\t\t\t\t\t\t\t\tVJ Dirk Duske und Peter Illmann Foto: Maik Bohn\n\t\t\t\t\t\t\t\t<\/p>\n<\/li>\n<li class=\"img gallery-item\">\n<p>\t\t\t\t\t\t\t\t\t\t\t\t\t\t\t\t\t\t\t\t\t\t\t\t\t\t\t\t\t\t\t\t\t\t\t\t\t\t\t\t\t<img decoding=\"async\" class=\"media-image \" loading=\"lazy\" src=\"https:\/\/www.europesays.com\/de\/wp-content\/uploads\/2025\/09\/17332956_W400C740x499o0x0.jpg\" alt=\"\u201eSimply The 80s\u2018 Best\u201c: Kraftverkehr wird in die 1980er Jahre zur\u00fcckversetzt - Dirk Duske und Peter Illmann\"   style=\"&#10;&#9;&#9;&#9;aspect-ratio:740\/499;&#10;&#9;&#9;&#9;background: url(data:image\/jpg;base64,\/9j\/4AAQSkZJRgABAQEBLAEsAAD\/2wBDAAUDBAQEAwUEBAQFBQUGBwwIBwcHBw8LCwkMEQ8SEhEPERETFhwXExQaFRERGCEYGh0dHx8fExciJCIeJBweHx7\/2wBDAQUFBQcGBw4ICA4eFBEUHh4eHh4eHh4eHh4eHh4eHh4eHh4eHh4eHh4eHh4eHh4eHh4eHh4eHh4eHh4eHh4eHh7\/wAARCAAHAAoDAREAAhEBAxEB\/8QAFAABAAAAAAAAAAAAAAAAAAAAB\/\/EACEQAAIBAwMFAAAAAAAAAAAAAAECEQMEBgAFIQcjMUHR\/8QAFgEBAQEAAAAAAAAAAAAAAAAAAwAB\/8QAGxEBAAICAwAAAAAAAAAAAAAAAQACEROBoeH\/2gAMAwEAAhEDEQA\/ADqxwY7b04r2FztAORVHIealI8M0IFaCAIUnzMn1wQVUvljWGgVOe\/IZvguSq7K1ggIMHvp91bCZrZ\/\/2Q==) no-repeat left top; background-size: cover;&#9;&#9;&#9;height: 100%;&#9;&#9;\"\/><\/p>\n<p>\n\t\t\t\t\t\t\t\t\tDirk Duske und Peter Illmann Foto: Maik Bohn\n\t\t\t\t\t\t\t\t<\/p>\n<\/li>\n<li class=\"img gallery-item\">\n<p>\t\t\t\t\t\t\t\t\t\t\t\t\t\t\t\t\t\t\t\t\t\t\t\t\t\t\t\t\t\t\t\t\t\t\t\t\t\t\t\t\t<img decoding=\"async\" class=\"media-image \" loading=\"lazy\" src=\"https:\/\/www.europesays.com\/de\/wp-content\/uploads\/2025\/09\/17332961_W400C740x499o0x0.jpg\" alt=\"\u201eSimply The 80s\u2018 Best\u201c: Kraftverkehr wird in die 1980er Jahre zur\u00fcckversetzt - VJ Dirk Duske am Mischpult.\"   style=\"&#10;&#9;&#9;&#9;aspect-ratio:740\/499;&#10;&#9;&#9;&#9;background: url(data:image\/jpg;base64,\/9j\/4AAQSkZJRgABAQEBLAEsAAD\/2wBDAAUDBAQEAwUEBAQFBQUGBwwIBwcHBw8LCwkMEQ8SEhEPERETFhwXExQaFRERGCEYGh0dHx8fExciJCIeJBweHx7\/2wBDAQUFBQcGBw4ICA4eFBEUHh4eHh4eHh4eHh4eHh4eHh4eHh4eHh4eHh4eHh4eHh4eHh4eHh4eHh4eHh4eHh4eHh7\/wAARCAAHAAoDAREAAhEBAxEB\/8QAFAABAAAAAAAAAAAAAAAAAAAAB\/\/EACEQAAEDAwQDAAAAAAAAAAAAAAECAwQABRIGBzFBERMy\/8QAFgEBAQEAAAAAAAAAAAAAAAAABQIE\/8QAIhEAAQMDAwUAAAAAAAAAAAAAAQACAxEhUQQFMQYSE0GB\/9oADAMBAAIRAxEAPwAL21Ta4mrrU4uOxLdMhHtiymQtlxRXiE8cdnqt+5aNkEzoi2hFs39pFup8YcBauOfmEu3TYzO5ylNahittl5ZQgQlAJGR8D6pyHquaKNrOwWAHOFYcxwrVf\/\/Z) no-repeat left top; background-size: cover;&#9;&#9;&#9;height: 100%;&#9;&#9;\"\/><\/p>\n<p>\n\t\t\t\t\t\t\t\t\tVJ Dirk Duske am Mischpult. Foto: Maik Bohn\n\t\t\t\t\t\t\t\t<\/p>\n<\/li>\n<li class=\"img gallery-item\">\n<p>\t\t\t\t\t\t\t\t\t\t\t\t\t\t\t\t\t\t\t\t\t\t\t\t\t\t\t\t\t\t\t\t\t\t\t\t\t\t\t\t\t<img decoding=\"async\" class=\"media-image \" loading=\"lazy\" src=\"https:\/\/www.europesays.com\/de\/wp-content\/uploads\/2025\/09\/17332963_W400C740x499o0x0.jpg\" alt=\"\u201eSimply The 80s\u2018 Best\u201c: Kraftverkehr wird in die 1980er Jahre zur\u00fcckversetzt - VJ Dirk Duske am Mischpult.\"   style=\"&#10;&#9;&#9;&#9;aspect-ratio:740\/499;&#10;&#9;&#9;&#9;background: url(data:image\/jpg;base64,\/9j\/4AAQSkZJRgABAQEBLAEsAAD\/2wBDAAUDBAQEAwUEBAQFBQUGBwwIBwcHBw8LCwkMEQ8SEhEPERETFhwXExQaFRERGCEYGh0dHx8fExciJCIeJBweHx7\/2wBDAQUFBQcGBw4ICA4eFBEUHh4eHh4eHh4eHh4eHh4eHh4eHh4eHh4eHh4eHh4eHh4eHh4eHh4eHh4eHh4eHh4eHh7\/wAARCAAHAAoDAREAAhEBAxEB\/8QAFQABAQAAAAAAAAAAAAAAAAAABAf\/xAAfEAACAQQCAwAAAAAAAAAAAAABAgQDBQYRADEHEoH\/xAAVAQEBAAAAAAAAAAAAAAAAAAACBP\/EAB4RAAEDBAMAAAAAAAAAAAAAAAIAARIDEzFRBCGh\/9oADAMBAAIRAxEAPwCU2fNcvh1pkxb7IjTlpMashAu9uxcqqgeqjYHQ1845iLYyradGYu5FGLe96QGvnkhmLPl9wLE7OpLd8FilpK5y2wS\/\/9k=) no-repeat left top; background-size: cover;&#9;&#9;&#9;height: 100%;&#9;&#9;\"\/><\/p>\n<p>\n\t\t\t\t\t\t\t\t\tVJ Dirk Duske am Mischpult. Foto: Maik Bohn\n\t\t\t\t\t\t\t\t<\/p>\n<\/li>\n<li class=\"img gallery-item\">\n<p>\t\t\t\t\t\t\t\t\t\t\t\t\t\t\t\t\t\t\t\t\t\t\t\t\t\t\t\t\t\t\t\t\t\t\t\t\t\t\t\t\t<img decoding=\"async\" class=\"media-image \" loading=\"lazy\" src=\"https:\/\/www.europesays.com\/de\/wp-content\/uploads\/2025\/09\/17332966_W400C740x499o0x0.jpg\" alt=\"\u201eSimply The 80s\u2018 Best\u201c: Kraftverkehr wird in die 1980er Jahre zur\u00fcckversetzt - VJ Dirk Duske am Mischpult.\"   style=\"&#10;&#9;&#9;&#9;aspect-ratio:740\/499;&#10;&#9;&#9;&#9;background: url(data:image\/jpg;base64,\/9j\/4AAQSkZJRgABAQEBLAEsAAD\/2wBDAAUDBAQEAwUEBAQFBQUGBwwIBwcHBw8LCwkMEQ8SEhEPERETFhwXExQaFRERGCEYGh0dHx8fExciJCIeJBweHx7\/2wBDAQUFBQcGBw4ICA4eFBEUHh4eHh4eHh4eHh4eHh4eHh4eHh4eHh4eHh4eHh4eHh4eHh4eHh4eHh4eHh4eHh4eHh7\/wAARCAAHAAoDAREAAhEBAxEB\/8QAFQABAQAAAAAAAAAAAAAAAAAABQf\/xAAhEAABAwQBBQAAAAAAAAAAAAABAgQRAwUGIQcAIjFBs\/\/EABcBAAMBAAAAAAAAAAAAAAAAAAECBAX\/xAAiEQAABAQHAAAAAAAAAAAAAAAAAQIDBBFBsRITIVFS8PH\/2gAMAwEAAhEDEQA\/AJa05HuLdVO4qt1tW4FKRTDI1G+4IMGslZOvMgCTr2aCViKfbjXfedQrVVKezCo54zVPam24QUjQJYOZ+nSZZ7glGxHO4\/\/Z) no-repeat left top; background-size: cover;&#9;&#9;&#9;height: 100%;&#9;&#9;\"\/><\/p>\n<p>\n\t\t\t\t\t\t\t\t\tVJ Dirk Duske am Mischpult. Foto: Maik Bohn\n\t\t\t\t\t\t\t\t<\/p>\n<\/li>\n<li class=\"img gallery-item\">\n<p>\t\t\t\t\t\t\t\t\t\t\t\t\t\t\t\t\t\t\t\t\t\t\t\t\t\t\t\t\t\t\t\t\t\t\t\t\t\t\t\t\t<img decoding=\"async\" class=\"media-image \" loading=\"lazy\" src=\"https:\/\/www.europesays.com\/de\/wp-content\/uploads\/2025\/09\/17332971_W400C740x499o0x0.jpg\" alt=\"\u201eSimply The 80s\u2018 Best\u201c: Kraftverkehr wird in die 1980er Jahre zur\u00fcckversetzt - 80er-Jahre Look\"   style=\"&#10;&#9;&#9;&#9;aspect-ratio:740\/499;&#10;&#9;&#9;&#9;background: url(data:image\/jpg;base64,\/9j\/4AAQSkZJRgABAQEBLAEsAAD\/2wBDAAUDBAQEAwUEBAQFBQUGBwwIBwcHBw8LCwkMEQ8SEhEPERETFhwXExQaFRERGCEYGh0dHx8fExciJCIeJBweHx7\/2wBDAQUFBQcGBw4ICA4eFBEUHh4eHh4eHh4eHh4eHh4eHh4eHh4eHh4eHh4eHh4eHh4eHh4eHh4eHh4eHh4eHh4eHh7\/wAARCAAHAAoDAREAAhEBAxEB\/8QAFAABAAAAAAAAAAAAAAAAAAAABv\/EACUQAAEDAgQHAQAAAAAAAAAAAAECAwQFIQAGETEHExQiJTJBYf\/EABUBAQEAAAAAAAAAAAAAAAAAAAMF\/8QAHhEAAQMEAwAAAAAAAAAAAAAAAQACAxESMZEEIaH\/2gAMAwEAAhEDEQA\/AAdU4w52qlUlQKtXZkx1UVTyAhwsoIDZB1SjRIsLgDQ32JwcUsrQbTlUpDBdaGdD1AY+aXenb8XlU9g96MypW308u5\/cO0yUGNJQziOFS07X\/9k=) no-repeat left top; background-size: cover;&#9;&#9;&#9;height: 100%;&#9;&#9;\"\/><\/p>\n<p>\n\t\t\t\t\t\t\t\t\t80er-Jahre Look Foto: Maik Bohn\n\t\t\t\t\t\t\t\t<\/p>\n<\/li>\n<li class=\"img gallery-item\">\n<p>\t\t\t\t\t\t\t\t\t\t\t\t\t\t\t\t\t\t\t\t\t\t\t\t\t\t\t\t\t\t\t\t\t\t\t\t\t\t\t\t\t<img decoding=\"async\" class=\"media-image \" loading=\"lazy\" src=\"https:\/\/www.europesays.com\/de\/wp-content\/uploads\/2025\/09\/17332976_W400C740x499o0x0.jpg\" alt=\"\u201eSimply The 80s\u2018 Best\u201c: Kraftverkehr wird in die 1980er Jahre zur\u00fcckversetzt - Besucher im Kraftverkehr\"   style=\"&#10;&#9;&#9;&#9;aspect-ratio:740\/499;&#10;&#9;&#9;&#9;background: url(data:image\/jpg;base64,\/9j\/4AAQSkZJRgABAQEBLAEsAAD\/2wBDAAUDBAQEAwUEBAQFBQUGBwwIBwcHBw8LCwkMEQ8SEhEPERETFhwXExQaFRERGCEYGh0dHx8fExciJCIeJBweHx7\/2wBDAQUFBQcGBw4ICA4eFBEUHh4eHh4eHh4eHh4eHh4eHh4eHh4eHh4eHh4eHh4eHh4eHh4eHh4eHh4eHh4eHh4eHh7\/wAARCAAHAAoDAREAAhEBAxEB\/8QAFQABAQAAAAAAAAAAAAAAAAAABQf\/xAAgEAACAQQBBQAAAAAAAAAAAAABAhEAAwQGIwUSITFh\/8QAFwEAAwEAAAAAAAAAAAAAAAAAAQIDBf\/EAB0RAAIBBAMAAAAAAAAAAAAAAAABAxEiIzFBYZH\/2gAMAwEAAhEDEQA\/AJdjadsC9IvXLfHjm4SqF1bwAWiZkwB8obXZqxKNRtOngI+sZiOyMbncpg8w90lxDEuD\/9k=) no-repeat left top; background-size: cover;&#9;&#9;&#9;height: 100%;&#9;&#9;\"\/><\/p>\n<p>\n\t\t\t\t\t\t\t\t\tBesucher im Kraftverkehr Foto: Maik Bohn\n\t\t\t\t\t\t\t\t<\/p>\n<\/li>\n<li class=\"img gallery-item\">\n<p>\t\t\t\t\t\t\t\t\t\t\t\t\t\t\t\t\t\t\t\t\t\t\t\t\t\t\t\t\t\t\t\t\t\t\t\t\t\t\t\t\t<img decoding=\"async\" class=\"media-image \" loading=\"lazy\" src=\"https:\/\/www.europesays.com\/de\/wp-content\/uploads\/2025\/09\/17332978_W400C740x499o0x0.jpg\" alt=\"\u201eSimply The 80s\u2018 Best\u201c: Kraftverkehr wird in die 1980er Jahre zur\u00fcckversetzt - Peter Illmann und Dirk Duske\"   style=\"&#10;&#9;&#9;&#9;aspect-ratio:740\/499;&#10;&#9;&#9;&#9;background: url(data:image\/jpg;base64,\/9j\/4AAQSkZJRgABAQEBLAEsAAD\/2wBDAAUDBAQEAwUEBAQFBQUGBwwIBwcHBw8LCwkMEQ8SEhEPERETFhwXExQaFRERGCEYGh0dHx8fExciJCIeJBweHx7\/2wBDAQUFBQcGBw4ICA4eFBEUHh4eHh4eHh4eHh4eHh4eHh4eHh4eHh4eHh4eHh4eHh4eHh4eHh4eHh4eHh4eHh4eHh7\/wAARCAAHAAoDAREAAhEBAxEB\/8QAFQABAQAAAAAAAAAAAAAAAAAABQb\/xAAeEAABBAIDAQAAAAAAAAAAAAABAgMFEQQhBhIUAP\/EABYBAQEBAAAAAAAAAAAAAAAAAAUDBP\/EACURAAIBAQUJAAAAAAAAAAAAAAECEQADBCFh4QUSMTJBUWKR0f\/aAAwDAQACEQMRAD8AnIrmkLL8xZc9QahGm0ZWNRfChkLb6qQoAbreq66u92U0vaowcCAOmfemrvfQm6qpABnAniDnM\/aSZ53BqZQr0ZgtINWv7SdpLPKfelWe2s3YtDY+Wlf\/2Q==) no-repeat left top; background-size: cover;&#9;&#9;&#9;height: 100%;&#9;&#9;\"\/><\/p>\n<p>\n\t\t\t\t\t\t\t\t\tPeter Illmann und Dirk Duske Foto: Maik Bohn\n\t\t\t\t\t\t\t\t<\/p>\n<\/li>\n<li class=\"img gallery-item\">\n<p>\t\t\t\t\t\t\t\t\t\t\t\t\t\t\t\t\t\t\t\t\t\t\t\t\t\t\t\t\t\t\t\t\t\t\t\t\t\t\t\t\t<img decoding=\"async\" class=\"media-image \" loading=\"lazy\" src=\"https:\/\/www.europesays.com\/de\/wp-content\/uploads\/2025\/09\/17332983_W400C740x499o0x0.jpg\" alt=\"\u201eSimply The 80s\u2018 Best\u201c: Kraftverkehr wird in die 1980er Jahre zur\u00fcckversetzt - VJ Dirk Duske am Mischpult\"   style=\"&#10;&#9;&#9;&#9;aspect-ratio:740\/499;&#10;&#9;&#9;&#9;background: url(data:image\/jpg;base64,\/9j\/4AAQSkZJRgABAQEBLAEsAAD\/2wBDAAUDBAQEAwUEBAQFBQUGBwwIBwcHBw8LCwkMEQ8SEhEPERETFhwXExQaFRERGCEYGh0dHx8fExciJCIeJBweHx7\/2wBDAQUFBQcGBw4ICA4eFBEUHh4eHh4eHh4eHh4eHh4eHh4eHh4eHh4eHh4eHh4eHh4eHh4eHh4eHh4eHh4eHh4eHh7\/wAARCAAHAAoDAREAAhEBAxEB\/8QAFQABAQAAAAAAAAAAAAAAAAAABQb\/xAAgEAACAgEDBQAAAAAAAAAAAAABAgMEBQAGERIhJKHS\/8QAFgEBAQEAAAAAAAAAAAAAAAAAAgME\/8QAIxEAAQEGBwEAAAAAAAAAAAAAAQACAxESoeEEITFCUWGR8P\/aAAwDAQACEQMRAD8AjFzDWrOPnqzNLE56RZFdEKAkoeR2Yge9EMPGhEn71bm8XmBEkDTpFS5bbZlcncx5LHnxbP1qUr3it0pnZ3Usv\/\/Z) no-repeat left top; background-size: cover;&#9;&#9;&#9;height: 100%;&#9;&#9;\"\/><\/p>\n<p>\n\t\t\t\t\t\t\t\t\tVJ Dirk Duske am Mischpult Foto: Maik Bohn\n\t\t\t\t\t\t\t\t<\/p>\n<\/li>\n<\/ul>\n<p>1\/9<\/p>\n<p>\t\t\t\t\t\t\t\t\t\t\t\t\t\t\t\t\t\t\t\t\t\t\t\t\t\t\t\t\t\t<b class=\"ortsmarke\">Chemnitz.<\/b>\u00a0<\/p>\n<p>Es ist schon ein paar Jahre her genau 35. da ging das Jahrzehnt der 80er Musik zu Ende. Aber diese Musikrichtung war nie weg im Gegenteil. Sie ist immer wieder zu H\u00f6ren im Radio in Diskotheken und vor allen hier bei VJ Dirk Duske der sich mit der \u201eOriginal Videoclipdisko\u201c eine Nische geschaffen hat. Der Chemnitzer Duske ist selbst Fan dieser Musik und erf\u00fcllte sich damit einen Traum. Seit einigen Jahren transportiert er diese Musik in die Tanzs\u00e4\u00e4le des Landes und bringt eben nicht nur die Musik sondern noch dazu die visuellen Sch\u00e4tze in Form der damaligen Videos.<\/p>\n<p>\t\t\t\t\t\t\t\t\t\t\t\t\t\t\t\t\t\tDer Samstag Abend stand im Zeichen der Musik 80er Jahre<\/p>\n<p>Dieses Event begann einige Minuten sp\u00e4ter da noch nicht alle Besucher im ausverkauften <a href=\"https:\/\/www.blick.de\/thema\/ort\/kraftverkehr-chemnitz\" title=\"Kraftverkehr\" class=\"internal-article-link\" data-ct=\"ENTITY\/KEYWORD\/KRAFTVERKEHR\" rel=\"nofollow noopener\" target=\"_blank\">Kraftverkehr<\/a> in der Halle waren, keiner der G\u00e4ste sollte etwas verpassen. Das war auch gut so denn dann f\u00fcllte sich die Lokation. Moderationslegende Peter Illmann kam auf die B\u00fchne besser bekannt als Moderator von und der Sendung Formel Eins, P.I.T. Peter Illmann Treff und Peter\u2018s Pop Show die liefen alle im Westfernsehen und doch sahen viele im Osten diese Kultsendungen und nat\u00fcrlich diese Kutltvideos und lernten nebenbei noch die Musik aus anderen Landen der Welt kennen, jensets von Phudys, City und Karat. Illmann ist Fernsehmoderator , Schauspieler und Radiomoderator und ist auch heute noch bei 80s80s im Radio zu H\u00f6ren, immer Montags bis Freitag von 5.00 Uhr bis 10.00 Uhr. Illmann sagte in Chemnitz;\u201c Ich war schon mal hier in Sachsen damals in den 90er Jahren aber jetzt hat sich ja sehrt viel Ver\u00e4ndert\u201c. Er reiste schon am Donnerstag an und schaute ich Sehensw\u00fcrdigkeiten an und war bei kulturellen Veranstaltungen dabei.<\/p>\n<p>\t\t\t\t\t\t\t\t\t\t\t\t\t\t\t\t\t\tPeter Illmann moderierte souver\u00e4n und einige Geschichten hinter diesen Videos wurden erz\u00e4hlt<\/p>\n<p>Es gibt ja auf der Welt Millionen von Musikfans aller Musikrichtungen und jeder denkt er hat fundierten Wissen und kennt sich aus aber es gibt eben immer noch Hintergrundwissen die einen Fan sprachlos machen. Das machte Illmann bei seinem Ausf\u00fchrungen und Erkl\u00e4rungen zu diesen Kultvideos aus den 80er Jahren erlebbar. An dem Abend wurden Top 20.Videos gew\u00e4hlt von den H\u00f6rern von 80s80s die gezeigt wurden darunter waren Platz 20. The Buggles mit \u201eVideo Killed The Radio Star\u201c, weiter dabei waren auch u.a. Queen, die Dire Straits, die Pet Shop Boys, Genesis, Madonna, Michael Jackson, Duran Duran auf Platz 1.wurde Aha mit \u201eTake on me\u201c gew\u00e4hlt. VJ Dirk Duske sagte;\u201c Es war wieder so genial hier im Kraftverkehr aufzutreten es ist eine tolle Lokation und das Publikum war Klasse. Moderationslegende Peter Illmann an meiner Seite hat den Abend zu etwas Besonderen gemacht\u201c. Nat\u00fcrlich waren viele Eventbesucher in kultigen 80er Jahre Klamotten gekommen und alles wirkte sehr \u201eEcht\u201c und man meinte die Zeit w\u00e4re stehen geblieben. \u00dcbrigens das gesch\u00e4tzte Durchnittsalter der G\u00e4ste lag bei 50.<\/p>\n<p>\t\t\t\t\t\t\t\t\t\t\t\t\t\t\t\t\t\tWer noch mehr erleben m\u00f6chte<\/p>\n<p>Wer am Samstag noch nicht dabei war oder nochmal dabei sein m\u00f6chte hat die Gelegenheit VJ Dirk Duske am 10.10.2025 im Tivoli in Freiberg zu sehen und auch wieder im Kraftverkehr Chemnitz hier ist er am 27.12.25 live mit \u201eSimply all the Best\u201c zu erleben.<\/p>\n","protected":false},"excerpt":{"rendered":"\u201eSimply The 80s\u2018 Best\u201c: Kraftverkehr wird in die 1980er Jahre zur\u00fcckversetzt Disco VJ Dirk Duske und Kultmoderator Peter&hellip;\n","protected":false},"author":2,"featured_media":457696,"comment_status":"","ping_status":"","sticky":false,"template":"","format":"standard","meta":{"footnotes":""},"categories":[1851],"tags":[2770,3364,29,548,663,3934,30,13,810,14,15,859,12],"class_list":{"0":"post-457695","1":"post","2":"type-post","3":"status-publish","4":"format-standard","5":"has-post-thumbnail","7":"category-chemnitz","8":"tag-chemnitz","9":"tag-de","10":"tag-deutschland","11":"tag-eu","12":"tag-europa","13":"tag-europe","14":"tag-germany","15":"tag-headlines","16":"tag-musik","17":"tag-nachrichten","18":"tag-news","19":"tag-sachsen","20":"tag-schlagzeilen"},"share_on_mastodon":{"url":"https:\/\/pubeurope.com\/@de\/115283614409180059","error":""},"_links":{"self":[{"href":"https:\/\/www.europesays.com\/de\/wp-json\/wp\/v2\/posts\/457695","targetHints":{"allow":["GET"]}}],"collection":[{"href":"https:\/\/www.europesays.com\/de\/wp-json\/wp\/v2\/posts"}],"about":[{"href":"https:\/\/www.europesays.com\/de\/wp-json\/wp\/v2\/types\/post"}],"author":[{"embeddable":true,"href":"https:\/\/www.europesays.com\/de\/wp-json\/wp\/v2\/users\/2"}],"replies":[{"embeddable":true,"href":"https:\/\/www.europesays.com\/de\/wp-json\/wp\/v2\/comments?post=457695"}],"version-history":[{"count":0,"href":"https:\/\/www.europesays.com\/de\/wp-json\/wp\/v2\/posts\/457695\/revisions"}],"wp:featuredmedia":[{"embeddable":true,"href":"https:\/\/www.europesays.com\/de\/wp-json\/wp\/v2\/media\/457696"}],"wp:attachment":[{"href":"https:\/\/www.europesays.com\/de\/wp-json\/wp\/v2\/media?parent=457695"}],"wp:term":[{"taxonomy":"category","embeddable":true,"href":"https:\/\/www.europesays.com\/de\/wp-json\/wp\/v2\/categories?post=457695"},{"taxonomy":"post_tag","embeddable":true,"href":"https:\/\/www.europesays.com\/de\/wp-json\/wp\/v2\/tags?post=457695"}],"curies":[{"name":"wp","href":"https:\/\/api.w.org\/{rel}","templated":true}]}}