{"id":457813,"date":"2025-09-28T20:44:11","date_gmt":"2025-09-28T20:44:11","guid":{"rendered":"https:\/\/www.europesays.com\/de\/457813\/"},"modified":"2025-09-28T20:44:11","modified_gmt":"2025-09-28T20:44:11","slug":"startschuss-fuer-die-buechertauschboerse","status":"publish","type":"post","link":"https:\/\/www.europesays.com\/de\/457813\/","title":{"rendered":"Startschuss f\u00fcr die B\u00fcchertauschb\u00f6rse"},"content":{"rendered":"<p><strong>Bad Abbach. <\/strong>Auf dem Marktplatz im Ortskern gibt es nun Futter f\u00fcr Leseratten: Der neue B\u00fccherschrank l\u00e4dt dazu ein, B\u00fccher entweder mitzunehmen oder hineinzustellen. Wer ein Buch fertiggelesen hat, kann es entweder zur\u00fcckbringen oder behalten. Pro Person k\u00f6nnen maximal f\u00fcnf B\u00fccher auf einmal in den Schrank getan werden. So sollen m\u00f6glichst viele Menschen die M\u00f6glichkeit haben, Lesestoff einzubringen. Die B\u00fccher sollen sauber und unbesch\u00e4digt sein. Verboten ist alles, was rassistisch oder pornografisch ist.<\/p>\n<p>Initiatorinnen des B\u00fccherschranks sind Uschi Kuntsch und Gabriele Baumeister. Sie&#8230;<\/p>\n<p>Weiterlesen mit<\/p>\n<p>                                                                                <img decoding=\"async\" src=\"https:\/\/www.mittelbayerische.de\/assets\/build\/images\/mz-plus.svg\" alt=\"Plus-Logo\" class=\"paywall-image\"\/><\/p>\n<p class=\"text-center\">\n            Sie sind bereits registriert oder Plus-Abonnent?<\/p>\n<p>                Hier anmelden<\/p>\n","protected":false},"excerpt":{"rendered":"Bad Abbach. Auf dem Marktplatz im Ortskern gibt es nun Futter f\u00fcr Leseratten: Der neue B\u00fccherschrank l\u00e4dt dazu&hellip;\n","protected":false},"author":2,"featured_media":457814,"comment_status":"","ping_status":"","sticky":false,"template":"","format":"standard","meta":{"footnotes":""},"categories":[1774],"tags":[1784,1785,29,214,30,215],"class_list":{"0":"post-457813","1":"post","2":"type-post","3":"status-publish","4":"format-standard","5":"has-post-thumbnail","7":"category-buecher","8":"tag-books","9":"tag-buecher","10":"tag-deutschland","11":"tag-entertainment","12":"tag-germany","13":"tag-unterhaltung"},"share_on_mastodon":{"url":"https:\/\/pubeurope.com\/@de\/115283877799015145","error":""},"_links":{"self":[{"href":"https:\/\/www.europesays.com\/de\/wp-json\/wp\/v2\/posts\/457813","targetHints":{"allow":["GET"]}}],"collection":[{"href":"https:\/\/www.europesays.com\/de\/wp-json\/wp\/v2\/posts"}],"about":[{"href":"https:\/\/www.europesays.com\/de\/wp-json\/wp\/v2\/types\/post"}],"author":[{"embeddable":true,"href":"https:\/\/www.europesays.com\/de\/wp-json\/wp\/v2\/users\/2"}],"replies":[{"embeddable":true,"href":"https:\/\/www.europesays.com\/de\/wp-json\/wp\/v2\/comments?post=457813"}],"version-history":[{"count":0,"href":"https:\/\/www.europesays.com\/de\/wp-json\/wp\/v2\/posts\/457813\/revisions"}],"wp:featuredmedia":[{"embeddable":true,"href":"https:\/\/www.europesays.com\/de\/wp-json\/wp\/v2\/media\/457814"}],"wp:attachment":[{"href":"https:\/\/www.europesays.com\/de\/wp-json\/wp\/v2\/media?parent=457813"}],"wp:term":[{"taxonomy":"category","embeddable":true,"href":"https:\/\/www.europesays.com\/de\/wp-json\/wp\/v2\/categories?post=457813"},{"taxonomy":"post_tag","embeddable":true,"href":"https:\/\/www.europesays.com\/de\/wp-json\/wp\/v2\/tags?post=457813"}],"curies":[{"name":"wp","href":"https:\/\/api.w.org\/{rel}","templated":true}]}}