{"id":457816,"date":"2025-09-28T20:46:11","date_gmt":"2025-09-28T20:46:11","guid":{"rendered":"https:\/\/www.europesays.com\/de\/457816\/"},"modified":"2025-09-28T20:46:11","modified_gmt":"2025-09-28T20:46:11","slug":"beste-form-meines-lebens-ed-sheeran-arbeitet-am-waschbrettbauch","status":"publish","type":"post","link":"https:\/\/www.europesays.com\/de\/457816\/","title":{"rendered":"&#8222;Beste Form meines Lebens&#8220;: Ed Sheeran arbeitet am Waschbrettbauch"},"content":{"rendered":"<p>                    &#8222;Beste Form meines Lebens&#8220;<br \/>\n                Ed Sheeran arbeitet am Waschbrettbauch<\/p>\n<p>\t\t\t\t              28.09.2025, 21:59 Uhr<\/p>\n<p>\t\t\t\t\t       Artikel anh\u00f6ren<\/p>\n<p>\t\t\t\t\t\t\tDiese Audioversion wurde k\u00fcnstlich generiert. <a href=\"https:\/\/www.n-tv.de\/23249898\" target=\"_blank\" rel=\"noopener\">Mehr Infos<\/a><\/p>\n<p><strong>Ed Sheeran geht seit Neuestem &#8222;richtig ins Fitnessstudio&#8220; und will sehen, wie weit er damit kommt. Der S\u00e4nger hat einen Waschbrettbauch als Ziel ausgerufen. Doch ein Laster verfolgt ihn weiterhin. <\/strong><\/p>\n<p>Ed Sheeran ist k\u00f6rperlich gerade in &#8222;Bestform&#8220;. Der S\u00e4nger <a href=\"https:\/\/www.youtube.com\/watch?v=BGI68Ip_y54\" rel=\"Follow noopener\" target=\"_blank\">verriet in einem Gespr\u00e4ch mit Andy Cohen<\/a> f\u00fcr Sirius XM, warum er sich entschlossen hat, abzunehmen. &#8222;Ich habe letztes Jahr ziemlich viel zugenommen und dachte mir: &#8218;Ich gehe jetzt richtig ins Fitnessstudio und versuche, ein paar Kilo abzunehmen'&#8220;, erkl\u00e4rte Sheeran, nachdem der Moderator darauf hingewiesen hatte, wie &#8222;durchtrainiert&#8220; der Musiker sei.<\/p>\n<p>Der 34-J\u00e4hrige f\u00fcgte \u00fcber sein Fitnessprogramm hinzu, dass er dann selbst sehen wollte, &#8222;wie weit ich damit komme&#8220;. Er habe noch nie in seinem Leben ein Sixpack gehabt. &#8222;Ich dachte mir: &#8218;Ich werde mal sehen, ob ich das hinbekomme'&#8220;, verriet Sheeran. Er musste dann aber wohl auch erkennen, dass das mit dem Waschbrettbauch leichter gesagt als getan ist: &#8222;Ich vermassle es immer wieder, weil ich st\u00e4ndig unterwegs bin und mir denke: &#8218;Ich trinke ein paar Bier&#8216;, und dann ist es eben so, wie es ist&#8220;, gab er zu. &#8222;Aber ich w\u00fcrde sagen, es l\u00e4uft ganz gut. Ich f\u00fchle mich in der besten Form meines Lebens.&#8220;<\/p>\n<p>Schlechte Essensgewohnheiten abgelegt<\/p>\n<p>Es ist nicht das erste Mal, dass Ed Sheeran \u00fcber sein Gewicht spricht. 2019 verk\u00fcndete der britische Singer-Songwriter, der mit seiner Frau Cherry Seaborn zwei kleine T\u00f6chter hat, dass er \u00fcber 20 Kilo abgenommen habe. Er hatte zuvor mit dem Rauchen aufgeh\u00f6rt und angefangen, Sport zu treiben, vor allem das Laufen schien ihn damals zu begeistern.<\/p>\n<p>Auch w\u00e4hrend der Corona-Pandemie fokussierte sich der S\u00e4nger offenbar sehr auf seine Gesundheit. &#8222;Ich bin zum ersten Mal wirklich gesund&#8220;, sagte Ed Sheeran 2021 gegen\u00fcber &#8222;BBC Radio 1&#8220;. &#8222;Ich habe alle schlechten Gewohnheiten in meinem Leben aufgegeben. Ich habe angefangen, jeden Tag Sport zu treiben. Fr\u00fcher habe ich jeden Tag Fertiggerichte gegessen, jetzt esse ich die nicht mehr t\u00e4glich und es geht mir gut.&#8220;<\/p>\n","protected":false},"excerpt":{"rendered":"&#8222;Beste Form meines Lebens&#8220; Ed Sheeran arbeitet am Waschbrettbauch 28.09.2025, 21:59 Uhr Artikel anh\u00f6ren Diese Audioversion wurde k\u00fcnstlich&hellip;\n","protected":false},"author":2,"featured_media":457817,"comment_status":"","ping_status":"","sticky":false,"template":"","format":"standard","meta":{"footnotes":""},"categories":[1772],"tags":[29,3575,214,247,30,141,1779,810,215],"class_list":{"0":"post-457816","1":"post","2":"type-post","3":"status-publish","4":"format-standard","5":"has-post-thumbnail","7":"category-musik","8":"tag-deutschland","9":"tag-ed-sheeran","10":"tag-entertainment","11":"tag-fitness","12":"tag-germany","13":"tag-gesundheit","14":"tag-music","15":"tag-musik","16":"tag-unterhaltung"},"share_on_mastodon":{"url":"https:\/\/pubeurope.com\/@de\/115283885108378869","error":""},"_links":{"self":[{"href":"https:\/\/www.europesays.com\/de\/wp-json\/wp\/v2\/posts\/457816","targetHints":{"allow":["GET"]}}],"collection":[{"href":"https:\/\/www.europesays.com\/de\/wp-json\/wp\/v2\/posts"}],"about":[{"href":"https:\/\/www.europesays.com\/de\/wp-json\/wp\/v2\/types\/post"}],"author":[{"embeddable":true,"href":"https:\/\/www.europesays.com\/de\/wp-json\/wp\/v2\/users\/2"}],"replies":[{"embeddable":true,"href":"https:\/\/www.europesays.com\/de\/wp-json\/wp\/v2\/comments?post=457816"}],"version-history":[{"count":0,"href":"https:\/\/www.europesays.com\/de\/wp-json\/wp\/v2\/posts\/457816\/revisions"}],"wp:featuredmedia":[{"embeddable":true,"href":"https:\/\/www.europesays.com\/de\/wp-json\/wp\/v2\/media\/457817"}],"wp:attachment":[{"href":"https:\/\/www.europesays.com\/de\/wp-json\/wp\/v2\/media?parent=457816"}],"wp:term":[{"taxonomy":"category","embeddable":true,"href":"https:\/\/www.europesays.com\/de\/wp-json\/wp\/v2\/categories?post=457816"},{"taxonomy":"post_tag","embeddable":true,"href":"https:\/\/www.europesays.com\/de\/wp-json\/wp\/v2\/tags?post=457816"}],"curies":[{"name":"wp","href":"https:\/\/api.w.org\/{rel}","templated":true}]}}