{"id":457824,"date":"2025-09-28T20:50:17","date_gmt":"2025-09-28T20:50:17","guid":{"rendered":"https:\/\/www.europesays.com\/de\/457824\/"},"modified":"2025-09-28T20:50:17","modified_gmt":"2025-09-28T20:50:17","slug":"fame-fighting-tv-star-schlaeft-auf-luftmatratze-in-der-turnhalle-scheidungs-drama-unterhaltung","status":"publish","type":"post","link":"https:\/\/www.europesays.com\/de\/457824\/","title":{"rendered":"Fame Fighting: TV-Star schl\u00e4ft auf Luftmatratze in der Turnhalle! Scheidungs-Drama | Unterhaltung"},"content":{"rendered":"<p>Essen \u2013 Jetzt kommt es kn\u00fcppeldick f\u00fcr Reality-Star Yasin Cilingir (34).<\/p>\n<p><a href=\"https:\/\/www.bild.de\/unterhaltung\/stars-und-leute\/love-island-traumpaar-yasin-und-samira-heimliches-ehe-aus-68b9407101ad191d1ad5ec99\" class=\"text-link\" target=\"_blank\" rel=\"noopener\"><b>Vor drei Wochen wurde bekannt, dass seine vermeintliche Traum-Ehe mit Samira (28) am Ende ist<\/b><\/a><b>. Die Reality-TV-Szene weint noch immer. <\/b><\/p>\n<p>Die Liebe: Zerbrochen.<\/p>\n<p><b>Zwei Kinder zwischen den Fronten. Scheidung.<\/b><\/p>\n<p>Aber Yasin hat den Kopf nicht frei. Am 18. Oktober steigt sein Box-Kampf. Fame Fighting 3 \u2013 live und exklusiv bei BILD. <a href=\"https:\/\/www.bild.de\/specials\/premium-event\/fame-fighting-noch-heute-den-fight-pass-sichern-67f3e2ac34eeb05559befdb3\" class=\"text-link\" target=\"_blank\" rel=\"noopener\">Hier geht es zur Anmeldung.<\/a><\/p>\n<p>Mehr zum Thema<\/p>\n<p><b>Sein Gegner: Kampfmaschine Aleks Petrovic (34) \u2013 bereitet sich in Dubai im Luxus vor.<\/b><\/p>\n<p>\u2026 und Yasin? Alte Turnhalle. Keine Dusche. Kein warmes Wasser.<\/p>\n<p><b>Sein ganzes Leben passt in einen Koffer.<\/b><\/p>\n<p><img decoding=\"async\" width=\"992\" height=\"1178\" alt=\"Aleks Petrovic will Yasins Probleme noch vergr\u00f6\u00dfern\" src=\"https:\/\/www.europesays.com\/de\/wp-content\/uploads\/2025\/09\/49cd8a2275b19c1e19b936899d405d8b,e65454fd\"   class=\"portrait\" loading=\"lazy\"\/><\/p>\n<p class=\"fig__caption__text\">Aleks Petrovic (34) will Yasins Probleme noch vergr\u00f6\u00dfern<\/p>\n<p>Foto: Fame Fighting<\/p>\n<p>Gr\u00f6\u00dfer k\u00f6nnen die Gegens\u00e4tze nicht sein.<\/p>\n<p><b>In der vierten Folge der <\/b><a href=\"https:\/\/www.bild.de\/specials\/premium-event\/fame-fighting-unleashed-hier-die-erste-folge-der-mega-serie-schauen-68b6ff8901ad191d1ad5d019\" class=\"text-link\" target=\"_blank\" rel=\"noopener\"><b>Fame-Fighting-Doku \u201eUnleashed\u201c<\/b><\/a><b> zeigt Yasin, wie er sich auf den gro\u00dfen Kampf vorbereitet \u2013 w\u00e4hrend im Hintergrund die Scheidung von seiner gro\u00dfen Liebe l\u00e4uft. <\/b><\/p>\n<p>UNLEASHED Folge 4: Liebes-Drama bei Aleks und Yasin<a class=\"anchor video-teaser__anchor\" href=\"https:\/\/www.bild.de\/specials\/premium-event\/unleashed-folge-4-liebes-drama-bei-aleks-und-yasin-68a70d88229c582f68419ee0\" target=\"_blank\" rel=\"noopener\"><img decoding=\"async\" width=\"992\" height=\"558\" alt=\"Teaser-Bild\" src=\"https:\/\/www.europesays.com\/de\/wp-content\/uploads\/2025\/09\/5aa689be28c08d65882a876fc96943ee,b5e6d921\"   class=\"landscape teaser__image\" loading=\"lazy\"\/><\/a><\/p>\n<p>Quelle: Past Midnight Film Studio, Fame Fighting27.09.2025<\/p>\n<p><b>Yasin gibt offen zu: \u201eIch bin durcheinander. Die Scheidung setzt mir zu.\u201c<\/b><\/p>\n<p>Statt im gemeinsamen Haus mit seiner Noch-Frau Samira schl\u00e4ft Yasin direkt in der Trainingshalle. Aus dem Hahn kommt kaltes Wasser. Seine W\u00e4sche h\u00e4ngt er in der Umkleidekabine auf. <\/p>\n<p><b>Er versucht durchzuhalten \u2013 f\u00fcr seine Kinder. \u201eIch k\u00e4mpfe f\u00fcr sie. Wir haben die letzten zwei Jahre viel durchgemacht. Jetzt auch noch die Scheidung. Ich mache alles f\u00fcr meine Kinder.\u201c<\/b><\/p>\n<p><img decoding=\"async\" width=\"992\" height=\"1178\" alt=\"Yasin und Samira lassen sich nach vier Jahren Ehe scheiden\" src=\"https:\/\/www.europesays.com\/de\/wp-content\/uploads\/2025\/09\/7e3e7af8c08a4bb87dc07b907f4acb79,b3f5790b\"   class=\"portrait\" loading=\"lazy\"\/><\/p>\n<p class=\"fig__caption__text\">Yasin und Samira lassen sich nach vier Jahren Ehe scheiden<\/p>\n<p>Foto: Fredrik von Erichsen<\/p>\n<p>Yasin und Samira waren das Reality-Traumpaar!<\/p>\n<p><b>Das Paar hatte sich im Herbst 2019 in der Reality-TV-Show \u201eLove Island\u201c kennengelernt. Kurz nach der Show zogen sie zusammen. Drei Monate sp\u00e4ter folgte die Verlobung, 2021 die Hochzeit. Zwei Kinder bekam das Paar \u2013 aber auch sie konnten die Liebe nicht retten. Im Sommer 2025 folgte das Ehe-Aus. <\/b><\/p>\n<p>Yasin am Ende? Nein! Sein Motto: Niederlage in der Liebe \u2013 aber Sieg bei Fame Fighting.<\/p>\n<p> Warum er gegen Aleks gewinnen wird?<\/p>\n<p><b>\u201eAlex ist nicht der gleiche L\u00f6we wie ich. Aber ich untersch\u00e4tze ihn nicht. Ich will ihn vernichten. Ich wei\u00df, ich bin der Au\u00dfenseiter \u2013 aber genau darum dusche ich mich mit einem Waschbecken.\u201c<\/b><\/p>\n","protected":false},"excerpt":{"rendered":"Essen \u2013 Jetzt kommt es kn\u00fcppeldick f\u00fcr Reality-Star Yasin Cilingir (34). Vor drei Wochen wurde bekannt, dass seine&hellip;\n","protected":false},"author":2,"featured_media":457825,"comment_status":"","ping_status":"","sticky":false,"template":"","format":"standard","meta":{"footnotes":""},"categories":[155],"tags":[520,29,214,23937,30,153,37487,1718,9812,45,215],"class_list":{"0":"post-457824","1":"post","2":"type-post","3":"status-publish","4":"format-standard","5":"has-post-thumbnail","7":"category-unterhaltung","8":"tag-boxen","9":"tag-deutschland","10":"tag-entertainment","11":"tag-fame-fighting","12":"tag-germany","13":"tag-influencer","14":"tag-kampfsport","15":"tag-scheidung","16":"tag-sommerhaus-der-stars","17":"tag-texttospeech","18":"tag-unterhaltung"},"share_on_mastodon":{"url":"https:\/\/pubeurope.com\/@de\/115283901492406985","error":""},"_links":{"self":[{"href":"https:\/\/www.europesays.com\/de\/wp-json\/wp\/v2\/posts\/457824","targetHints":{"allow":["GET"]}}],"collection":[{"href":"https:\/\/www.europesays.com\/de\/wp-json\/wp\/v2\/posts"}],"about":[{"href":"https:\/\/www.europesays.com\/de\/wp-json\/wp\/v2\/types\/post"}],"author":[{"embeddable":true,"href":"https:\/\/www.europesays.com\/de\/wp-json\/wp\/v2\/users\/2"}],"replies":[{"embeddable":true,"href":"https:\/\/www.europesays.com\/de\/wp-json\/wp\/v2\/comments?post=457824"}],"version-history":[{"count":0,"href":"https:\/\/www.europesays.com\/de\/wp-json\/wp\/v2\/posts\/457824\/revisions"}],"wp:featuredmedia":[{"embeddable":true,"href":"https:\/\/www.europesays.com\/de\/wp-json\/wp\/v2\/media\/457825"}],"wp:attachment":[{"href":"https:\/\/www.europesays.com\/de\/wp-json\/wp\/v2\/media?parent=457824"}],"wp:term":[{"taxonomy":"category","embeddable":true,"href":"https:\/\/www.europesays.com\/de\/wp-json\/wp\/v2\/categories?post=457824"},{"taxonomy":"post_tag","embeddable":true,"href":"https:\/\/www.europesays.com\/de\/wp-json\/wp\/v2\/tags?post=457824"}],"curies":[{"name":"wp","href":"https:\/\/api.w.org\/{rel}","templated":true}]}}