{"id":457860,"date":"2025-09-28T21:10:15","date_gmt":"2025-09-28T21:10:15","guid":{"rendered":"https:\/\/www.europesays.com\/de\/457860\/"},"modified":"2025-09-28T21:10:15","modified_gmt":"2025-09-28T21:10:15","slug":"blackout-in-grossstadt-belgorod-nach-ukrainischem-angriff","status":"publish","type":"post","link":"https:\/\/www.europesays.com\/de\/457860\/","title":{"rendered":"Blackout in Gro\u00dfstadt Belgorod nach ukrainischem Angriff"},"content":{"rendered":"<p>Belgorod (dpa) &#8211; Die russische Gro\u00dfstadt Belgorod erlebt nach einem ukrainischen Angriff erstmals seit Kriegsbeginn laut Berichten in sozialen Netzwerken einen massiven Blackout. In Tausenden H\u00e4usern gingen am Abend die Lichter aus, Menschen steckten in Fahrst\u00fchlen fest oder sa\u00dfen zuhause im Dunkeln, wie Augenzeugen in \u00f6rtlichen sozialen Netzwerken berichteten. Demnach soll eine Rakete in einem Heizkraftwerk eingeschlagen sein. Auf einem Video, das in sozialen Netzwerken verbreitet wurde, waren schwere Explosionen zu sehen und eine Rauchwolke.<\/p>\n<p>Gebietsgouverneur Wjatscheslaw Gladkow sprach in einem Video bei Telegram von \u00abbedeutsamen\u00bb Stromausf\u00e4llen in der Stadt. Es gebe weiter Luftalarm, die Menschen sollten sich in Kellern in Sicherheit bringen, sagte er vor einem noch beleuchteten Geb\u00e4ude. Gladkow sprach auch von zwei Verletzten. In Kliniken arbeiteten Notstromaggregate, hie\u00df es. Auf zun\u00e4chst nicht \u00fcberpr\u00fcfbaren Videos waren auch dunkle Stra\u00dfen zu sehen, auf denen fahrende Autos die einzige Lichtquelle waren.<\/p>\n<p>Die Ukraine greift die Gebietshauptstadt Belgorod mit ihren mehr als 300.000 Einwohnern und die gleichnamige Region immer wieder vor allem mit Drohnen an \u2013 als Teil ihres Abwehrkampfes gegen den russischen Angriffskrieg. Damit soll die russische Milit\u00e4rlogistik zerst\u00f6rt werden.\u00a0<\/p>\n<p>Die Sch\u00e4den und Opferzahlen auf ukrainischer Seite durch Moskaus Invasion sind um ein Vielfaches gr\u00f6\u00dfer als auf russischer Seite bei den Gegenangriffen Kiews. Russland f\u00fchrt seit mehr als dreieinhalb Jahren einen zerst\u00f6rerischen Angriffskrieg gegen die Ukraine.<\/p>\n","protected":false},"excerpt":{"rendered":"Belgorod (dpa) &#8211; Die russische Gro\u00dfstadt Belgorod erlebt nach einem ukrainischen Angriff erstmals seit Kriegsbeginn laut Berichten in&hellip;\n","protected":false},"author":2,"featured_media":457861,"comment_status":"","ping_status":"","sticky":false,"template":"","format":"standard","meta":{"footnotes":""},"categories":[1843],"tags":[3364,29,30,8221,4046,8970,1209,307,2185,317],"class_list":{"0":"post-457860","1":"post","2":"type-post","3":"status-publish","4":"format-standard","5":"has-post-thumbnail","7":"category-muenster","8":"tag-de","9":"tag-deutschland","10":"tag-germany","11":"tag-konflikte","12":"tag-krieg","13":"tag-muenster","14":"tag-nordrhein-westfalen","15":"tag-russland","16":"tag-strom","17":"tag-ukraine"},"share_on_mastodon":{"url":"https:\/\/pubeurope.com\/@de\/115283979509721165","error":""},"_links":{"self":[{"href":"https:\/\/www.europesays.com\/de\/wp-json\/wp\/v2\/posts\/457860","targetHints":{"allow":["GET"]}}],"collection":[{"href":"https:\/\/www.europesays.com\/de\/wp-json\/wp\/v2\/posts"}],"about":[{"href":"https:\/\/www.europesays.com\/de\/wp-json\/wp\/v2\/types\/post"}],"author":[{"embeddable":true,"href":"https:\/\/www.europesays.com\/de\/wp-json\/wp\/v2\/users\/2"}],"replies":[{"embeddable":true,"href":"https:\/\/www.europesays.com\/de\/wp-json\/wp\/v2\/comments?post=457860"}],"version-history":[{"count":0,"href":"https:\/\/www.europesays.com\/de\/wp-json\/wp\/v2\/posts\/457860\/revisions"}],"wp:featuredmedia":[{"embeddable":true,"href":"https:\/\/www.europesays.com\/de\/wp-json\/wp\/v2\/media\/457861"}],"wp:attachment":[{"href":"https:\/\/www.europesays.com\/de\/wp-json\/wp\/v2\/media?parent=457860"}],"wp:term":[{"taxonomy":"category","embeddable":true,"href":"https:\/\/www.europesays.com\/de\/wp-json\/wp\/v2\/categories?post=457860"},{"taxonomy":"post_tag","embeddable":true,"href":"https:\/\/www.europesays.com\/de\/wp-json\/wp\/v2\/tags?post=457860"}],"curies":[{"name":"wp","href":"https:\/\/api.w.org\/{rel}","templated":true}]}}