{"id":457862,"date":"2025-09-28T21:11:12","date_gmt":"2025-09-28T21:11:12","guid":{"rendered":"https:\/\/www.europesays.com\/de\/457862\/"},"modified":"2025-09-28T21:11:12","modified_gmt":"2025-09-28T21:11:12","slug":"neue-locations-praegen-herford-kulturnacht","status":"publish","type":"post","link":"https:\/\/www.europesays.com\/de\/457862\/","title":{"rendered":"Neue Locations pr\u00e4gen Herford Kulturnacht"},"content":{"rendered":"<p id=\"absatz1\" class=\"ueberschrift_schmaler\">Herford. Eine volle Markthalle zur Er\u00f6ffnung, viel Musik an vielen Orten, Lesungen und eine auch sp\u00e4tabends belebte Innenstadt machen die 17. Herforder Kulturnacht f\u00fcr Bartosz Losik, den Vorsitzenden des ausrichtenden Vereins Kulturanker Herford, zum Erfolg. R\u00fcckmeldungen der Beteiligten, seien durchaus positiv, sagte er am Sonntagmorgen.<\/p>\n<p id=\"absatz2\" class=\"em_text\">Zur Er\u00f6ffnung in der Markthalle sorgten die Big Band des Friedrichs-Gymnasiums und die vor etwas mehr als einem Jahr daraus hervorgegangene Band \u201eProject9\u201c mit ihrem Crossover aus Klassik, Pop und Rock mit Piano, Geige, Schlagzeug oder E-Gitarre f\u00fcr ein volles Haus.<\/p>\n<p id=\"absatz4\" class=\"em_text\">B\u00fcrgermeister Tim K\u00e4hler lobte das ehrenamtliche Engagement des ausrichtenden Vereins, der mit der Kulturnacht die Vielfalt des Herforder Kulturlebens sichtbar mache. Er betonte die wichtige Rolle von Kultur, die die Menschen erst zum gemeinsamen Tun und dann zum Austausch \u00fcber das Gesehene oder Geh\u00f6rte zusammenbringe und so zum Zusammenhalt der Gesellschaft beitrage.<\/p>\n<p>\n        \u00d7\n    <\/p>\n<p>\n            Sie erhalten in wenigen Minuten eine E-Mail zur Best\u00e4tigung Ihrer Anmeldung.\n        <\/p>\n<p>Erst danach ist diese abgeschlossen.<\/p>\n<p>Bitte pr\u00fcfen Sie auch den Spam-Ordner.<\/p>\n<p>\n        \u00d7\n    <\/p>\n<p>\n            Sie haben bisher Ihre E-Mail-Adresse noch nicht best\u00e4tigt.\n        <\/p>\n<p>Erst danach ist diese abgeschlossen.<\/p>\n<p>Bitte pr\u00fcfen Sie auch den Spam-Ordner.<\/p>\n<p>\n        \u00d7\n    <\/p>\n<p>\n            Es ist einen Fehler aufgetreten\n        <\/p>\n<p>Bei Fragen hilft unser Newsletter-Support<\/p>\n<p> Newsletter<\/p>\n<p> Aus dem Kreis Herford<\/p>\n<p>W\u00f6chentliche News direkt aus der Redaktion Herford.<\/p>\n<p>                Jetzt anmelden<\/p>\n<p>Gemeinsame Projekte<\/p>\n<p class=\"em_text\">Mit dem Marta-Viertel sowie Alt- und Neustadt hatte die Kulturnacht diesmal zwei Schwerpunkte, aber auch im Melvin im Quartier in der Radewig fand das Jazz-Duo \u201eApoyando\u201c ein dankbares Publikum. Im Elsbach-Haus pr\u00e4sentierten der Chor Rodnik, der bei allen Kulturn\u00e4chten dabei war, und T\u00e4nzerinnen der Ballettschule Iris Witte ein gemeinsames Programm mit Choreografien zu Liedern wie \u201eDonauwelle\u201c und getrennten Auftritten beider Ensembles, die mit reichlich Applaus belohnt wurden.<\/p>\n<p id=\"absatz6\" class=\"em_text\">\u00dcber ein reges Kommen und Gehen in der gerade er\u00f6ffneten Ausstellung \u201eZwischen Ekstase und Selbstbestimmung\u201c freute sich das Team in der Stiftung Ahlers Pro Arte gegen\u00fcber. Im Marta zogen die Darstellerinnen und Darsteller des St\u00fccks \u201eSelling Democracy\u201c durch die Ausstellung von Mohamed Bourouissa und brachten so Migrationsgeschichte und das Eintreten f\u00fcr Demokratie eindrucksvoll zusammen.<\/p>\n<p id=\"absatz7\" class=\"em_text\">Seit l\u00e4ngerer Zeit lud auch die Musikschule zur Kulturnacht mal wieder in ihre R\u00e4ume ein. Gleich sechs Bands pr\u00e4sentierten hier unterschiedliche Spielarten des Rock. Mit \u201eReddish\u201c stellte sich eine junge M\u00e4dchenband mit ausschlie\u00dflich selbst geschriebenen Songs vor und sorgte damit f\u00fcr eine \u00dcberraschung.<\/p>\n<p id=\"absatz8\"><b class=\"bold\">Bilanz von 2024: <\/b><a href=\"https:\/\/www.nw.de\/lokal\/kreis_herford\/herford\/23953339_Kulturnacht-in-Herford-mit-positiver-Bilanz-trotz-kritischer-Toene.html\" target=\"_blank\" rel=\"noopener\">Kulturnacht in Herford mit positiver Bilanz trotz kritischer T\u00f6ne<\/a><\/p>\n<p>Lesungen laden zum Einkehren ein<\/p>\n<p id=\"absatz9\" class=\"em_text\">Auch wenn vielerorts die Musik dominierte, gab es doch auch Raum f\u00fcr Literatur. Im Fr\u00fchherrenhaus lasen Hans-J\u00fcrgen Buder aus seinem Buch \u201eIn Herford \u2013 1941 bis 1968\u201c und Elisabeth M. Rothfeld Gedichte und Ausz\u00fcge aus ihrem Roman \u201eR\u00fcckkehr nach Utopia\u201c.<\/p>\n<p id=\"absatz10\" class=\"em_text\">In der Stadtbibliothek nahm sich die Hiddenhauser Autorin Laura Trappmann vier Stunden Zeit, um ihren Deb\u00fct-Fantasyroman \u201e<a href=\"https:\/\/www.nw.de\/lokal\/kreis_herford\/hiddenhausen\/24056705_Nach-Jahren-in-der-Schublade-Debuetroman-von-Autorin-aus-dem-Kreis-Herford-erscheint-endlich.html\" target=\"_blank\" rel=\"noopener\">Das W\u00fcstenm\u00e4dchen<\/a>\u201c vorzustellen. Das Format \u2013 eine Mischung aus Lesung und Gespr\u00e4ch \u2013 war wie gemacht f\u00fcr die Idee der Kulturnacht, die die Menschen zum Flanieren, Kommen und Gehen und zum Entdecken von Neuem animieren m\u00f6chte.<\/p>\n<p id=\"absatz11\"><b class=\"bold\">Lesen Sie auch:<\/b> <a href=\"https:\/\/www.nw.de\/lokal\/kreis_herford\/herford\/20728970_Was-der-Kulturanker-in-zehn-Jahren-erreicht-hat.html\" target=\"_blank\" rel=\"noopener\">Was der Kulturanker in zehn Jahren erreicht hat<\/a><\/p>\n<p id=\"absatz12\" class=\"em_text\">Die Kulturnacht bietet aber nicht nur lokalen Akteuren eine B\u00fchne, sondern sie erm\u00f6glicht auch einen anderen Blick auf die Innenstadt. Besonders auff\u00e4llig in diesem Jahr, in dem vor allem \u00fcber Leerstand und Gesch\u00e4ftsaufgaben geredet wurde, war die Zahl neuer Locations wie New Orleans 2.0, H\u00e4melinger Bar oder das Wirtshaus F\u00f6ge, die alle in den vergangenen 15 Monaten er\u00f6ffnet hatten. Egal ob harter Rock in der H\u00e4melinger Bar, Rock\u2019n\u2019Roll und Rockabilly im New Orleans 2.0 oder Folk im neuen Saal \u00fcber dem Gastraum im neuen F\u00f6ge mit dem Folk-Quartett \u201eAnother Train\u201c \u2013 \u00fcberall war es voll.<\/p>\n<p>Welche \u00c4nderungen es geben soll<\/p>\n<p>\n                    Impressionen von der 17. Herforder Kulturnacht\n                <\/p>\n<p>                    <img decoding=\"async\" class=\"w-full\" alt=\"Vorheriger Inhalt\" src=\"https:\/\/www.nw.de\/_em_daten\/locals\/module\/nw\/_includes\/twig\/current\/public\/\/images\/arrow-left.svg\"\/><\/p>\n<p>                    <img decoding=\"async\" class=\"nw-w-full\" alt=\"N\u00e4chster Inhalt\" src=\"https:\/\/www.nw.de\/_em_daten\/locals\/module\/nw\/_includes\/twig\/current\/public\/\/images\/arrow-right.svg\"\/><\/p>\n<p id=\"absatz14\" class=\"em_text\">\n\u201eViele der Gastronomen haben uns auf eine Beteiligung an der Kulturnacht angesprochen. In anderen F\u00e4llen organisieren sich Bands auch selbst\u201c, sagte Losik. Gerade im Bandbereich habe auch sein Vorstandskollege Paul Lamprecht, der als Drummer bei \u201eFall Out\u201c in der H\u00e4melinger Bar auch selbst auf der B\u00fchne stand, gute Kontakte.<\/p>\n<p id=\"absatz15\" class=\"em_text\">Dass mit den Ch\u00f6ren \u201eTonart 19\u201c im M\u00fcnster, dem neuen Ensemble \u201een Canto\u201c und dem Chor Rodnik nur drei Ch\u00f6re dabei waren, bedauert Losik ebenso wie das Fehlen bildender K\u00fcnstlerinnen und K\u00fcnstler. Das soll sich in Zukunft aber wieder \u00e4ndern.<\/p>\n<p id=\"absatz16\" class=\"em_text\">\u201eWir wollen in absehbarer Zeit zu Treffen der Sparten Musik, bildende Kunst und Literatur einladen, um in Zukunft eine noch gr\u00f6\u00dfere Bandbreite kultureller Aktivit\u00e4ten abbilden zu k\u00f6nnen\u201c, k\u00fcndigt er an. Nach der Kulturnacht ist f\u00fcr den Verein also vor der Kulturnacht.<\/p>\n<p id=\"absatz17\"><b class=\"bold\">\ud83d\udcf1News direkt aufs Smartphone:<\/b><b class=\"bold\"> <\/b><a aria-label=\"Link Kostenloser WhatsApp-Kanal der NW Kreis Herford\" href=\"https:\/\/whatsapp.com\/channel\/0029VahNV1C8Pgs8fuu2FK34\" rel=\"noreferrer noopener\" target=\"_blank\" title=\"https:\/\/whatsapp.com\/channel\/0029vahnv1c8pgs8fuu2fk34\">Kostenloser WhatsApp-Kanal der NW Kreis Herford<\/a><\/p>\n","protected":false},"excerpt":{"rendered":"Herford. Eine volle Markthalle zur Er\u00f6ffnung, viel Musik an vielen Orten, Lesungen und eine auch sp\u00e4tabends belebte Innenstadt&hellip;\n","protected":false},"author":2,"featured_media":457863,"comment_status":"","ping_status":"","sticky":false,"template":"","format":"standard","meta":{"footnotes":""},"categories":[1841],"tags":[4594,1605,102818,3364,29,117721,30,16398,2065,117719,117718,35885,9311,730,1611,16359,4280,9308,9310,101,18741,42768,34366,734,16352,9312,16467,1209,117722,16400,117720,61],"class_list":{"0":"post-457862","1":"post","2":"type-post","3":"status-publish","4":"format-standard","5":"has-post-thumbnail","7":"category-bielefeld","8":"tag-bar","9":"tag-bielefeld","10":"tag-cnt_aufmacher","11":"tag-de","12":"tag-deutschland","13":"tag-elsbachhaus","14":"tag-germany","15":"tag-herford","16":"tag-innenstadt","17":"tag-iris-witte","18":"tag-kulturanker","19":"tag-kulturnacht","20":"tag-label_familie-freizeit","21":"tag-label_grafik","22":"tag-label_informiere-mich","23":"tag-label_inspiriere-mich","24":"tag-label_l-120","25":"tag-label_republish","26":"tag-label_social","27":"tag-lesung","28":"tag-location","29":"tag-markthalle","30":"tag-marta","31":"tag-meta_artikelklasse_nachricht","32":"tag-meta_copyrights_nw_freier_mitarbeiter","33":"tag-meta_themen_familie_bildung_freizeit","34":"tag-meta_userneeds_hilfmir","35":"tag-nordrhein-westfalen","36":"tag-radewig","37":"tag-serie_nlherford","38":"tag-tim-khler","39":"tag-vielfalt"},"share_on_mastodon":{"url":"","error":"Validation failed: Text character limit of 500 exceeded"},"_links":{"self":[{"href":"https:\/\/www.europesays.com\/de\/wp-json\/wp\/v2\/posts\/457862","targetHints":{"allow":["GET"]}}],"collection":[{"href":"https:\/\/www.europesays.com\/de\/wp-json\/wp\/v2\/posts"}],"about":[{"href":"https:\/\/www.europesays.com\/de\/wp-json\/wp\/v2\/types\/post"}],"author":[{"embeddable":true,"href":"https:\/\/www.europesays.com\/de\/wp-json\/wp\/v2\/users\/2"}],"replies":[{"embeddable":true,"href":"https:\/\/www.europesays.com\/de\/wp-json\/wp\/v2\/comments?post=457862"}],"version-history":[{"count":0,"href":"https:\/\/www.europesays.com\/de\/wp-json\/wp\/v2\/posts\/457862\/revisions"}],"wp:featuredmedia":[{"embeddable":true,"href":"https:\/\/www.europesays.com\/de\/wp-json\/wp\/v2\/media\/457863"}],"wp:attachment":[{"href":"https:\/\/www.europesays.com\/de\/wp-json\/wp\/v2\/media?parent=457862"}],"wp:term":[{"taxonomy":"category","embeddable":true,"href":"https:\/\/www.europesays.com\/de\/wp-json\/wp\/v2\/categories?post=457862"},{"taxonomy":"post_tag","embeddable":true,"href":"https:\/\/www.europesays.com\/de\/wp-json\/wp\/v2\/tags?post=457862"}],"curies":[{"name":"wp","href":"https:\/\/api.w.org\/{rel}","templated":true}]}}