{"id":457870,"date":"2025-09-28T21:15:16","date_gmt":"2025-09-28T21:15:16","guid":{"rendered":"https:\/\/www.europesays.com\/de\/457870\/"},"modified":"2025-09-28T21:15:16","modified_gmt":"2025-09-28T21:15:16","slug":"nordrhein-westfalen-mann-in-gelsenkirchener-einkaufszentrum-mit-messer-verletzt","status":"publish","type":"post","link":"https:\/\/www.europesays.com\/de\/457870\/","title":{"rendered":"Nordrhein-Westfalen: Mann in Gelsenkirchener Einkaufszentrum mit Messer verletzt"},"content":{"rendered":"<p>                    Nordrhein-Westfalen<br \/>\n                Mann in Gelsenkirchener Einkaufszentrum mit Messer verletzt<\/p>\n<p>\t\t\t\t              28.09.2025, 20:43 Uhr<\/p>\n<p><strong>Gef\u00e4hrliche K\u00f6rperverletzung in Gelsenkirchen: Ein Mann sticht mehrfach mit dem Messer auf einen anderen ein. Die Polizei richtet eine Mordkommission ein.<\/strong><\/p>\n<p>Gelsenkirchen (dpa\/lnw) &#8211; In der Gelsenkirchener Altstadt ist ein 40 Jahre alter Mann aus Castrop-Rauxel in einem Einkaufszentrum durch mehrere Messerstiche schwer verletzt worden. Beamte nahmen nach Angaben der Polizei in der N\u00e4he des Tatorts einen 23-j\u00e4hrigen Tatverd\u00e4chtigen fest. Die Polizei hat eine Mordkommission eingerichtet und ermittelt, wie die Beh\u00f6rde gemeinsam mit der Staatsanwaltschaft Essen mitteilte. Sie sucht nach Zeugen.<\/p>\n","protected":false},"excerpt":{"rendered":"Nordrhein-Westfalen Mann in Gelsenkirchener Einkaufszentrum mit Messer verletzt 28.09.2025, 20:43 Uhr Gef\u00e4hrliche K\u00f6rperverletzung in Gelsenkirchen: Ein Mann sticht&hellip;\n","protected":false},"author":2,"featured_media":457871,"comment_status":"","ping_status":"","sticky":false,"template":"","format":"standard","meta":{"footnotes":""},"categories":[1839],"tags":[7507,3364,29,10541,99679,30,1980,1981,1209],"class_list":{"0":"post-457870","1":"post","2":"type-post","3":"status-publish","4":"format-standard","5":"has-post-thumbnail","7":"category-bochum","8":"tag-bochum","9":"tag-de","10":"tag-deutschland","11":"tag-einkaufszentrum","12":"tag-gelsenkirchener","13":"tag-germany","14":"tag-mann","15":"tag-messer","16":"tag-nordrhein-westfalen"},"share_on_mastodon":{"url":"https:\/\/pubeurope.com\/@de\/115283999266749747","error":""},"_links":{"self":[{"href":"https:\/\/www.europesays.com\/de\/wp-json\/wp\/v2\/posts\/457870","targetHints":{"allow":["GET"]}}],"collection":[{"href":"https:\/\/www.europesays.com\/de\/wp-json\/wp\/v2\/posts"}],"about":[{"href":"https:\/\/www.europesays.com\/de\/wp-json\/wp\/v2\/types\/post"}],"author":[{"embeddable":true,"href":"https:\/\/www.europesays.com\/de\/wp-json\/wp\/v2\/users\/2"}],"replies":[{"embeddable":true,"href":"https:\/\/www.europesays.com\/de\/wp-json\/wp\/v2\/comments?post=457870"}],"version-history":[{"count":0,"href":"https:\/\/www.europesays.com\/de\/wp-json\/wp\/v2\/posts\/457870\/revisions"}],"wp:featuredmedia":[{"embeddable":true,"href":"https:\/\/www.europesays.com\/de\/wp-json\/wp\/v2\/media\/457871"}],"wp:attachment":[{"href":"https:\/\/www.europesays.com\/de\/wp-json\/wp\/v2\/media?parent=457870"}],"wp:term":[{"taxonomy":"category","embeddable":true,"href":"https:\/\/www.europesays.com\/de\/wp-json\/wp\/v2\/categories?post=457870"},{"taxonomy":"post_tag","embeddable":true,"href":"https:\/\/www.europesays.com\/de\/wp-json\/wp\/v2\/tags?post=457870"}],"curies":[{"name":"wp","href":"https:\/\/api.w.org\/{rel}","templated":true}]}}