{"id":457877,"date":"2025-09-28T21:19:11","date_gmt":"2025-09-28T21:19:11","guid":{"rendered":"https:\/\/www.europesays.com\/de\/457877\/"},"modified":"2025-09-28T21:19:11","modified_gmt":"2025-09-28T21:19:11","slug":"wie-die-extremisten-aus-der-mitte-einen-autoritaeren-praesidenten-staerken","status":"publish","type":"post","link":"https:\/\/www.europesays.com\/de\/457877\/","title":{"rendered":"Wie die \u201eExtremisten aus der Mitte\u201c einen autorit\u00e4ren Pr\u00e4sidenten st\u00e4rken"},"content":{"rendered":"<p>\n            Sie haben vermutlich einen Ad-Blocker aktiviert. Aus diesem Grund k\u00f6nnen die Funktionen des Podcast-Players eingeschr\u00e4nkt sein. Bitte deaktivieren Sie den Ad-Blocker,<br \/>\n            um den Podcast h\u00f6ren zu k\u00f6nnen.\n          <\/p>\n<p>              <img decoding=\"async\" src=\"#\" height=\"50\" alt=\"podcast-image\" class=\"float-left mr-5 h-[50px] w-[50px] rounded shadow-md md:h-[150px] md:w-[150px]\"\/><\/p>\n<p>\n        00:00<br \/>\n        Podcast Progress<\/p>\n<p>        00:00\n      <\/p>\n<ul data-position=\"above\" class=\"absolute z-90 hidden bg-background-300 text-copy-primary\">\n<p>        Facebook<\/p>\n<p>         X <\/p>\n<p>        WhatsApp<\/p>\n<p>        E-Mail<\/p>\n<\/ul>\n","protected":false},"excerpt":{"rendered":"Sie haben vermutlich einen Ad-Blocker aktiviert. Aus diesem Grund k\u00f6nnen die Funktionen des Podcast-Players eingeschr\u00e4nkt sein. Bitte deaktivieren&hellip;\n","protected":false},"author":2,"featured_media":457878,"comment_status":"","ping_status":"","sticky":false,"template":"","format":"standard","meta":{"footnotes":""},"categories":[3977],"tags":[331,332,13,14,15,12,4017,4018,4016,64,4019,4020],"class_list":{"0":"post-457877","1":"post","2":"type-post","3":"status-publish","4":"format-standard","5":"has-post-thumbnail","7":"category-usa","8":"tag-aktuelle-nachrichten","9":"tag-aktuelle-news","10":"tag-headlines","11":"tag-nachrichten","12":"tag-news","13":"tag-schlagzeilen","14":"tag-united-states","15":"tag-united-states-of-america","16":"tag-us","17":"tag-usa","18":"tag-vereinigte-staaten","19":"tag-vereinigte-staaten-von-amerika"},"share_on_mastodon":{"url":"","error":""},"_links":{"self":[{"href":"https:\/\/www.europesays.com\/de\/wp-json\/wp\/v2\/posts\/457877","targetHints":{"allow":["GET"]}}],"collection":[{"href":"https:\/\/www.europesays.com\/de\/wp-json\/wp\/v2\/posts"}],"about":[{"href":"https:\/\/www.europesays.com\/de\/wp-json\/wp\/v2\/types\/post"}],"author":[{"embeddable":true,"href":"https:\/\/www.europesays.com\/de\/wp-json\/wp\/v2\/users\/2"}],"replies":[{"embeddable":true,"href":"https:\/\/www.europesays.com\/de\/wp-json\/wp\/v2\/comments?post=457877"}],"version-history":[{"count":0,"href":"https:\/\/www.europesays.com\/de\/wp-json\/wp\/v2\/posts\/457877\/revisions"}],"wp:featuredmedia":[{"embeddable":true,"href":"https:\/\/www.europesays.com\/de\/wp-json\/wp\/v2\/media\/457878"}],"wp:attachment":[{"href":"https:\/\/www.europesays.com\/de\/wp-json\/wp\/v2\/media?parent=457877"}],"wp:term":[{"taxonomy":"category","embeddable":true,"href":"https:\/\/www.europesays.com\/de\/wp-json\/wp\/v2\/categories?post=457877"},{"taxonomy":"post_tag","embeddable":true,"href":"https:\/\/www.europesays.com\/de\/wp-json\/wp\/v2\/tags?post=457877"}],"curies":[{"name":"wp","href":"https:\/\/api.w.org\/{rel}","templated":true}]}}