{"id":458390,"date":"2025-09-29T02:16:22","date_gmt":"2025-09-29T02:16:22","guid":{"rendered":"https:\/\/www.europesays.com\/de\/458390\/"},"modified":"2025-09-29T02:16:22","modified_gmt":"2025-09-29T02:16:22","slug":"handball-bundesliga-thsv-eisenach-bei-den-fuechsen-berlin-ohne-chance","status":"publish","type":"post","link":"https:\/\/www.europesays.com\/de\/458390\/","title":{"rendered":"Handball-Bundesliga: ThSV Eisenach bei den F\u00fcchsen Berlin ohne Chance"},"content":{"rendered":"<p class=\"paragraph article__item\">Der ThSV Eisenach hat erwartungsgem\u00e4\u00df seine vierte Niederlage in der Handball-Bundesliga kassiert. Die Th\u00fcringer verloren am Sonntagabend vor 8.509 Zuschauern in der Max-Schmeling-Halle gegen den deutschen Meister F\u00fcchse Berlin deutlich mit 23:35 (13:19). <a class=\"rtr-entity\" href=\"https:\/\/www.zeit.de\/thema\/eisenach\" rel=\"nofollow noopener\" target=\"_blank\">Eisenach<\/a> rutscht damit auf Platz 14 ab. Deren bester Werfer waren Felix Aellen mit sechs und Vukasin Antonijevic mit f\u00fcnf Toren.\n<\/p>\n<p>Aktuelles<\/p>\n<p>                <a href=\"https:\/\/www.zeit.de\/sport\/2025-09\/fussball-bundesliga-st-pauli-augsburg\" data-ct-label=\"Fu\u00dfball-Bundesliga: Werder Bremen gewinnt klar gegen Borussia M\u00f6nchengladbach\" rel=\"nofollow noopener\" target=\"_blank\"><\/p>\n<p>                        Fu\u00dfball-Bundesliga:<br \/>\n                        Werder Bremen gewinnt klar gegen Borussia M\u00f6nchengladbach<\/p>\n<p>                <\/a><\/p>\n<p>                <a href=\"https:\/\/www.zeit.de\/sport\/2025-09\/bundesliga-3-spieltag-heidenheim-dortmund-union-berlin-hoffenheim-freiburg-stuttgart-mainz-leipzig\" data-ct-label=\"Bundesliga, 3. Spieltag \u2013 Samstag: Bayern gewinnt deutlich gegen HSV, Dortmund r\u00fcckt auf Platz zwei\" rel=\"nofollow noopener\" target=\"_blank\"><\/p>\n<p>                        Bundesliga, 3. Spieltag \u2013 Samstag:<br \/>\n                        Bayern gewinnt deutlich gegen HSV, Dortmund r\u00fcckt auf Platz zwei<\/p>\n<p>                <\/a><\/p>\n<p>                <a href=\"https:\/\/www.zeit.de\/sport\/2025-09\/bundesliga-rueckschau-koeln-wolfsburg-sandro-wagner\" data-ct-label=\" Bundesligar\u00fcckschau: Klingt jeck, ist aber so\" rel=\"nofollow noopener\" target=\"_blank\"><\/p>\n<p>        Z+ (abopflichtiger Inhalt);<\/p>\n<p>     Bundesligar\u00fcckschau:<br \/>\n                        Klingt jeck, ist aber so<\/p>\n<p>                <\/a><\/p>\n<p class=\"paragraph article__item\">Die F\u00fcchse gingen zwar von Beginn an in F\u00fchrung, aber Eisenach versuchte zun\u00e4chst das Tempo der Berliner mitzugehen. Das ging in den ersten Minuten auch gut. Die G\u00e4ste fanden so im Angriff L\u00f6sungen und da auch die F\u00fcchse sich einige Fehler erlaubten, blieben die G\u00e4ste bis zum 6:8 dran.\n<\/p>\n<p>                Lasse Ludwig bringt Eisenach zur Verzweiflung        <\/p>\n<p class=\"paragraph article__item\">Doch anschlie\u00dfend steigerten sich die Berliner in der Abwehr und Eisenach tat sich immer schwerer, gute Wurfpositionen zu finden. Selbst einen Siebenmeter von F\u00fcchse-Leihgabe Max Beneke landete nicht im Tor. So kassierten sie bis zur 20. Minute einen 1:5-Lauf. Zumindest verhinderte der nun im Tor stehende Silvio Heinevetter einen noch h\u00f6heren R\u00fcckstand zur Pause.\n<\/p>\n<p class=\"paragraph article__item\">Die G\u00e4ste gaben sich auch nach dem Seitenwechsel zun\u00e4chst nicht geschlagen und k\u00e4mpften. N\u00e4her heran kamen sie aber kaum, da sie nun selbst reihenweise an F\u00fcchse-Keeper Lasse Ludwig scheiterten. Zehn Minuten vor Ende war der R\u00fcckstand so auf zehn Tore angewachsen (20:.30) und die Partie vorzeitig entschieden.\n<\/p>\n<p class=\"paragraph article__item\">\u00a9 dpa-infocom, dpa:250928-930-97236\/1<\/p>\n","protected":false},"excerpt":{"rendered":"Der ThSV Eisenach hat erwartungsgem\u00e4\u00df seine vierte Niederlage in der Handball-Bundesliga kassiert. Die Th\u00fcringer verloren am Sonntagabend vor&hellip;\n","protected":false},"author":2,"featured_media":458391,"comment_status":"","ping_status":"","sticky":false,"template":"","format":"standard","meta":{"footnotes":""},"categories":[1825],"tags":[296,29,24490,117821,1933,30,7403,117822,15,34040],"class_list":{"0":"post-458390","1":"post","2":"type-post","3":"status-publish","4":"format-standard","5":"has-post-thumbnail","7":"category-berlin","8":"tag-berlin","9":"tag-deutschland","10":"tag-eisenach","11":"tag-felix-aellen","12":"tag-fuechse-berlin","13":"tag-germany","14":"tag-handball-bundesliga","15":"tag-lasse-ludwig","16":"tag-news","17":"tag-thsv-eisenach"},"share_on_mastodon":{"url":"https:\/\/pubeurope.com\/@de\/115285182663110228","error":""},"_links":{"self":[{"href":"https:\/\/www.europesays.com\/de\/wp-json\/wp\/v2\/posts\/458390","targetHints":{"allow":["GET"]}}],"collection":[{"href":"https:\/\/www.europesays.com\/de\/wp-json\/wp\/v2\/posts"}],"about":[{"href":"https:\/\/www.europesays.com\/de\/wp-json\/wp\/v2\/types\/post"}],"author":[{"embeddable":true,"href":"https:\/\/www.europesays.com\/de\/wp-json\/wp\/v2\/users\/2"}],"replies":[{"embeddable":true,"href":"https:\/\/www.europesays.com\/de\/wp-json\/wp\/v2\/comments?post=458390"}],"version-history":[{"count":0,"href":"https:\/\/www.europesays.com\/de\/wp-json\/wp\/v2\/posts\/458390\/revisions"}],"wp:featuredmedia":[{"embeddable":true,"href":"https:\/\/www.europesays.com\/de\/wp-json\/wp\/v2\/media\/458391"}],"wp:attachment":[{"href":"https:\/\/www.europesays.com\/de\/wp-json\/wp\/v2\/media?parent=458390"}],"wp:term":[{"taxonomy":"category","embeddable":true,"href":"https:\/\/www.europesays.com\/de\/wp-json\/wp\/v2\/categories?post=458390"},{"taxonomy":"post_tag","embeddable":true,"href":"https:\/\/www.europesays.com\/de\/wp-json\/wp\/v2\/tags?post=458390"}],"curies":[{"name":"wp","href":"https:\/\/api.w.org\/{rel}","templated":true}]}}