{"id":458851,"date":"2025-09-29T06:42:12","date_gmt":"2025-09-29T06:42:12","guid":{"rendered":"https:\/\/www.europesays.com\/de\/458851\/"},"modified":"2025-09-29T06:42:12","modified_gmt":"2025-09-29T06:42:12","slug":"lufthansa-plant-abbau-von-4-000-stellen-bis-2030","status":"publish","type":"post","link":"https:\/\/www.europesays.com\/de\/458851\/","title":{"rendered":"Lufthansa plant Abbau von 4.000 Stellen bis 2030"},"content":{"rendered":"<p>                    <strong>eilmeldung<\/strong><\/p>\n<p class=\"metatextline\">Stand: 29.09.2025 08:20 Uhr<\/p>\n<p class=\"textabsatz columns twelve  m-ten  m-offset-one l-eight l-offset-two\">\n        <strong>Die Lufthansa will bis 2030 rund 4.000 Stellen streichen. Der Abbau betrifft laut Konzern vor allem die Verwaltung, nicht die &#8222;operativen Rollen&#8220;. Die verschiedenen Fluggesellschaften sollen enger zusammengefasst werden.<\/strong>\n    <\/p>\n<p class=\"textabsatz m-ten m-offset-one l-eight l-offset-two columns twelve\">Der Lufthansa-Konzern will bis zum Jahr 2030 rund 4.000 Stellen einsparen. Der Fokus des Abbaus liege auf der Verwaltung und nicht auf den &#8222;operativen Rollen&#8220;, erkl\u00e4rte das Unternehmen. Die Prozesse sollen digitalisiert, automatisiert und geb\u00fcndelt werden. Der Konzern konkretisierte damit unbest\u00e4tigte Berichte aus der Vorwoche.\u00a0<\/p>\n<p class=\"textabsatz m-ten m-offset-one l-eight l-offset-two columns twelve\">Zudem werden die mittelfristigen Finanzziele hochgesetzt. Europas gr\u00f6\u00dftes Luftverkehrsunternehmen mit zuletzt rund 103.000 Besch\u00e4ftigten will k\u00fcnftig einen operativen Gewinn (bereinigtes Ebit) von acht bis zehn Prozent des Umsatzes erreichen. Bislang galt die Zielmarke von acht Prozent.\u00a0<\/p>\n<p class=\"textabsatz m-ten m-offset-one l-eight l-offset-two columns twelve\">F\u00fcr das laufende Jahr zeigte sich das Management optimistisch: Der operative Gewinn vor Sonderposten (bereinigtes Ebit) soll den Vorjahreswert von 1,6 Milliarden Euro wie geplant deutlich \u00fcbertreffen.<\/p>\n<p>    Zentrale Steuerung<\/p>\n<p class=\"textabsatz m-ten m-offset-one l-eight l-offset-two columns twelve\">F\u00fcr lukrativere Gesch\u00e4fte sollen die verschiedenen Fluggesellschaften des Konzerns enger zusammengefasst und zentral gesteuert werden. Neben der kriselnden Kernmarke Lufthansa betreibt das Unternehmen die Airlines Swiss, Austrian, Brussels Airlines und ist Minderheiteneigner der italienischen Ita. Die Direktfluggesellschaft Eurowings werde ebenso gest\u00e4rkt wie die Logistik und das Wartungsgesch\u00e4ft, das sich im Wachstumsfeld Verteidigung etablieren soll.\u00a0<\/p>\n<p class=\"textabsatz m-ten m-offset-one l-eight l-offset-two columns twelve\">Ziel aller Ma\u00dfnahmen sei es, das Unternehmen zukunftsf\u00e4hig aufzustellen und nachhaltig attraktive Renditen f\u00fcr die Aktion\u00e4re zu erzielen. Die Aktion\u00e4re k\u00f6nnten weiterhin mit einer Dividende in H\u00f6he von 20 bis 40 Prozent des Konzerngewinns rechnen.\u00a0<\/p>\n<p>    Kommt der n\u00e4chste Piloten-Streik?<\/p>\n<p class=\"textabsatz m-ten m-offset-one l-eight l-offset-two columns twelve\">Zun\u00e4chst muss sich das Management aber auch noch mit einem drohenden Streik der Piloten besch\u00e4ftigen. An diesem Dienstag endet die Urabstimmung der Pilotengewerkschaft Vereinigung Cockpit (VC). Sie hat ihre Mitglieder bei der Lufthansa Kerngesellschaft und der Frachttochter Lufthansa Cargo aufgerufen, \u00fcber einen Arbeitskampf zu entscheiden. Streitpunkt sind die Betriebsrenten. Lufthansa hatte die Forderungen als unbezahlbar abgelehnt.<\/p>\n","protected":false},"excerpt":{"rendered":"eilmeldung Stand: 29.09.2025 08:20 Uhr Die Lufthansa will bis 2030 rund 4.000 Stellen streichen. Der Abbau betrifft laut&hellip;\n","protected":false},"author":2,"featured_media":458852,"comment_status":"","ping_status":"","sticky":false,"template":"","format":"standard","meta":{"footnotes":""},"categories":[5],"tags":[1764,13,14,15,12,10,8,9,11],"class_list":{"0":"post-458851","1":"post","2":"type-post","3":"status-publish","4":"format-standard","5":"has-post-thumbnail","7":"category-nachrichten","8":"tag-eilmeldung","9":"tag-headlines","10":"tag-nachrichten","11":"tag-news","12":"tag-schlagzeilen","13":"tag-top-news","14":"tag-top-meldungen","15":"tag-topmeldungen","16":"tag-topnews"},"share_on_mastodon":{"url":"https:\/\/pubeurope.com\/@de\/115286228534355671","error":""},"_links":{"self":[{"href":"https:\/\/www.europesays.com\/de\/wp-json\/wp\/v2\/posts\/458851","targetHints":{"allow":["GET"]}}],"collection":[{"href":"https:\/\/www.europesays.com\/de\/wp-json\/wp\/v2\/posts"}],"about":[{"href":"https:\/\/www.europesays.com\/de\/wp-json\/wp\/v2\/types\/post"}],"author":[{"embeddable":true,"href":"https:\/\/www.europesays.com\/de\/wp-json\/wp\/v2\/users\/2"}],"replies":[{"embeddable":true,"href":"https:\/\/www.europesays.com\/de\/wp-json\/wp\/v2\/comments?post=458851"}],"version-history":[{"count":0,"href":"https:\/\/www.europesays.com\/de\/wp-json\/wp\/v2\/posts\/458851\/revisions"}],"wp:featuredmedia":[{"embeddable":true,"href":"https:\/\/www.europesays.com\/de\/wp-json\/wp\/v2\/media\/458852"}],"wp:attachment":[{"href":"https:\/\/www.europesays.com\/de\/wp-json\/wp\/v2\/media?parent=458851"}],"wp:term":[{"taxonomy":"category","embeddable":true,"href":"https:\/\/www.europesays.com\/de\/wp-json\/wp\/v2\/categories?post=458851"},{"taxonomy":"post_tag","embeddable":true,"href":"https:\/\/www.europesays.com\/de\/wp-json\/wp\/v2\/tags?post=458851"}],"curies":[{"name":"wp","href":"https:\/\/api.w.org\/{rel}","templated":true}]}}