{"id":458894,"date":"2025-09-29T07:05:16","date_gmt":"2025-09-29T07:05:16","guid":{"rendered":"https:\/\/www.europesays.com\/de\/458894\/"},"modified":"2025-09-29T07:05:16","modified_gmt":"2025-09-29T07:05:16","slug":"schuesse-und-feuer-tote-nach-angriff-in-us-kirche","status":"publish","type":"post","link":"https:\/\/www.europesays.com\/de\/458894\/","title":{"rendered":"Sch\u00fcsse und Feuer &#8211; Tote nach Angriff in US-Kirche"},"content":{"rendered":"<p><img src=\"https:\/\/www.europesays.com\/de\/wp-content\/uploads\/2025\/09\/schuesse-kirche-grand-blanc-usa-100~3840x2160\"  alt=\"Ein Michigan State Trooper steht an der McCandlish Road in der N\u00e4he einer Kirche in Grand Blanc am 28.09.2025 in den USA.\" decoding=\"async\" loading=\"eager\"  style=\"object-fit:cover;object-position:center\" fetchpriority=\"high\" class=\"f1mqliu0\"\/><\/p>\n<p class=\"cqlj8pf c1pbsmr2\">Bei dem Angriff in einer Mormonen-Kirche sind mindestens vier Menschen get\u00f6tet worden. <\/p>\n<p>Quelle: dpa<\/p>\n<p class=\"r1nj4qn5\">Bei einem bewaffneten Angriff w\u00e4hrend eines Gottesdienstes in einer Mormonenkirche im US-Bundesstaat Michigan sind am Sonntag mindestens vier Menschen get\u00f6tet worden. Acht weitere Menschen wurden laut Polizei in der Church of Jesus Christ of Latter-day Saints in Grand Blanc verletzt, einer von ihnen lebensgef\u00e4hrlich.<\/p>\n<p class=\"r1nj4qn5\">Der Angreifer setzte demnach die Kirche in Brand, bevor er von Sicherheitskr\u00e4ften get\u00f6tet wurde. Es sei damit zu rechnen, dass weitere Opfer in den Tr\u00fcmmern gefunden werden, sagte Polizeichef William Renye. Das Kirchengeb\u00e4ude stand stundenlang in Flammen, bevor es gel\u00f6scht wurde.<\/p>\n<p><img decoding=\"async\" loading=\"lazy\" fetchpriority=\"low\" alt=\"Idaho: Sch\u00fcsse auf Feuerwehrleute\" class=\"pei0kpe\"\/><\/p>\n<p class=\"c1pbsmr2\">Schusswaffenangriffe gibt es in den USA immer wieder. Im Juni erschoss ein Mann Feuerwehrleute im Bundesstaat Idaho.<\/p>\n<p>30.06.2025 | 0:18 min<\/p>\n<p>Mann griff Kirche w\u00e4hrend eines Gottesdienstes an<\/p>\n<p class=\"r1nj4qn5\">Bei dem mutma\u00dflichen T\u00e4ter handelte es sich laut Polizei um einen 40-J\u00e4hrigen aus der nahegelegenen Ortschaft Burton. Zum m\u00f6glichen Tatmotiv wurden zun\u00e4chst keine Informationen ver\u00f6ffentlicht.<\/p>\n<p class=\"r1nj4qn5\">Der \u00f6rtliche Polizeichef William Renye sagte Reportern, dass der Verd\u00e4chtige gegen 10.25 Uhr Ortszeit (16.55 Uhr MESZ) mit seinem Fahrzeug die Eingangst\u00fcren der Kirche gerammt habe und dann mit einem Sturmgewehr auf die Menschen im Inneren geschossen habe. Es habe gerade ein Gottesdienst stattgefunden, &#8222;Hunderte von Menschen&#8220; seien in der Kirche gewesen.<\/p>\n<p class=\"r1nj4qn5\">Die Glaubensgemeinschaft der Mormonen, deren Anf\u00fchrer Russell Nelson am Wochenende mit 101 Jahren gestorben war, bezeichnete den Angriff als &#8222;tragischen Akt der Gewalt&#8220;. &#8222;Gottesh\u00e4user sollten Orte des Friedens, der Gebete und der Verbundenheit sein. Wir beten f\u00fcr Frieden und Heilung aller Betroffenen&#8220;, erkl\u00e4rte die Kirche Jesu Christi der Heiligen der letzten Tage im Onlinedienst X.<\/p>\n<p><img decoding=\"async\" loading=\"lazy\" fetchpriority=\"low\" alt=\"Eine Mutter und ihr Kind gedenken der Opfer eines Schulattentats in Minneapolis\" class=\"pei0kpe\"\/><\/p>\n<p class=\"c1pbsmr2\">In Minneapolis starben bei einem Angriff w\u00e4hrend eines Gottesdienstes Ende August zwei Kinder, 17 weitere Menschen wurden verletzt.<\/p>\n<p>28.08.2025 | 0:21 min<\/p>\n<p>Trump \u00e4u\u00dferte sich unmittelbar nach der Tat <\/p>\n<p class=\"r1nj4qn5\">US-Pr\u00e4sident <a data-testid=\"richtext-link\" class=\"b7kurox _nl_\" id=\"4ccafc9e\" href=\"https:\/\/www.zdfheute.de\/thema\/donald-trump-742.html\" rel=\"nofollow noopener\" target=\"_blank\">Donald Trump<\/a> erkl\u00e4rte, es handle sich anscheinend &#8222;um einen weiteren gezielten Angriff auf Christen in den <a data-testid=\"richtext-link\" class=\"b7kurox _nl_\" id=\"58e582a2\" href=\"https:\/\/www.zdfheute.de\/thema\/usa-news-100.html\" rel=\"nofollow noopener\" target=\"_blank\">USA<\/a>&#8222;. Er nannte den Angriff in seinem Onlinedienst Truth Social &#8222;f\u00fcrchterlich&#8220; und forderte: <\/p>\n<blockquote class=\"bosa0j6\">\n<p class=\"tley63f hhhtovw\">Diese Epidemie der Gewalt muss sofort aufh\u00f6ren!<\/p>\n<p>\u201e<\/p><\/blockquote>\n<p class=\"abqjgdv m1lnp037\">Donald Trump, US-Pr\u00e4sident <\/p>\n<p class=\"r1nj4qn5\">Die US-Bundespolizei FBI \u00fcbernahm die Ermittlungen. Der FBI-Beamte Reuben Coleman bezeichnete die Tat bei einer Pressekonferenz als einen &#8222;Akt gezielter Gewalt&#8220;. Justizministerin Pam Bondi wurde nach eigenen Angaben \u00fcber den Vorfall informiert und sprach von &#8222;ersch\u00fctternder und be\u00e4ngstigender Gewalt&#8220;. Vizepr\u00e4sident <a data-testid=\"richtext-link\" class=\"b7kurox _nl_\" id=\"9bf5d9e0\" href=\"https:\/\/www.zdfheute.de\/thema\/j-d-vance-104.html\" rel=\"nofollow noopener\" target=\"_blank\">JD Vance<\/a> bezeichnete die Tat als &#8222;f\u00fcrchterlichen Vorfall&#8220; und rief zu Gebeten f\u00fcr die Opfer und die Ersthelfer auf.<\/p>\n<p><img decoding=\"async\" loading=\"lazy\" fetchpriority=\"low\" alt=\"Anl\u00e4sslich zur Trauerfeier des erschossenen Politaktivisten Charlie Kirk h\u00e4lt US-Pr\u00e4sident Donald Trump bei der Trauerfeier seine Witw, Erika Kirk, in den Armen.\" class=\"pei0kpe\"\/><\/p>\n<p class=\"c1pbsmr2\">Zehntausende Menschen haben bei der Trauerfeier f\u00fcr den Aktivisten Charlie Kirk Abschied genommen. Mit seiner Jugendorganisation warb er f\u00fcr ultrarechte Positionen.<\/p>\n<p>22.09.2025 | 1:35 min<\/p>\n<p>Mehrere Anschl\u00e4ge in vergangenen Monaten <\/p>\n<p class=\"r1nj4qn5\">Am 10. September war im Bundesstaat Utah der<a data-testid=\"richtext-link\" class=\"b7kurox _nl_\" id=\"0d055a22\" href=\"https:\/\/www.zdfheute.de\/politik\/ausland\/charlie-kirk-usa-trauerfeier-trump-vance-100.html\" rel=\"nofollow noopener\" target=\"_blank\"> einflussreiche rechte Aktivist Charlie Kirk ermordet <\/a>worden, der sich f\u00fcr die Verbreitung von Patriotismus, traditioneller Familienwerte und des christlichen Glaubens unter jungen Menschen einsetzte. Trumps Umfeld warf der politischen Linken in den USA nach dem Attentat vor, f\u00fcr ein Klima der Gewalt und &#8222;inl\u00e4ndischen Terrorismus&#8220; verantwortlich zu sein.<\/p>\n<p class=\"r1nj4qn5\">Ende August hatte in Minneapolis im Bundesstaat Minnesota ein <a data-testid=\"richtext-link\" class=\"b7kurox _nl_\" id=\"221cc85b\" href=\"https:\/\/www.zdfheute.de\/politik\/ausland\/minneapolis-schussangriff-terrorverdacht-hass-100.html\" rel=\"nofollow noopener\" target=\"_blank\">Mann w\u00e4hrend eines Gottesdienstes zum Schulanfang<\/a> in eine katholische Kirche gefeuert und zwei Kinder get\u00f6tet. FBI-Chef Kash Patel sprach damals von Ermittlungen wegen eines m\u00f6glichen &#8222;Hassverbrechens gegen Katholiken&#8220;.<\/p>\n<p>Quelle: AFP, AP, dpa<\/p>\n","protected":false},"excerpt":{"rendered":"Bei dem Angriff in einer Mormonen-Kirche sind mindestens vier Menschen get\u00f6tet worden. Quelle: dpa Bei einem bewaffneten Angriff&hellip;\n","protected":false},"author":2,"featured_media":458895,"comment_status":"","ping_status":"","sticky":false,"template":"","format":"standard","meta":{"footnotes":""},"categories":[3977],"tags":[331,332,13,14,15,12,4017,4018,4016,64,4019,4020],"class_list":{"0":"post-458894","1":"post","2":"type-post","3":"status-publish","4":"format-standard","5":"has-post-thumbnail","7":"category-usa","8":"tag-aktuelle-nachrichten","9":"tag-aktuelle-news","10":"tag-headlines","11":"tag-nachrichten","12":"tag-news","13":"tag-schlagzeilen","14":"tag-united-states","15":"tag-united-states-of-america","16":"tag-us","17":"tag-usa","18":"tag-vereinigte-staaten","19":"tag-vereinigte-staaten-von-amerika"},"share_on_mastodon":{"url":"https:\/\/pubeurope.com\/@de\/115286319289217241","error":""},"_links":{"self":[{"href":"https:\/\/www.europesays.com\/de\/wp-json\/wp\/v2\/posts\/458894","targetHints":{"allow":["GET"]}}],"collection":[{"href":"https:\/\/www.europesays.com\/de\/wp-json\/wp\/v2\/posts"}],"about":[{"href":"https:\/\/www.europesays.com\/de\/wp-json\/wp\/v2\/types\/post"}],"author":[{"embeddable":true,"href":"https:\/\/www.europesays.com\/de\/wp-json\/wp\/v2\/users\/2"}],"replies":[{"embeddable":true,"href":"https:\/\/www.europesays.com\/de\/wp-json\/wp\/v2\/comments?post=458894"}],"version-history":[{"count":0,"href":"https:\/\/www.europesays.com\/de\/wp-json\/wp\/v2\/posts\/458894\/revisions"}],"wp:featuredmedia":[{"embeddable":true,"href":"https:\/\/www.europesays.com\/de\/wp-json\/wp\/v2\/media\/458895"}],"wp:attachment":[{"href":"https:\/\/www.europesays.com\/de\/wp-json\/wp\/v2\/media?parent=458894"}],"wp:term":[{"taxonomy":"category","embeddable":true,"href":"https:\/\/www.europesays.com\/de\/wp-json\/wp\/v2\/categories?post=458894"},{"taxonomy":"post_tag","embeddable":true,"href":"https:\/\/www.europesays.com\/de\/wp-json\/wp\/v2\/tags?post=458894"}],"curies":[{"name":"wp","href":"https:\/\/api.w.org\/{rel}","templated":true}]}}