{"id":459887,"date":"2025-09-29T16:15:18","date_gmt":"2025-09-29T16:15:18","guid":{"rendered":"https:\/\/www.europesays.com\/de\/459887\/"},"modified":"2025-09-29T16:15:18","modified_gmt":"2025-09-29T16:15:18","slug":"wohnungsbrand-schnell-geloescht-nachbarin-vorsorglich-im-krankenhaus","status":"publish","type":"post","link":"https:\/\/www.europesays.com\/de\/459887\/","title":{"rendered":"Wohnungsbrand schnell gel\u00f6scht &#8211; Nachbarin vorsorglich im Krankenhaus"},"content":{"rendered":"<p>Am heutigen Nachmittag um 15:23 Uhr wurde die Feuerwehr M\u00f6nchengladbach zu einem gemeldeten Wohnungsbrand alarmiert. Eine aufmerksame Nachbarin hatte Rauch aus einer Wohnung bemerkt, \u00fcber den Notruf die Feuerwehr verst\u00e4ndigt und gleichzeitig weitere Anwohner gewarnt. Dabei atmete sie Rauchgase ein und wurde anschlie\u00dfend vorsorglich durch den Rettungsdienst in ein Krankenhaus gebracht.<\/p>\n<p>Beim Eintreffen der ersten Einsatzkr\u00e4fte drang dichter Rauch aus der betroffenen Wohnung. Da nicht ausgeschlossen werden konnte, dass sich noch eine Person in den R\u00e4umen befindet, ging umgehend ein Trupp unter Atemschutz zur Menschenrettung und Brandbek\u00e4mpfung in die Wohnung vor. Ein weiterer Trupp kontrollierte den Treppenraum. Eine Person wurde in der Wohnung jedoch nicht angetroffen. Das Feuer selbst konnte schnell lokalisiert und unter Kontrolle gebracht werden. Im Anschluss erfolgten umfangreiche L\u00fcftungsma\u00dfnahmen, um die Wohnung vom Brandrauch zu befreien. Die Polizei hat die Ermittlungen zur Brandursache aufgenommen.<\/p>\n<p>Im Einsatz waren der L\u00f6sch- und Hilfeleistungszug der Feuer- und Rettungswache III (Rheydt), ein Hilfeleistungsl\u00f6schfahrzeug der Feuer- und Rettungswache II (Holt), der Abrollbeh\u00e4lter Atemschutz sowie der Abrollbeh\u00e4lter Einsatzstellenhygiene aus dem Technik- und Logistikzentrum (Holt), ein Rettungswagen, ein Notarzteinsatzfahrzeug sowie der F\u00fchrungsdienst der Berufsfeuerwehr.<\/p>\n<p>Einsatzleitung: Brandamtmann Alexander Keuter und Brandoberinspektor Stephan Wawer (Zugf\u00fchrer in Ausbildung).<\/p>\n<p>R\u00fcckfragen bitte an:<\/p>\n<p>Stadt M\u00f6nchengladbach Fachbereich 37 &#8211; Feuerwehr F\u00fchrungs- und Lagezentrum Stockholtweg 132 41238 M\u00f6nchengladbach<\/p>\n<p>Telefon: 02166\/9989-0 Fax: 02166\/9989-37729 E-Mail: leitstelle.feuerwehr@moenchengladbach.de http:\/\/www.feuerwehr-mg.de\/<\/p>\n<p> Original-Content von: Feuerwehr M\u00f6nchengladbach, \u00fcbermittelt durch news aktuell<\/p>\n","protected":false},"excerpt":{"rendered":"Am heutigen Nachmittag um 15:23 Uhr wurde die Feuerwehr M\u00f6nchengladbach zu einem gemeldeten Wohnungsbrand alarmiert. Eine aufmerksame Nachbarin&hellip;\n","protected":false},"author":2,"featured_media":459888,"comment_status":"","ping_status":"","sticky":false,"template":"","format":"standard","meta":{"footnotes":""},"categories":[1849],"tags":[3364,29,548,663,3934,30,13,4455,14,15,1209,12925,12],"class_list":{"0":"post-459887","1":"post","2":"type-post","3":"status-publish","4":"format-standard","5":"has-post-thumbnail","7":"category-moenchengladbach","8":"tag-de","9":"tag-deutschland","10":"tag-eu","11":"tag-europa","12":"tag-europe","13":"tag-germany","14":"tag-headlines","15":"tag-moenchengladbach","16":"tag-nachrichten","17":"tag-news","18":"tag-nordrhein-westfalen","19":"tag-polizeimeldungen","20":"tag-schlagzeilen"},"share_on_mastodon":{"url":"https:\/\/pubeurope.com\/@de\/115288481741896470","error":""},"_links":{"self":[{"href":"https:\/\/www.europesays.com\/de\/wp-json\/wp\/v2\/posts\/459887","targetHints":{"allow":["GET"]}}],"collection":[{"href":"https:\/\/www.europesays.com\/de\/wp-json\/wp\/v2\/posts"}],"about":[{"href":"https:\/\/www.europesays.com\/de\/wp-json\/wp\/v2\/types\/post"}],"author":[{"embeddable":true,"href":"https:\/\/www.europesays.com\/de\/wp-json\/wp\/v2\/users\/2"}],"replies":[{"embeddable":true,"href":"https:\/\/www.europesays.com\/de\/wp-json\/wp\/v2\/comments?post=459887"}],"version-history":[{"count":0,"href":"https:\/\/www.europesays.com\/de\/wp-json\/wp\/v2\/posts\/459887\/revisions"}],"wp:featuredmedia":[{"embeddable":true,"href":"https:\/\/www.europesays.com\/de\/wp-json\/wp\/v2\/media\/459888"}],"wp:attachment":[{"href":"https:\/\/www.europesays.com\/de\/wp-json\/wp\/v2\/media?parent=459887"}],"wp:term":[{"taxonomy":"category","embeddable":true,"href":"https:\/\/www.europesays.com\/de\/wp-json\/wp\/v2\/categories?post=459887"},{"taxonomy":"post_tag","embeddable":true,"href":"https:\/\/www.europesays.com\/de\/wp-json\/wp\/v2\/tags?post=459887"}],"curies":[{"name":"wp","href":"https:\/\/api.w.org\/{rel}","templated":true}]}}