{"id":460162,"date":"2025-09-29T18:45:14","date_gmt":"2025-09-29T18:45:14","guid":{"rendered":"https:\/\/www.europesays.com\/de\/460162\/"},"modified":"2025-09-29T18:45:14","modified_gmt":"2025-09-29T18:45:14","slug":"eintracht-frankfurt-simeone-gesperrt-toppmoeller-mit-verdacht-sport","status":"publish","type":"post","link":"https:\/\/www.europesays.com\/de\/460162\/","title":{"rendered":"Eintracht Frankfurt: Simeone gesperrt! Toppm\u00f6ller mit Verdacht | Sport"},"content":{"rendered":"<p><b>Ist DAS die gro\u00dfe Chance?<\/b><\/p>\n<p>Frankfurt trifft als Tabellenf\u00fchrer der Champions League am Dienstagabend (21 Uhr) auf Atl\u00e9tico Madrid und auf Trainer Diego Simeone (55). Obwohl: Zum direkten Kontakt mit dem argentinischen Hei\u00dfsporn wird es diesmal nicht kommen.<\/p>\n<p>Highlights Union Berlin &#8211; Hamburger SV: HSV feiert Elfer-Killer Heuer Fernandes<a class=\"anchor video-teaser__anchor\" href=\"https:\/\/www.bild.de\/sport\/fussball\/highlights-union-berlin-hamburger-sv-hsv-feiert-elfer-killer-heuer-fernandes-68d9ae303204c86ca0ddc2af\" target=\"_blank\" rel=\"noopener\"><img decoding=\"async\" width=\"992\" height=\"558\" alt=\"Teaser-Bild\" src=\"https:\/\/www.europesays.com\/de\/wp-content\/uploads\/2025\/09\/1474cb3611628587f73379a3fd51ec80-landscape,fe65088\"   class=\"landscape teaser__image\" loading=\"lazy\"\/><\/a><\/p>\n<p>Quelle: DFL \/ BILD29.09.2025<\/p>\n<p><b>Der Grund: Einpeitscher Simeone ist nach seiner Fan-Attacke und Rot in Liverpool (2:3) gesperrt und wird das Spiel nur von der Trib\u00fcne aus verfolgen. <\/b><\/p>\n<p>Ihn wird wohl Co-Trainer Nelson Vivas (55) vertreten. Gut f\u00fcr Eintracht, denn kaum ein Trainer nimmt durch Anweisungen, Reklamieren und Provokationen so viel direkten Einfluss aufs Spiel wie Atl\u00e9ticos Kult-Coach.<\/p>\n<p><b>Sein Gegen\u00fcber Dino Toppm\u00f6ller (44) \u00e4u\u00dfert am Tag vor dem Kracher allerdings einen spannenden Verdacht: \u201eEr wird den ein oder anderen in seinem Trainer-Team instruieren, dass sie, und das meine ich nicht despektierlich, genau dieselbe Show an der Seitenlinie abziehen wie er. Und so das Team antreiben.\u201c<\/b><\/p>\n<p>Toppm\u00f6ller denkt: Simeone wird nicht nur Taktik-Tipps f\u00fcr die Spieler mitgeben. Sondern auch klare Verhaltensvorgaben an seinen Vertreter. St\u00fcrmer Jonathan Burkardt (25) findet es einfach nur schade, dass er fehlt und scherzt: \u201eIch h\u00e4tte das gern mal live an der Seitenlinie miterlebt.\u201c<\/p>\n<p>Mehr zum Thema<\/p>\n<p><b>Als Trainer hat Simeone zu Hause noch nie gegen eine deutsche Mannschaft verloren. Allerdings erlitt er eine empfindliche Niederlage: 2020 im Champions-League-Viertelfinale, beim Corona-Turnier in Lissabon, gegen Leipzig und Trainer Julian Nagelsmann. Leipzig-Co damals: Dino Toppm\u00f6ller. <\/b><\/p>\n<p>Ist jetzt wieder ein Sieg drin? Burkardt mutig: \u201eWarum sollte f\u00fcr uns jetzt nichts drin sein? Wir k\u00f6nnen gegen jeden Gegner gewinnen.\u201c<\/p>\n<p>Es w\u00e4re nicht der erste Eintracht-Sieg. Denn eine von insgesamt nur drei Pleiten gegen deutsche Mannschaften kassierte Atl\u00e9tico gegen die Frankfurter, 1975 im Pokal der Pokalsieger. Doppelpacker beim 2:1-Sieg: Legende Bernd H\u00f6lzenbein.<\/p>\n<p><b>Und: Auch an den angesetzten Schiri \u2013 Slavko Vincic (45) \u2013 hat Eintracht beste Erinnerungen. Der Slowene leitete 2022 das gewonnene Europa-League-Endspiel gegen Glasgow. Und wei\u00df, wozu dieser Klub in einer magischen Euro-Nacht f\u00e4hig ist.<\/b><\/p>\n","protected":false},"excerpt":{"rendered":"Ist DAS die gro\u00dfe Chance? Frankfurt trifft als Tabellenf\u00fchrer der Champions League am Dienstagabend (21 Uhr) auf Atl\u00e9tico&hellip;\n","protected":false},"author":2,"featured_media":460163,"comment_status":"","ping_status":"","sticky":false,"template":"","format":"standard","meta":{"footnotes":""},"categories":[136],"tags":[51687,468,29,460,347,30,51688,265,469,45,462],"class_list":{"0":"post-460162","1":"post","2":"type-post","3":"status-publish","4":"format-standard","5":"has-post-thumbnail","7":"category-sport","8":"tag-atletico-madrid","9":"tag-champions-league","10":"tag-deutschland","11":"tag-eintracht-frankfurt","12":"tag-fussball","13":"tag-germany","14":"tag-simeone-diego","15":"tag-sport","16":"tag-sport-leuchtturm-zentral","17":"tag-texttospeech","18":"tag-toppmoeller-dino"},"share_on_mastodon":{"url":"https:\/\/pubeurope.com\/@de\/115289071631009339","error":""},"_links":{"self":[{"href":"https:\/\/www.europesays.com\/de\/wp-json\/wp\/v2\/posts\/460162","targetHints":{"allow":["GET"]}}],"collection":[{"href":"https:\/\/www.europesays.com\/de\/wp-json\/wp\/v2\/posts"}],"about":[{"href":"https:\/\/www.europesays.com\/de\/wp-json\/wp\/v2\/types\/post"}],"author":[{"embeddable":true,"href":"https:\/\/www.europesays.com\/de\/wp-json\/wp\/v2\/users\/2"}],"replies":[{"embeddable":true,"href":"https:\/\/www.europesays.com\/de\/wp-json\/wp\/v2\/comments?post=460162"}],"version-history":[{"count":0,"href":"https:\/\/www.europesays.com\/de\/wp-json\/wp\/v2\/posts\/460162\/revisions"}],"wp:featuredmedia":[{"embeddable":true,"href":"https:\/\/www.europesays.com\/de\/wp-json\/wp\/v2\/media\/460163"}],"wp:attachment":[{"href":"https:\/\/www.europesays.com\/de\/wp-json\/wp\/v2\/media?parent=460162"}],"wp:term":[{"taxonomy":"category","embeddable":true,"href":"https:\/\/www.europesays.com\/de\/wp-json\/wp\/v2\/categories?post=460162"},{"taxonomy":"post_tag","embeddable":true,"href":"https:\/\/www.europesays.com\/de\/wp-json\/wp\/v2\/tags?post=460162"}],"curies":[{"name":"wp","href":"https:\/\/api.w.org\/{rel}","templated":true}]}}