{"id":460336,"date":"2025-09-29T20:19:14","date_gmt":"2025-09-29T20:19:14","guid":{"rendered":"https:\/\/www.europesays.com\/de\/460336\/"},"modified":"2025-09-29T20:19:14","modified_gmt":"2025-09-29T20:19:14","slug":"cdu-waehlt-vorstand-der-neuen-ratsfraktion","status":"publish","type":"post","link":"https:\/\/www.europesays.com\/de\/460336\/","title":{"rendered":"CDU w\u00e4hlt Vorstand der neuen Ratsfraktion"},"content":{"rendered":"<p class=\"text_ohne_einzug richtext text-em-55 !leading-serif mx-6 desktop:mx-0\">Als letzte der f\u00fcnf Ratsfraktionen, die im neuen Stadtrat vertreten sind, hat die gr\u00f6\u00dfte unter ihnen ihre Spitze gew\u00e4hlt: Am Montag (29. September) trafen sich zun\u00e4chst die Mitglieder der bisherigen Fraktion, die am kommenden Mittwoch noch ihre letzte Ratssitzung vor sich hat. Anschlie\u00dfend kamen die am 14. September bei der <a href=\"https:\/\/rp-online.de\/thema\/kommunalwahl\/\" rel=\"nofollow noopener\" target=\"_blank\">Kommunalwahl<\/a> gew\u00e4hlten Mitglieder zusammen, um zu bestimmen, wer ihnen vorsitzt.<\/p>\n","protected":false},"excerpt":{"rendered":"Als letzte der f\u00fcnf Ratsfraktionen, die im neuen Stadtrat vertreten sind, hat die gr\u00f6\u00dfte unter ihnen ihre Spitze&hellip;\n","protected":false},"author":2,"featured_media":460337,"comment_status":"","ping_status":"","sticky":false,"template":"","format":"standard","meta":{"footnotes":"","_share_on_mastodon":"0"},"categories":[1849],"tags":[31,3364,29,548,663,3934,17015,30,13,51982,45727,4455,14,15,1209,3748,89613,118145,12,67144,45058,7326],"class_list":["post-460336","post","type-post","status-publish","format-standard","has-post-thumbnail","category-moenchengladbach","tag-cdu","tag-de","tag-deutschland","tag-eu","tag-europa","tag-europe","tag-fraktion","tag-germany","tag-headlines","tag-heinrichs","tag-kandidat","tag-moenchengladbach","tag-nachrichten","tag-news","tag-nordrhein-westfalen","tag-oberbuergermeister","tag-ratsfraktion","tag-ratsfraktionen","tag-schlagzeilen","tag-spitze","tag-stichwahl","tag-vertreten"],"share_on_mastodon":{"url":"https:\/\/pubeurope.com\/@de\/115289441329924260","error":""},"_links":{"self":[{"href":"https:\/\/www.europesays.com\/de\/wp-json\/wp\/v2\/posts\/460336","targetHints":{"allow":["GET"]}}],"collection":[{"href":"https:\/\/www.europesays.com\/de\/wp-json\/wp\/v2\/posts"}],"about":[{"href":"https:\/\/www.europesays.com\/de\/wp-json\/wp\/v2\/types\/post"}],"author":[{"embeddable":true,"href":"https:\/\/www.europesays.com\/de\/wp-json\/wp\/v2\/users\/2"}],"replies":[{"embeddable":true,"href":"https:\/\/www.europesays.com\/de\/wp-json\/wp\/v2\/comments?post=460336"}],"version-history":[{"count":0,"href":"https:\/\/www.europesays.com\/de\/wp-json\/wp\/v2\/posts\/460336\/revisions"}],"wp:featuredmedia":[{"embeddable":true,"href":"https:\/\/www.europesays.com\/de\/wp-json\/wp\/v2\/media\/460337"}],"wp:attachment":[{"href":"https:\/\/www.europesays.com\/de\/wp-json\/wp\/v2\/media?parent=460336"}],"wp:term":[{"taxonomy":"category","embeddable":true,"href":"https:\/\/www.europesays.com\/de\/wp-json\/wp\/v2\/categories?post=460336"},{"taxonomy":"post_tag","embeddable":true,"href":"https:\/\/www.europesays.com\/de\/wp-json\/wp\/v2\/tags?post=460336"}],"curies":[{"name":"wp","href":"https:\/\/api.w.org\/{rel}","templated":true}]}}