{"id":460391,"date":"2025-09-29T20:51:18","date_gmt":"2025-09-29T20:51:18","guid":{"rendered":"https:\/\/www.europesays.com\/de\/460391\/"},"modified":"2025-09-29T20:51:18","modified_gmt":"2025-09-29T20:51:18","slug":"db-sperrt-strasse-fuer-baumfaellarbeiten","status":"publish","type":"post","link":"https:\/\/www.europesays.com\/de\/460391\/","title":{"rendered":"DB sperrt Stra\u00dfe f\u00fcr Baumf\u00e4llarbeiten"},"content":{"rendered":"<p>Verkehrsbehinderungen <\/p>\n<p>Br\u00fcckenabriss: DB sperrt Stra\u00dfe f\u00fcr Baumf\u00e4llarbeiten<\/p>\n<p>29.09.2025 &#8211; 17:38 UhrLesedauer: 1 Min.<\/p>\n<p><a href=\"#focus-0\" class=\"transition-colors duration-200 block text-current relative\" data-sctrack=\"FocusGalleryImage.Reference\"><img fetchpriority=\"high\" data-testid=\"Opener.Image\" style=\"--lqipURL:url('https:\/\/images.t-online.de\/2024\/06\/dVygYM94JwIn\/0x209:4000x2250\/fit-in\/150x0\/filters:blur(25)\/ein-regionalzug-der-deutschen-bahn-in-nuernberg-archivbild-offenbar-war-ein-technischer-defekt-ursache-fuer-den-brand.jpg')\"   loading=\"eager\" src=\"https:\/\/www.europesays.com\/de\/wp-content\/uploads\/2025\/06\/ein-regionalzug-der-deutschen-bahn-in-nuernberg-archivbild-offenbar-war-ein-technischer-defekt-ursac.jpeg\" alt=\"Ein Regionalzug der Deutschen Bahn in N\u00fcrnberg (Archivbild): Offenbar war ein technischer Defekt Ursache f\u00fcr den Brand.\" title=\"Ein Regionalzug der Deutschen Bahn in N\u00fcrnberg (Archivbild): Offenbar war ein technischer Defekt Ursache f\u00fcr den Brand.\" width=\"4000\" height=\"2250\" class=\"bg-[url:var(--lqipURL)] bg-cover bg-center flex h-full w-full max-w-full\" decoding=\"async\"\/><img style=\"--width:32;--height:32\" loading=\"lazy\" src=\"https:\/\/www.t-online.de\/s\/paper\/_next\/static\/media\/zoom-in.f7dae02f.svg\" alt=\"Vergr\u00f6\u00dfern des Bildes\" title=\"Vergr\u00f6\u00dfern des Bildes\" class=\"block h-[calc(var(--height)_\/_16_*_1rem)] w-[calc(var(--width)_\/_16_*_1rem)] max-w-none absolute bottom-8 right-8 rounded-4 bg-snow p-8\" decoding=\"async\"\/><\/a><\/p>\n<p>Ein Regionalzug der Deutschen Bahn in N\u00fcrnberg (Archivbild): F\u00fcr einen Br\u00fcckenneubau m\u00fcssen f\u00fcnf Robinien weichen. (Quelle: IMAGO\/Dirk Sattler)<\/p>\n<p class=\"font-bold text-18 leading-17\">In N\u00fcrnberg-Steinb\u00fchl beginnen die Vorarbeiten f\u00fcr den Neubau der Eisenbahnbr\u00fccke &#8222;Port Arthur&#8220;. F\u00fcnf B\u00e4ume m\u00fcssen weichen, die Stra\u00dfe &#8222;An den Rampen&#8220; wird teilweise gesperrt.<\/p>\n<p class=\"text-18 leading-17\">Die <a class=\"transition-colors duration-200 cursor-pointer text-inherit no-underline text-salemsfur md:hover:text-magenta md:hover:border-magenta md:focus:text-magenta border-current border-b border-solid break-words\" href=\"https:\/\/www.t-online.de\/themen\/deutsche-bahn\/\" data-sctrack=\"BodyAnchor\" target=\"_blank\" rel=\"noopener\">Deutsche Bahn<\/a> hat mit den Vorarbeiten f\u00fcr den Neubau der Eisenbahnbr\u00fccke &#8222;Port Arthur&#8220; in N\u00fcrnberg-Steinb\u00fchl begonnen. Nach Angaben der Bahn werden in dieser Woche f\u00fcnf Robinien gef\u00e4llt.<\/p>\n<p class=\"text-18 leading-17\">Die Arbeiten finden vom 1. bis 8. Oktober montags bis freitags zwischen 9 und 15 Uhr an der Stra\u00dfe &#8222;An den Rampen&#8220; statt. W\u00e4hrend dieser Zeit werden die n\u00f6rdliche Fahrspur und der n\u00f6rdliche Parkstreifen der zweispurigen Einbahnstra\u00dfe gesperrt.<\/p>\n<p class=\"text-18 leading-17\">Die eigentlichen Bauma\u00dfnahmen an der Eisenbahnbr\u00fccke, die auf der Strecke von Treuchtlingen nach <a class=\"transition-colors duration-200 cursor-pointer text-inherit no-underline text-salemsfur md:hover:text-magenta md:hover:border-magenta md:focus:text-magenta border-current border-b border-solid break-words\" href=\"https:\/\/www.t-online.de\/region\/nuernberg\/\" data-sctrack=\"BodyAnchor\" target=\"_blank\" rel=\"noopener\">N\u00fcrnberg<\/a> liegt, sind f\u00fcr die Jahre 2026 und 2027 geplant. F\u00fcr die f\u00fcnf gef\u00e4llten Robinien will die DB InfraGO sieben heimische Baumarten als Ersatz pflanzen, darunter Spitz-Ahorne, Winter-Linden und Feld-Ulmen.<\/p>\n<p class=\"text-18 leading-17\">Quelle: Nachrichtenagentur dpa.<\/p>\n","protected":false},"excerpt":{"rendered":"Verkehrsbehinderungen Br\u00fcckenabriss: DB sperrt Stra\u00dfe f\u00fcr Baumf\u00e4llarbeiten 29.09.2025 &#8211; 17:38 UhrLesedauer: 1 Min. Ein Regionalzug der Deutschen Bahn&hellip;\n","protected":false},"author":2,"featured_media":159798,"comment_status":"","ping_status":"","sticky":false,"template":"","format":"standard","meta":{"footnotes":""},"categories":[1837],"tags":[722,17161,31129,772,22139,4489,3364,2030,29,16097,30,2190,3783,118148,31127,13175,113533],"class_list":{"0":"post-460391","1":"post","2":"type-post","3":"status-publish","4":"format-standard","5":"has-post-thumbnail","7":"category-nuernberg","8":"tag-722","9":"tag-17161","10":"tag-baumfaellarbeit","11":"tag-bayern","12":"tag-brueckenabriss","13":"tag-brueckenneubau","14":"tag-de","15":"tag-deutsche-bahn","16":"tag-deutschland","17":"tag-eisenbahnbruecke","18":"tag-germany","19":"tag-neubau","20":"tag-nuernberg","21":"tag-port-arthur","22":"tag-robinie","23":"tag-verkehrsbehinderung","24":"tag-vorarbeit"},"share_on_mastodon":{"url":"https:\/\/pubeurope.com\/@de\/115289567405500095","error":""},"_links":{"self":[{"href":"https:\/\/www.europesays.com\/de\/wp-json\/wp\/v2\/posts\/460391","targetHints":{"allow":["GET"]}}],"collection":[{"href":"https:\/\/www.europesays.com\/de\/wp-json\/wp\/v2\/posts"}],"about":[{"href":"https:\/\/www.europesays.com\/de\/wp-json\/wp\/v2\/types\/post"}],"author":[{"embeddable":true,"href":"https:\/\/www.europesays.com\/de\/wp-json\/wp\/v2\/users\/2"}],"replies":[{"embeddable":true,"href":"https:\/\/www.europesays.com\/de\/wp-json\/wp\/v2\/comments?post=460391"}],"version-history":[{"count":0,"href":"https:\/\/www.europesays.com\/de\/wp-json\/wp\/v2\/posts\/460391\/revisions"}],"wp:featuredmedia":[{"embeddable":true,"href":"https:\/\/www.europesays.com\/de\/wp-json\/wp\/v2\/media\/159798"}],"wp:attachment":[{"href":"https:\/\/www.europesays.com\/de\/wp-json\/wp\/v2\/media?parent=460391"}],"wp:term":[{"taxonomy":"category","embeddable":true,"href":"https:\/\/www.europesays.com\/de\/wp-json\/wp\/v2\/categories?post=460391"},{"taxonomy":"post_tag","embeddable":true,"href":"https:\/\/www.europesays.com\/de\/wp-json\/wp\/v2\/tags?post=460391"}],"curies":[{"name":"wp","href":"https:\/\/api.w.org\/{rel}","templated":true}]}}