{"id":460449,"date":"2025-09-29T21:22:14","date_gmt":"2025-09-29T21:22:14","guid":{"rendered":"https:\/\/www.europesays.com\/de\/460449\/"},"modified":"2025-09-29T21:22:14","modified_gmt":"2025-09-29T21:22:14","slug":"giovanni-zarrella-gewaehrt-privaten-einblick-so-niedlich-war-er-als-kind","status":"publish","type":"post","link":"https:\/\/www.europesays.com\/de\/460449\/","title":{"rendered":"Giovanni Zarrella gew\u00e4hrt privaten Einblick \u2013 so niedlich war er als Kind"},"content":{"rendered":"<p>TV-Star wird nostalgisch<\/p>\n<p>Giovanni Zarrella teilt seltene Aufnahme \u2013 so niedlich war er als Kind<\/p>\n<p><img decoding=\"async\" data-hk=\"00932120a12011002010\" loading=\"lazy\" src=\"https:\/\/www.europesays.com\/de\/wp-content\/uploads\/2025\/09\/1759180931_873_94d366d2-8a2b-48d8-8a33-22c2590da661.6b5e3a04-cfe5-4fe4-b63a-962595413abc.jpg\" alt=\"Privat\" width=\"48\" height=\"48\"\/>Nori Holstvon <a href=\"https:\/\/www.bunte.de\/autoren\/nori-holst_572bfaaf-337c-422f-aba6-dbea6c317ffe.html\" rel=\"nofollow noopener\" target=\"_blank\">Nori Holst<\/a><\/p>\n<p>29.09.2025, 21:59 Uhr<\/p>\n<p>29. September 2025 um 21:59 Uhr<\/p>\n<p>F\u00fcr Giovanni Zarrella steht die Familie \u00fcber allem. Zum Geburtstag seiner \u00e4lteren Schwester \u00fcberrascht der Schlagerstar nun mit einem seltenen Kindheitsfoto.<\/p>\n<p>S\u00e4nger <a href=\"https:\/\/www.bunte.de\/starprofile\/giovanni-zarrella.html\" rel=\"follow nofollow noopener\" target=\"_self\">Giovanni Zarrella<\/a> (47) hat auf Instagram ein besonderes Foto aus seiner Kindheit geteilt. Damit gratulierte er seiner Schwester auf liebevolle Weise zum Geburtstag. Und nimmt seine Fans mit auf eine kleine Zeitreise.<\/p>\n<p>Giovanni Zarrella teilt s\u00fc\u00dfes Kindheitsfoto<\/p>\n<p>In seiner Instagram-Story vom Montag (29. September) gew\u00e4hrte Giovanni Zarrella einen seltenen Blick in seine Kindheit. Auf dem nostalgischen Schnappschuss ist der kleine Giovanni in einem wei\u00dfen Hemd zu sehen \u2013 brav l\u00e4chelnd neben seiner Schwester Maria, die ein schwarzes Kleid mit wei\u00dfem Kragen tr\u00e4gt.<\/p>\n<p>ANZEIGE<\/p>\n<p>Im Hintergrund l\u00e4uft der Song \u00a0&#8222;Il mio giorno preferito&#8220; von Italo-Popstar Eros Ramazzotti (61).\u00a0<\/p>\n<p><img decoding=\"async\" data-hk=\"00932120a19150302010\" loading=\"lazy\"  src=\"https:\/\/www.europesays.com\/de\/wp-content\/uploads\/2025\/09\/01953d1c-e18c-4309-ad78-5496b4e36e9f.e63f407b-6b84-4b93-b234-07d96745719a.png\"  alt=\"Giovanni Zarrellas Instagram-Story vom 29.09.2025.\" width=\"438\" height=\"720\"\/> Giovanni Zarrellas Instagram-Story vom 29.09.2025.  Instagram\/giovannizarrella ZDF-Star Zarrella richtet liebevolle Worte an seine Schwester<\/p>\n<p>Dazu schreibt Giovanni: &#8222;Happy Birthday, Schwesterherz. Ich liebe dich sehr und werde immer f\u00fcr dich und deine wundervolle Tochter da sein&#8220;, und erinnert zugleich an ihre enge Geschwisterbindung: &#8222;Seit ich denken kann, gibt es dich in meinem Leben. Ti Amo.&#8220;<\/p>\n","protected":false},"excerpt":{"rendered":"TV-Star wird nostalgisch Giovanni Zarrella teilt seltene Aufnahme \u2013 so niedlich war er als Kind Nori Holstvon Nori&hellip;\n","protected":false},"author":2,"featured_media":460450,"comment_status":"","ping_status":"","sticky":false,"template":"","format":"standard","meta":{"footnotes":""},"categories":[1776],"tags":[1801,29,214,30,1802,215],"class_list":{"0":"post-460449","1":"post","2":"type-post","3":"status-publish","4":"format-standard","5":"has-post-thumbnail","7":"category-prominente","8":"tag-celebrities","9":"tag-deutschland","10":"tag-entertainment","11":"tag-germany","12":"tag-prominente","13":"tag-unterhaltung"},"share_on_mastodon":{"url":"https:\/\/pubeurope.com\/@de\/115289689226787337","error":""},"_links":{"self":[{"href":"https:\/\/www.europesays.com\/de\/wp-json\/wp\/v2\/posts\/460449","targetHints":{"allow":["GET"]}}],"collection":[{"href":"https:\/\/www.europesays.com\/de\/wp-json\/wp\/v2\/posts"}],"about":[{"href":"https:\/\/www.europesays.com\/de\/wp-json\/wp\/v2\/types\/post"}],"author":[{"embeddable":true,"href":"https:\/\/www.europesays.com\/de\/wp-json\/wp\/v2\/users\/2"}],"replies":[{"embeddable":true,"href":"https:\/\/www.europesays.com\/de\/wp-json\/wp\/v2\/comments?post=460449"}],"version-history":[{"count":0,"href":"https:\/\/www.europesays.com\/de\/wp-json\/wp\/v2\/posts\/460449\/revisions"}],"wp:featuredmedia":[{"embeddable":true,"href":"https:\/\/www.europesays.com\/de\/wp-json\/wp\/v2\/media\/460450"}],"wp:attachment":[{"href":"https:\/\/www.europesays.com\/de\/wp-json\/wp\/v2\/media?parent=460449"}],"wp:term":[{"taxonomy":"category","embeddable":true,"href":"https:\/\/www.europesays.com\/de\/wp-json\/wp\/v2\/categories?post=460449"},{"taxonomy":"post_tag","embeddable":true,"href":"https:\/\/www.europesays.com\/de\/wp-json\/wp\/v2\/tags?post=460449"}],"curies":[{"name":"wp","href":"https:\/\/api.w.org\/{rel}","templated":true}]}}